{"id":124071,"date":"2025-12-29T17:55:11","date_gmt":"2025-12-29T17:55:11","guid":{"rendered":"https:\/\/www.europesays.com\/no\/124071\/"},"modified":"2025-12-29T17:55:11","modified_gmt":"2025-12-29T17:55:11","slug":"magnus-carlsen-sjakk-magnus-carlsen-tapte-i-lynsjakk-vm-etter-kjempetabbe","status":"publish","type":"post","link":"https:\/\/www.europesays.com\/no\/124071\/","title":{"rendered":"Magnus Carlsen, Sjakk | Magnus Carlsen tapte i lynsjakk-VM etter kjempetabbe"},"content":{"rendered":"\n<p>Magnus Carlsen tapte den nest siste kampen mandag mot Fabiano Caruana.<\/p>\n<p>Carlsen misset totalt og gjorde en stor feil som s\u00f8rget for at han tapte. Caruana omtalte det selv som en \u00absjokkerende feil\u00bb av nordmannen etter partiet.<\/p>\n<p>\u2013 Han hadde lite tid og s\u00e5 hallusinerte han. Trolig kunne han holdt unna til remis, men med tiden, s\u00e5 var han i en veldig farlig situasjon. Og jeg tar selvsagt et gratis t\u00e5rn, sier han til NRK.<\/p>\n<p>\u2013 Det var en s\u00e5 sjokkerende feil. At han bare gir opp et t\u00e5rn slikt, sier Caruana.<\/p>\n<p>\u2013 Det var et sjokk?<\/p>\n<p>\u2013 Ja.<\/p>\n<p>    Vil du se neste video?<\/p>\n<p>    <a href=\"https:\/\/www.nettavisen.no\/nyheter\/usas-president-donald-trump-med-alvorlig-trussel-blir-det-siste-han-gjor\/v\/5-95-2796322\" class=\"recommend-poster\" data-adp-clicklabel=\"video-recommend\" data-adp-clickvalue=\"poster\" rel=\"nofollow noopener\" target=\"_blank\"><br \/>\n      <img decoding=\"async\" width=\"200\" height=\"200\" loading=\"lazy\" src=\"https:\/\/www.europesays.com\/no\/wp-content\/uploads\/2025\/12\/Trump+til+cue+2.jpg\" alt=\"\" class=\"brick-c-cFOWSL\" style=\"--brick-image-ratio: 200 \/ 200;\"\/><\/p>\n<p>Trump med alvorlig trussel: \u2013 Blir det siste han gj\u00f8r0:53<\/p>\n<p>    <\/a><\/p>\n<p>        Den ferske hurtigsjakk-verdensmesteren Magnus Carlsen gikk p\u00e5 sitt f\u00f8rste tap i lynsjakk-VM mot Arjun Erigaisi da han mistet dronningen i gulvet i sluttfasen (NTB).<br \/>\n        Enorm tabbe<\/p>\n<p>\u2013 En av de aller st\u00f8rste tabbene vi har sett fra v\u00e5r mester, sier NRKs sjakkekspert Torstein Bae.<\/p>\n<p>Den ferske hurtigsjakk-verdensmesteren Magnus Carlsen gikk p\u00e5 sitt f\u00f8rste tap i lynsjakk-VM mot Arjun Erigaisi da han mistet dronningen i gulvet i sluttfasen tidligere mandag.<\/p>\n<p>S\u00f8ndag vant Carlsen VM i hurtigsjakk for sjette gang. Mandag startet jakten p\u00e5 \u00e5 forsvare fjor\u00e5rets tittel i lynsjakk i Qatar.<\/p>\n<p>Nordmannen ligger i toppsjiktet p\u00e5 resultatlista, men gikk p\u00e5 en blemme i parti ni. Mot indiske Arjun Erigaisi mistet Carlsen dronningen i gulvet med f\u00e5 sekunder igjen p\u00e5 klokka og nordmannen endte med \u00e5 tape partiet p\u00e5 tid.<\/p>\n<p>Det var det f\u00f8rste tapet til Carlsen s\u00e5 langt i lynsjakk-VM. 35-\u00e5ringen st\u00e5r med 6,5 poeng med fire partier igjen mandag.<\/p>\n<p>Norsk duell<\/p>\n<p>Dagen startet med en komfortabel seier i f\u00f8rste runde mot 16 \u00e5r gamle Marco Materia fra Frankrike. Franskmannen, som vant U16-EM i fjor, hadde overtaket i starten, men fikk kjenne p\u00e5 Carlsens rutine og tapte til slutt p\u00e5 tid.<\/p>\n<p>Deretter slo Carlsen norske H\u00e5vard Haug (15) i parti to.<\/p>\n<p>\u2013 H\u00e5vard viser at han er en mann \u00e5 regne med, sa NRKs sjakkekspert Torstein Bae etter den helnorske duellen.<\/p>\n<p>Kom i shorts<\/p>\n<p>Carlsen fortsatte med \u00e5 beseire Daniel Dharda i parti tre, f\u00f8r dagens f\u00f8rste poengtap kom i det neste med remis mot Javokhir Sindarov.<\/p>\n<p>Pranav Anand ble s\u00e5 sl\u00e5tt i parti fem, f\u00f8r den sterke ukraineren Oleksandr Bortnyk klarte \u00e5 holde den norske superstjernen til remis i sjette runde.<\/p>\n<p>\u2013 Jeg sliter veldig, veldig med tempoet. Det er litt det samme som etter et par runder. Scoren er bra, men jeg har ikke noe flyt i det hele tatt, sa en litt oppgitt Carlsen til NRK etter den sistnevnte remisen.<\/p>\n<p>Carlsen vant med hvite brikker mot Saleh Salem, f\u00f8r det ble remis mot Jorden van Forest i parti \u00e5tte. Da spilte nordmannen med svarte brikker. Deretter kom tapet mot Erigaisi.<\/p>\n<p>Vil ikke lage br\u00e5k<\/p>\n<p>Carlsen ankom arenaen i shorts mandag, men fikk mer representable beinkl\u00e6r p\u00e5 plass til det f\u00f8rste partiet. I VM i fjor ble det br\u00e5k da sjakkstjernen m\u00f8tte opp i jeans. Han h\u00f8rte ikke p\u00e5 advarslene fra Det internasjonale sjakkforbundet (Fide). Til slutt \u00e5pnet Fide for \u00e5 tillate Carlsen jeans.<\/p>\n<p>16 \u00e5r gamle Materia, som var Carlsens motstander i f\u00f8rste parti, m\u00f8tte opp i hettegenser til m\u00f8tet med nordmannen.<\/p>\n<p>\u2013 Det virker ikke som om arrang\u00f8ren og Fide har lyst til \u00e5 lage mer br\u00e5k om dette med kl\u00e6r i \u00e5r, sa Bae.<\/p>\n<p>Jager tittel<\/p>\n<p>Det skal spilles totalt 13 runder mandag. Tirsdag f\u00f8lger seks nye runder, f\u00f8r det blir semifinaler med de fire beste.<\/p>\n<p>Carlsen vant fjor\u00e5rets VM i lynsjakk etter en historisk avgj\u00f8relse. Han endte opp med \u00e5 dele tittelen sammen med Jan Nepomnjasjtsjij.<\/p>\n<p>Carlsen st\u00e5r med \u00e5tte VM-titler i lynsjakk, flere enn noen andre.<\/p>\n<p>I lynsjakk f\u00e5r spillerne tre minutters tenketid. De f\u00e5r i tillegg to sekunder ekstra per trekk.<\/p>\n","protected":false},"excerpt":{"rendered":"Magnus Carlsen tapte den nest siste kampen mandag mot Fabiano Caruana. Carlsen misset totalt og gjorde en stor&hellip;\n","protected":false},"author":2,"featured_media":124072,"comment_status":"","ping_status":"","sticky":false,"template":"","format":"standard","meta":{"footnotes":""},"categories":[59],"tags":[30,28,29,83,82],"class_list":{"0":"post-124071","1":"post","2":"type-post","3":"status-publish","4":"format-standard","5":"has-post-thumbnail","7":"category-sport","8":"tag-no","9":"tag-norge","10":"tag-norway","11":"tag-sport","12":"tag-sports"},"share_on_mastodon":{"url":"https:\/\/pubeurope.com\/@no\/115804145154658166","error":""},"_links":{"self":[{"href":"https:\/\/www.europesays.com\/no\/wp-json\/wp\/v2\/posts\/124071","targetHints":{"allow":["GET"]}}],"collection":[{"href":"https:\/\/www.europesays.com\/no\/wp-json\/wp\/v2\/posts"}],"about":[{"href":"https:\/\/www.europesays.com\/no\/wp-json\/wp\/v2\/types\/post"}],"author":[{"embeddable":true,"href":"https:\/\/www.europesays.com\/no\/wp-json\/wp\/v2\/users\/2"}],"replies":[{"embeddable":true,"href":"https:\/\/www.europesays.com\/no\/wp-json\/wp\/v2\/comments?post=124071"}],"version-history":[{"count":0,"href":"https:\/\/www.europesays.com\/no\/wp-json\/wp\/v2\/posts\/124071\/revisions"}],"wp:featuredmedia":[{"embeddable":true,"href":"https:\/\/www.europesays.com\/no\/wp-json\/wp\/v2\/media\/124072"}],"wp:attachment":[{"href":"https:\/\/www.europesays.com\/no\/wp-json\/wp\/v2\/media?parent=124071"}],"wp:term":[{"taxonomy":"category","embeddable":true,"href":"https:\/\/www.europesays.com\/no\/wp-json\/wp\/v2\/categories?post=124071"},{"taxonomy":"post_tag","embeddable":true,"href":"https:\/\/www.europesays.com\/no\/wp-json\/wp\/v2\/tags?post=124071"}],"curies":[{"name":"wp","href":"https:\/\/api.w.org\/{rel}","templated":true}]}}