{"id":124073,"date":"2025-12-29T18:01:33","date_gmt":"2025-12-29T18:01:33","guid":{"rendered":"https:\/\/www.europesays.com\/no\/124073\/"},"modified":"2025-12-29T18:01:33","modified_gmt":"2025-12-29T18:01:33","slug":"iran-anslas-a-ha-doblet-antallet-henrettelser-i-2025","status":"publish","type":"post","link":"https:\/\/www.europesays.com\/no\/124073\/","title":{"rendered":"Iran ansl\u00e5s \u00e5 ha doblet antallet henrettelser i 2025"},"content":{"rendered":"\n<p class=\"_lead_o9xde_2 _lead_xtcu6_50 layout-component text-serif-m layout-normal text-serif-l layout-component layout-wide layout-padded _wide_17hqh_1 layout-padded\">Antallet henrettelser i Iran i \u00e5r ansl\u00e5s \u00e5 ha mer enn doblet seg sammenlignet med 2024, if\u00f8lge organisasjonen Iran Human Rights (IHR).<\/p>\n<ul aria-hidden=\"true\" class=\"_images_ntbth_112\">\n<li><a class=\"_link_ntbth_117\" href=\"https:\/\/www.vg.no\/forfatter\/ntb\" style=\"z-index:1\" title=\"NTB\" rel=\"nofollow noopener\" target=\"_blank\"><img alt=\"Bilde av NTB\" class=\"_image_ntbth_93\" fetchpriority=\"low\" loading=\"lazy\" decoding=\"async\" itemprop=\"image\"  src=\"https:\/\/www.europesays.com\/no\/wp-content\/uploads\/2025\/12\/1767031293_699_c33980b0-5d07-4027-84a1-813f90a7c8d6.png\"  width=\"480\"\/><\/a><\/li>\n<\/ul>\n<p> Oppdatert mandag 29. desember kl. 06:27     <\/p>\n<p class=\"_paragraph_o9xde_4 _paragraph_xtcu6_10 layout-component text-serif-m layout-normal text-serif-m layout-padded\"> Organisasjonen, som holder til i Oslo, opplyser til <a href=\"https:\/\/www.bbc.com\/news\/articles\/c3v1g227p4xo\" class=\"_link_o9xde_39\" rel=\"nofollow noopener\" target=\"_blank\">BBC <\/a> at de i starten av desember hadde bekreftet minst 1500 henrettelser i \u00e5r \u2013 og at mange flere har funnet sted etter dette.<\/p>\n<p class=\"_paragraph_o9xde_4 _paragraph_xtcu6_10 layout-component text-serif-m layout-normal text-serif-m layout-padded\">I hele 2024 klarte IHR \u00e5 f\u00e5 bekreftet 975 henrettelser. Det er en viss usikkerhet til tallene ettersom iranske myndigheter ikke gir offisielle tall, men if\u00f8lge BBC har andre grupper som f\u00f8lger utviklingen, rapportert om en lignende tendens.<\/p>\n<p class=\"_paragraph_o9xde_4 _paragraph_xtcu6_10 layout-component text-serif-m layout-normal text-serif-m layout-padded\">If\u00f8lge aktivistene bruker <a href=\"https:\/\/www.vg.no\/tag\/iran?utm_source=vg-article&amp;utm_medium=auto-tagger&amp;utm_campaign=9pvG6w\" class=\"_link_o9xde_39\" rel=\"nofollow noopener\" target=\"_blank\">Iran<\/a> n\u00e5 d\u00f8dsstraff i st\u00f8rre grad enn p\u00e5 noe annet tidspunkt i l\u00f8pet av de siste tre ti\u00e5rene.<\/p>\n<p class=\"_paragraph_o9xde_4 _paragraph_xtcu6_10 layout-component text-serif-m layout-normal text-serif-m layout-padded\">Iran har tidligere forsvart sin bruk av d\u00f8dsstraff, som den if\u00f8lge eget utsagn bare bruker til de \u00abmest alvorlige forbrytelsene\u00bb, skriver BBC.<\/p>\n","protected":false},"excerpt":{"rendered":"Antallet henrettelser i Iran i \u00e5r ansl\u00e5s \u00e5 ha mer enn doblet seg sammenlignet med 2024, if\u00f8lge organisasjonen&hellip;\n","protected":false},"author":2,"featured_media":124074,"comment_status":"","ping_status":"","sticky":false,"template":"","format":"standard","meta":{"footnotes":""},"categories":[10],"tags":[20,21,3512,24,25,15,3228,22,23,13,30,28,29,14,16,26,27],"class_list":{"0":"post-124073","1":"post","2":"type-post","3":"status-publish","4":"format-standard","5":"has-post-thumbnail","7":"category-norge","8":"tag-breaking-news","9":"tag-breakingnews","10":"tag-dodsstraff","11":"tag-featured-news","12":"tag-featurednews","13":"tag-headlines","14":"tag-iran","15":"tag-latest-news","16":"tag-latestnews","17":"tag-news","18":"tag-no","19":"tag-norge","20":"tag-norway","21":"tag-nyheter","22":"tag-overskrifter","23":"tag-top-stories","24":"tag-topstories"},"share_on_mastodon":{"url":"https:\/\/pubeurope.com\/@no\/115804168743066059","error":""},"_links":{"self":[{"href":"https:\/\/www.europesays.com\/no\/wp-json\/wp\/v2\/posts\/124073","targetHints":{"allow":["GET"]}}],"collection":[{"href":"https:\/\/www.europesays.com\/no\/wp-json\/wp\/v2\/posts"}],"about":[{"href":"https:\/\/www.europesays.com\/no\/wp-json\/wp\/v2\/types\/post"}],"author":[{"embeddable":true,"href":"https:\/\/www.europesays.com\/no\/wp-json\/wp\/v2\/users\/2"}],"replies":[{"embeddable":true,"href":"https:\/\/www.europesays.com\/no\/wp-json\/wp\/v2\/comments?post=124073"}],"version-history":[{"count":0,"href":"https:\/\/www.europesays.com\/no\/wp-json\/wp\/v2\/posts\/124073\/revisions"}],"wp:featuredmedia":[{"embeddable":true,"href":"https:\/\/www.europesays.com\/no\/wp-json\/wp\/v2\/media\/124074"}],"wp:attachment":[{"href":"https:\/\/www.europesays.com\/no\/wp-json\/wp\/v2\/media?parent=124073"}],"wp:term":[{"taxonomy":"category","embeddable":true,"href":"https:\/\/www.europesays.com\/no\/wp-json\/wp\/v2\/categories?post=124073"},{"taxonomy":"post_tag","embeddable":true,"href":"https:\/\/www.europesays.com\/no\/wp-json\/wp\/v2\/tags?post=124073"}],"curies":[{"name":"wp","href":"https:\/\/api.w.org\/{rel}","templated":true}]}}