{"id":124078,"date":"2025-12-29T18:08:08","date_gmt":"2025-12-29T18:08:08","guid":{"rendered":"https:\/\/www.europesays.com\/no\/124078\/"},"modified":"2025-12-29T18:08:08","modified_gmt":"2025-12-29T18:08:08","slug":"blalys-trafikk-trafikkulykke-pa-e10-veien-er-stengt","status":"publish","type":"post","link":"https:\/\/www.europesays.com\/no\/124078\/","title":{"rendered":"Bl\u00e5lys, Trafikk | Trafikkulykke p\u00e5 E10 \u2013 veien er stengt"},"content":{"rendered":"\n<p>\u00c9n personbil med tre personer er involvert i ei ulykke i 80-sonen ved Hattnestunnelen s\u00f8r for Fiskeb\u00f8l mandag ettermiddag.<\/p>\n<p>\u2013 Politiet rykker ut etter melding om trafikkulykke, opplyser operasjonsleder i Nordland politidistrikt May Wenche Hansen klokka 17.55.<\/p>\n<p>N\u00f8detatene var p\u00e5 det tidspunktet p\u00e5 vei til stedet.<\/p>\n<p>Det skal if\u00f8lge en Lofotposten-tipser ha oppst\u00e5tt en kollisjon inni tunnelen.<\/p>\n<p>Dette bekrefter Hansen til Lofotposten en time etter den f\u00f8rste meldinga om ulykka:<\/p>\n<p>\u2013 Bilen skal ha kj\u00f8rt inn i tunnelveggen, og det framst\u00e5r som om den har kryssa veibanen. Derfor vil f\u00f8reren sannsynligvis f\u00e5 beslaglagt f\u00f8rerkortet, sier Hansen.<\/p>\n<p>N\u00f8detatene jobber fremdeles p\u00e5 stedet, blant annet har politiet avh\u00f8r. Det er if\u00f8lge politiet ikke meldt om alvorlig personskade under ulykken.<\/p>\n<p>\u2013 Etter kollisjonen skal en person ha g\u00e5tt ut av bilen, sklidd og f\u00e5tt skader i en fot, sier Hansen.<\/p>\n<p>Veien er fortsatt stengt klokken 19:00, men bilberger er varslet og p\u00e5 vei, if\u00f8lge Hansen.<\/p>\n","protected":false},"excerpt":{"rendered":"\u00c9n personbil med tre personer er involvert i ei ulykke i 80-sonen ved Hattnestunnelen s\u00f8r for Fiskeb\u00f8l mandag&hellip;\n","protected":false},"author":2,"featured_media":9634,"comment_status":"","ping_status":"","sticky":false,"template":"","format":"standard","meta":{"footnotes":""},"categories":[10],"tags":[36,2840,20,21,24,25,14673,1107,15,22,23,13,30,28,29,14,16,1510,26,27,224],"class_list":{"0":"post-124078","1":"post","2":"type-post","3":"status-publish","4":"format-standard","5":"has-post-thumbnail","7":"category-norge","8":"tag-art","9":"tag-blalys","10":"tag-breaking-news","11":"tag-breakingnews","12":"tag-featured-news","13":"tag-featurednews","14":"tag-fiskebol","15":"tag-hadsel","16":"tag-headlines","17":"tag-latest-news","18":"tag-latestnews","19":"tag-news","20":"tag-no","21":"tag-norge","22":"tag-norway","23":"tag-nyheter","24":"tag-overskrifter","25":"tag-story","26":"tag-top-stories","27":"tag-topstories","28":"tag-trafikk"},"share_on_mastodon":{"url":"https:\/\/pubeurope.com\/@no\/115804196286626841","error":""},"_links":{"self":[{"href":"https:\/\/www.europesays.com\/no\/wp-json\/wp\/v2\/posts\/124078","targetHints":{"allow":["GET"]}}],"collection":[{"href":"https:\/\/www.europesays.com\/no\/wp-json\/wp\/v2\/posts"}],"about":[{"href":"https:\/\/www.europesays.com\/no\/wp-json\/wp\/v2\/types\/post"}],"author":[{"embeddable":true,"href":"https:\/\/www.europesays.com\/no\/wp-json\/wp\/v2\/users\/2"}],"replies":[{"embeddable":true,"href":"https:\/\/www.europesays.com\/no\/wp-json\/wp\/v2\/comments?post=124078"}],"version-history":[{"count":0,"href":"https:\/\/www.europesays.com\/no\/wp-json\/wp\/v2\/posts\/124078\/revisions"}],"wp:featuredmedia":[{"embeddable":true,"href":"https:\/\/www.europesays.com\/no\/wp-json\/wp\/v2\/media\/9634"}],"wp:attachment":[{"href":"https:\/\/www.europesays.com\/no\/wp-json\/wp\/v2\/media?parent=124078"}],"wp:term":[{"taxonomy":"category","embeddable":true,"href":"https:\/\/www.europesays.com\/no\/wp-json\/wp\/v2\/categories?post=124078"},{"taxonomy":"post_tag","embeddable":true,"href":"https:\/\/www.europesays.com\/no\/wp-json\/wp\/v2\/tags?post=124078"}],"curies":[{"name":"wp","href":"https:\/\/api.w.org\/{rel}","templated":true}]}}