{"id":124079,"date":"2025-12-29T18:09:08","date_gmt":"2025-12-29T18:09:08","guid":{"rendered":"https:\/\/www.europesays.com\/no\/124079\/"},"modified":"2025-12-29T18:09:08","modified_gmt":"2025-12-29T18:09:08","slug":"gigantisk-carlsen-tabbe-sjokkerende","status":"publish","type":"post","link":"https:\/\/www.europesays.com\/no\/124079\/","title":{"rendered":"Gigantisk Carlsen-tabbe: &#8211; Sjokkerende"},"content":{"rendered":"<p> Magnus Carlsen, som er regjerende mester i lynsjakk-VM og som s\u00f8ndag sikret karrierens sjette VM-tittel i hurtigsjakk, har gjort de tolv f\u00f8rste partiene i \u00e5rets utgave av VM i lynsjakk. <\/p>\n<p>Lommed\u00f8len innledet mandagen med tre strake seire, f\u00f8r han m\u00e5tte n\u00f8ye seg med remis i parti fire. Carlsen slo deretter tilbake med seier i det femte partiet, f\u00f8r det neste ga remis.<\/p>\n<p>\u2013 Jeg sliter veldig, veldig med tempoet. Jeg har ikke noe flyt i det hele tatt, sa Carlsen til NRK etter det sjette partiet.\u00a0<\/p>\n<p>Etter seier og remis i parti sju og \u00e5tte, kom dagens f\u00f8rste tap mot Arjun Erigaisi. Da mistet Carlsen dronningen sin i gulvet p\u00e5 slutten av partiet:<\/p>\n<p>Det tiende partiet endte med remis mot Aleksandr Grisjtsjuk, f\u00f8r han vant sitt ellevte parti.\u00a0<\/p>\n<p>I mandagens nest siste parti tapte Carlsen mot Fabiano Caruana etter en feil av de helt sjeldne.\u00a0<\/p>\n<p>\u2013 Den underliggende \u00e5rsaken er at jeg sliter med \u00e5 finne tempoet, og jeg klarer ikke \u00e5 holde hodet kaldt i de vanskelige situasjonene. Det er den st\u00f8rste indikatoren p\u00e5 om dagsformen er god eller ikke, sa Carlsen til NRK.\u00a0<\/p>\n<p>\u2013 Det var ikke bra nok. Ikke i det hele tatt, fortsatte sjakkesset.<\/p>\n<p>\u2013 Det er \u00e9n av de aller st\u00f8rste tabbene vi har sett fra Carlsen.\u00a0Hva var det han gjorde her? Det er noe med tiden som gj\u00f8r at han mister hodet, sa NRKs sjakkekspert Torstein Bae.<\/p>\n<p>Heller ikke Caruana selv forstod s\u00e6rlig mye.<\/p>\n<p>\u2013\u00a0Han hadde lite tid. Han kunne trolig holdt unna til remis, men med s\u00e5 lite tid var han i en veldig farlig situasjon. Jeg tar selvsagt et gratis t\u00e5rn, sa Caruana til NRK.<\/p>\n<p data-lab-font_weight=\"bold\" class=\"bold m-bold\">\u2013 Det var en s\u00e5 sjokkerende feil. At han bare gir opp et t\u00e5rn slikt, fortsatte amerikaneren.<\/p>\n<p>Carlsen avsluttet dagen med seier mot Teimour Radjabov.<\/p>\n<p>Dermed har Carlsen ni poeng etter tolv partier. Erigaisi, Maxim Vachier-Lagrave og Caruana er i delt ledelse med ti poeng.<\/p>\n<p>\u2013 Jeg har litt \u00e5 ta igjen i morgen, men sjansen er der. Jeg h\u00e5per det g\u00e5r bedre da, sa Carlsen etter mandagens siste parti.<\/p>\n<p>Tirsdag skal det spilles ytterligere seks partier, f\u00f8r de fire beste sammenlagt g\u00e5r videre til semifinale.<\/p>\n<p>Carlsen jakter sin niende VM-tittel i lynsjakk. Den \u00e5ttende kom i New York i fjor.<\/p>\n","protected":false},"excerpt":{"rendered":"Magnus Carlsen, som er regjerende mester i lynsjakk-VM og som s\u00f8ndag sikret karrierens sjette VM-tittel i hurtigsjakk, har&hellip;\n","protected":false},"author":2,"featured_media":124080,"comment_status":"","ping_status":"","sticky":false,"template":"","format":"standard","meta":{"footnotes":""},"categories":[5],"tags":[20,21,24,25,15,19,22,23,17,18,13,30,28,29,14,16,26,27],"class_list":{"0":"post-124079","1":"post","2":"type-post","3":"status-publish","4":"format-standard","5":"has-post-thumbnail","7":"category-overskrifter","8":"tag-breaking-news","9":"tag-breakingnews","10":"tag-featured-news","11":"tag-featurednews","12":"tag-headlines","13":"tag-hovedoppslag","14":"tag-latest-news","15":"tag-latestnews","16":"tag-main-news","17":"tag-mainnews","18":"tag-news","19":"tag-no","20":"tag-norge","21":"tag-norway","22":"tag-nyheter","23":"tag-overskrifter","24":"tag-top-stories","25":"tag-topstories"},"share_on_mastodon":{"url":"https:\/\/pubeurope.com\/@no\/115804200232156691","error":""},"_links":{"self":[{"href":"https:\/\/www.europesays.com\/no\/wp-json\/wp\/v2\/posts\/124079","targetHints":{"allow":["GET"]}}],"collection":[{"href":"https:\/\/www.europesays.com\/no\/wp-json\/wp\/v2\/posts"}],"about":[{"href":"https:\/\/www.europesays.com\/no\/wp-json\/wp\/v2\/types\/post"}],"author":[{"embeddable":true,"href":"https:\/\/www.europesays.com\/no\/wp-json\/wp\/v2\/users\/2"}],"replies":[{"embeddable":true,"href":"https:\/\/www.europesays.com\/no\/wp-json\/wp\/v2\/comments?post=124079"}],"version-history":[{"count":0,"href":"https:\/\/www.europesays.com\/no\/wp-json\/wp\/v2\/posts\/124079\/revisions"}],"wp:featuredmedia":[{"embeddable":true,"href":"https:\/\/www.europesays.com\/no\/wp-json\/wp\/v2\/media\/124080"}],"wp:attachment":[{"href":"https:\/\/www.europesays.com\/no\/wp-json\/wp\/v2\/media?parent=124079"}],"wp:term":[{"taxonomy":"category","embeddable":true,"href":"https:\/\/www.europesays.com\/no\/wp-json\/wp\/v2\/categories?post=124079"},{"taxonomy":"post_tag","embeddable":true,"href":"https:\/\/www.europesays.com\/no\/wp-json\/wp\/v2\/tags?post=124079"}],"curies":[{"name":"wp","href":"https:\/\/api.w.org\/{rel}","templated":true}]}}