{"id":124085,"date":"2025-12-29T18:14:08","date_gmt":"2025-12-29T18:14:08","guid":{"rendered":"https:\/\/www.europesays.com\/no\/124085\/"},"modified":"2025-12-29T18:14:08","modified_gmt":"2025-12-29T18:14:08","slug":"kinas-militaerovelse-kan-ramme-over-100-000-flypassasjerer","status":"publish","type":"post","link":"https:\/\/www.europesays.com\/no\/124085\/","title":{"rendered":"Kinas milit\u00e6r\u00f8velse kan ramme over 100.000 flypassasjerer"},"content":{"rendered":"\n<p class=\"_lead_o9xde_2 _lead_xtcu6_50 layout-component text-serif-m layout-normal text-serif-l layout-component layout-wide layout-padded _wide_17hqh_1 layout-padded\">Nesten 950 flyavganger forventes \u00e5 bli rammet som f\u00f8lge av Kinas milit\u00e6r\u00f8velse i luftrommet rundt Taiwan tirsdag.<\/p>\n<ul aria-hidden=\"true\" class=\"_images_ntbth_112\">\n<li><a class=\"_link_ntbth_117\" href=\"https:\/\/www.vg.no\/forfatter\/ntb\" style=\"z-index:1\" title=\"NTB\" rel=\"nofollow noopener\" target=\"_blank\"><img alt=\"Bilde av NTB\" class=\"_image_ntbth_93\" fetchpriority=\"low\" loading=\"lazy\" decoding=\"async\" itemprop=\"image\"  src=\"https:\/\/www.europesays.com\/no\/wp-content\/uploads\/2025\/12\/1767032048_516_c33980b0-5d07-4027-84a1-813f90a7c8d6.png\"  width=\"480\"\/><\/a><\/li>\n<\/ul>\n<p> Oppdatert mandag 29. desember kl. 17:00     <\/p>\n<p class=\"_paragraph_o9xde_4 _paragraph_xtcu6_10 layout-component text-serif-m layout-normal text-serif-m layout-padded\">857 internasjonale flygninger vil bli rammet og 84 innenlandsflygninger innstilt, opplyser Taiwans luftfartsmyndigheter (CAA). <\/p>\n<p class=\"_paragraph_o9xde_4 _paragraph_xtcu6_10 layout-component text-serif-m layout-normal text-serif-m layout-padded\">Fra tirsdag morgen lokal tid opprettes det sju midlertidige faresoner rundt Taiwanstredet. Der vil det v\u00e6re forbudt med flytrafikk fram til klokken 18 tirsdag kveld. Internasjonale flygninger i omr\u00e5det vil bli veiledet rundt faresonene eller f\u00e5 utstedt alternative ruter, if\u00f8lge myndighetene.<\/p>\n<p class=\"_paragraph_o9xde_4 _paragraph_xtcu6_10 layout-component text-serif-m layout-normal text-serif-m layout-padded\">Kina er mandag i gang med en milit\u00e6r\u00f8velse i farvannene og luftrommet rundt Taiwan. If\u00f8lge en uttalelse fra Kina skal b\u00e5de h\u00e6ren, marinen, flyv\u00e5penet og landets rakettstyrke delta i \u00f8velsen.<\/p>\n<p class=\"_paragraph_o9xde_4 _paragraph_xtcu6_10 layout-component text-serif-m layout-normal layout-padded\"><strong class=\"_strong_o9xde_25\">Les ogs\u00e5:<\/strong> <a href=\"https:\/\/www.vg.no\/i\/gk7y09\" data-track-element-type=\"Link\" data-track-id=\"link:gk7y09\" class=\"_link_o9xde_39\" rel=\"nofollow noopener\" target=\"_blank\">Kina har startet milit\u00e6r\u00f8velse rundt Taiwan<\/a><\/p>\n<p class=\"_paragraph_o9xde_4 _paragraph_xtcu6_10 layout-component text-serif-m layout-normal text-serif-m layout-padded\">\u00d8velsen ble kun varslet en dag i forveien, som er et brudd p\u00e5 internasjonale regler satt av FN-organet International Civil Aviation Organization (ICAO), p\u00e5peker CAA. If\u00f8lge disse reglene skal \u00f8velser som p\u00e5virker flytrafikk varsles minst sju dager i forveien. <\/p>\n<p class=\"_paragraph_o9xde_4 _paragraph_xtcu6_10 layout-component text-serif-m layout-normal text-serif-m layout-padded\">Taiwanske luftfartsmyndigheter uttalte mandag morgen norsk tid at flysikkerheten p\u00e5virkes i alvorlig grad av milit\u00e6r\u00f8velsen. De ser p\u00e5 \u00f8velsen som \u00abmilit\u00e6r skremselstaktikk\u00bb og mener den \u00f8ker spenningen i regionen. Taiwans forsvarsdepartement har gitt \u00f8yas styrker godkjenning til \u00e5 respondere p\u00e5 \u00abtrusselforhold\u00bb.<\/p>\n","protected":false},"excerpt":{"rendered":"Nesten 950 flyavganger forventes \u00e5 bli rammet som f\u00f8lge av Kinas milit\u00e6r\u00f8velse i luftrommet rundt Taiwan tirsdag. Oppdatert&hellip;\n","protected":false},"author":2,"featured_media":124086,"comment_status":"","ping_status":"","sticky":false,"template":"","format":"standard","meta":{"footnotes":""},"categories":[12],"tags":[20,21,24,25,15,22,23,13,30,28,29,14,16,26,27,42,43,44,45],"class_list":{"0":"post-124085","1":"post","2":"type-post","3":"status-publish","4":"format-standard","5":"has-post-thumbnail","7":"category-verden","8":"tag-breaking-news","9":"tag-breakingnews","10":"tag-featured-news","11":"tag-featurednews","12":"tag-headlines","13":"tag-latest-news","14":"tag-latestnews","15":"tag-news","16":"tag-no","17":"tag-norge","18":"tag-norway","19":"tag-nyheter","20":"tag-overskrifter","21":"tag-top-stories","22":"tag-topstories","23":"tag-verden","24":"tag-world","25":"tag-world-news","26":"tag-worldnews"},"share_on_mastodon":{"url":"https:\/\/pubeurope.com\/@no\/115804219876990123","error":""},"_links":{"self":[{"href":"https:\/\/www.europesays.com\/no\/wp-json\/wp\/v2\/posts\/124085","targetHints":{"allow":["GET"]}}],"collection":[{"href":"https:\/\/www.europesays.com\/no\/wp-json\/wp\/v2\/posts"}],"about":[{"href":"https:\/\/www.europesays.com\/no\/wp-json\/wp\/v2\/types\/post"}],"author":[{"embeddable":true,"href":"https:\/\/www.europesays.com\/no\/wp-json\/wp\/v2\/users\/2"}],"replies":[{"embeddable":true,"href":"https:\/\/www.europesays.com\/no\/wp-json\/wp\/v2\/comments?post=124085"}],"version-history":[{"count":0,"href":"https:\/\/www.europesays.com\/no\/wp-json\/wp\/v2\/posts\/124085\/revisions"}],"wp:featuredmedia":[{"embeddable":true,"href":"https:\/\/www.europesays.com\/no\/wp-json\/wp\/v2\/media\/124086"}],"wp:attachment":[{"href":"https:\/\/www.europesays.com\/no\/wp-json\/wp\/v2\/media?parent=124085"}],"wp:term":[{"taxonomy":"category","embeddable":true,"href":"https:\/\/www.europesays.com\/no\/wp-json\/wp\/v2\/categories?post=124085"},{"taxonomy":"post_tag","embeddable":true,"href":"https:\/\/www.europesays.com\/no\/wp-json\/wp\/v2\/tags?post=124085"}],"curies":[{"name":"wp","href":"https:\/\/api.w.org\/{rel}","templated":true}]}}