{"id":124089,"date":"2025-12-29T18:16:12","date_gmt":"2025-12-29T18:16:12","guid":{"rendered":"https:\/\/www.europesays.com\/no\/124089\/"},"modified":"2025-12-29T18:16:12","modified_gmt":"2025-12-29T18:16:12","slug":"skammelig-a-vaere-vitne-til","status":"publish","type":"post","link":"https:\/\/www.europesays.com\/no\/124089\/","title":{"rendered":"&#8211; Skammelig \u00e5 v\u00e6re vitne til"},"content":{"rendered":"<p class=\"kicker \" style=\"\">Sivert Guttorm Bakken 1998-2025<\/p>\n<p>  Da kompisen ringte, l\u00f8p Vetle Sj\u00e5stad Christiansen (33) ut i bilen. N\u00e5 forteller han om sjokket og raser mot spekulasjonene etter Sivert Guttorm Bakkens d\u00f8d.<\/p>\n<p>\n    MISTET KOMPISEN: Vetle Sj\u00e5stad Christiansen (t.v) \u00e5pner opp om d\u00f8dsfallet til Sivert Guttorm Bakken. Her avbildet sammen etter sprinten i EM i januar. Guttorm Bakken tok gullet foran Sj\u00e5stad Christiansen, som gikk EM fordi han ble vraket til VM. Foto: Emil S\u00f8rg\u00e5rd \/ Norges Skiskytterforbund\n  <\/p>\n<p>    Kort fortalt<\/p>\n<ul lang=\"nb-NO\">\n<li>Vetle Sj\u00e5stad Christiansen mottok sjokkbeskjeden om Sivert Guttorm Bakkens d\u00f8d lille julaften.<\/li>\n<li>Bakken ble funnet d\u00f8d p\u00e5 et hotellrom i Italia, og d\u00f8ds\u00e5rsaken er enn\u00e5 ikke kjent.<\/li>\n<li>Sj\u00e5stad Christiansen uttrykker frustrasjon over spekulasjoner rundt Bakkens d\u00f8d og helseproblemer etter covid-vaksinen.<\/li>\n<li>Landslaget planlegger \u00e5 samles f\u00f8r neste konkurranse for \u00e5 st\u00f8tte hverandre i sorgen.<\/li>\n<\/ul>\n<p class=\"italic ai-disclaimer\" data-lab-italic=\"italic\">Sammendraget er laget av ChatGPT og godkjent av Dagbladet.<\/p>\n<p>      Vis mer<br \/>\n      Vis mindre<\/p>\n<p>&#8211; Det har v\u00e6rt den j\u00e6vligste jula noensinne. <\/p>\n<p> Sj\u00e5stad Christiansen hadde akkurat kommet hjem til Geilo for juleferie da lagkamerat Johannes Dale-Skjevdal ringte med den tragiske beskjeden om at <a href=\"https:\/\/www.dagbladet.no\/sport\/funnet-dod\/84024202\" rel=\"nofollow noopener\" target=\"_blank\">Sivert Guttorm Bakken var funnet d\u00f8d p\u00e5 hotellrommet sitt i Lavaze<\/a>.\u00a0<\/p>\n<p class=\"font-weight-bold m-font-weight-bold\" data-lab-font_weight=\"font-weight-bold\">&#8211; F\u00f8rst spurte han om alt gikk fint, og hvor jeg var, men jeg h\u00f8rte jo med en gang at det var noe som ikke stemte. Og s\u00e5 fortalte han det, sier Sj\u00e5stad Christiansen til Dagbladet. \u00a0<\/p>\n<p> 33-\u00e5ringen har f\u00e5tt mange henvendelser siden det ufattelige skjedde lille julaften, men f\u00f8rst n\u00e5 orker han \u00e5 sette ord p\u00e5 det. S\u00f8ndag kveld hadde landslaget m\u00f8te om hvordan de blant annet skulle m\u00f8te mediene den neste tida. <\/p>\n<p class=\"italic m-italic\" data-lab-italic=\"italic\">&#8211; Hvordan reagerer man p\u00e5 en s\u00e5nn telefon?<\/p>\n<p class=\"no_italic m-no_italic\" data-lab-italic=\"\">&#8211; Jeg m\u00e5tte l\u00f8pe ut til bilen og sette meg helt alene. Jeg var helt i sjokk og trodde ikke p\u00e5 det. Dale m\u00e5tte si at det stemte, og at det ikke var tull. Det var veldig vanskelig \u00e5 tro p\u00e5.<\/p>\n<p>        <img loading=\"lazy\" decoding=\"async\" src=\"https:\/\/www.europesays.com\/no\/wp-content\/uploads\/2025\/12\/84037790.webp.webp\" width=\"667\" height=\"381\" title=\"VAR TILBAKE: Under sesong\u00e5pningen p\u00e5 Sjusj\u00f8en i november 2024 var Sivert Guttorm Bakken endelig tilbake i konkurranse. I flere \u00e5r sleit han med ettervirkningene av covid-vaksinen. Foto: Stian With \/ Dagbladet\" alt=\"\" class=\"\" style=\"--aspect-ratio-image: 1.75; \"\/><\/p>\n<p>\n        VAR TILBAKE: Under sesong\u00e5pningen p\u00e5 Sjusj\u00f8en i november 2024 var Sivert Guttorm Bakken endelig tilbake i konkurranse. I flere \u00e5r sleit han med ettervirkningene av covid-vaksinen. Foto: Stian With \/ Dagbladet\n    <\/p>\n<p>\u00c5pner opp om den siste samtalen\t<\/p>\n<p>Avd\u00f8de Bakken dro rett fra siste verdenscup i Frankrike til et planlagt h\u00f8ydeopphold i Italia, sammen med blant andre verdenscupleder Johan-Olav Botn. Lille julaften ble Bakken funnet d\u00f8d p\u00e5 hotellrommet sitt i Italia, <a href=\"https:\/\/www.dagbladet.no\/sport\/funnet-dod-hadde-pa-hoydemaske\/84025743\" rel=\"nofollow noopener\" target=\"_blank\">med h\u00f8ydemaske p\u00e5<\/a>.<\/p>\n<p> Karrierens h\u00f8ydepunkt kom i 2022, da han vant fellesstarten i verdenscupen i Holmenkollen &#8211; hans f\u00f8rste og eneste seier i verdenscupen. <\/p>\n<p>D\u00f8ds\u00e5rsaken er ikke kjent, og den forel\u00f8pige obduksjonsrapporten er ventet denne uken. Dagbladet har v\u00e6rt i kontakt med Botn, som ikke \u00f8nsker \u00e5 uttale seg f\u00f8r obduksjonsrapporten foreligger.<\/p>\n<p>    <a itemprop=\"url\" href=\"https:\/\/www.dagbladet.no\/sport\/en-sjokk-beskjed\/84031404\" rel=\"nofollow noopener\" target=\"_blank\"><\/p>\n<p>        <img loading=\"lazy\" decoding=\"async\" src=\"https:\/\/www.europesays.com\/no\/wp-content\/uploads\/2025\/12\/84031409.webp.webp\" width=\"980\" height=\"441\" title=\"- En sjokk-beskjed\" alt=\"\" class=\"lazyload\" style=\"--aspect-ratio-image: 2.22; \"\/><\/p>\n<p>        &#8211; En sjokk-beskjed<\/p>\n<p>    <\/a><\/p>\n<p>Sj\u00e5stad Christiansen forteller om sin aller siste samtale med Bakken. Etter m\u00e5lgang p\u00e5 fellesstarten i Le Grand-Bornand hadde landslaget bare 45 minutter f\u00f8r bussen skulle kj\u00f8re i retning flyplassen.<\/p>\n<p>I hui og hast tok de hverandre i h\u00e5nda:<\/p>\n<p>&#8211; Jeg sa til ham: \u00abGod jul. Ta det pent n\u00e5. Ikke tren for mye, og lytt til kroppen. N\u00e5 gjelder det \u00e5 trene rolig og fint\u00bb, forteller han om det som skulle vise seg \u00e5 bli deres aller siste samtale. <\/p>\n<p>&#8211; Og n\u00e5 er han ikke her lenger. Det er vanskelig \u00e5 tro p\u00e5.<\/p>\n<p>        <img loading=\"lazy\" decoding=\"async\" src=\"https:\/\/www.europesays.com\/no\/wp-content\/uploads\/2025\/12\/84038027.webp.webp\" width=\"980\" height=\"559\" title=\"MINNESTUND: Det ble avholdt minnestund for Sivert Guttorm Bakken i Lillehammer kirke p\u00e5 kvelden lille julaften med kriseteamet p\u00e5 Lillehammer, prest og politi tilstede. Foto: Geir Olsen \/ NTB\" alt=\"\" class=\"\" style=\"--aspect-ratio-image: 1.75; \"\/><\/p>\n<p>\n        MINNESTUND: Det ble avholdt minnestund for Sivert Guttorm Bakken i Lillehammer kirke p\u00e5 kvelden lille julaften med kriseteamet p\u00e5 Lillehammer, prest og politi tilstede. Foto: Geir Olsen \/ NTB\n    <\/p>\n<p>Kraftig oppgj\u00f8r\t<\/p>\n<p> Bakken var en del av rekruttlandslaget denne sesongen, etter \u00e5 ha kjempet seg gjennom flere \u00e5r med sykdom.<\/p>\n<p>I 2024 fortalte han om helseproblemer i et intervju med NRK. En hjertebetennelse satte ham p\u00e5 sidelinja i to sesonger, og tidligere hadde han blitt operert for hjerteflimmer. <\/p>\n<p>&#8211; Betennelsen kom etter tredje dose med covidvaksinen. Jeg merket at noe var galt, for kroppen var helt elendig, sa han til <a href=\"https:\/\/www.nrk.no\/innlandet\/sivert-bakken-som-er-tilbake-i-trening-etter-hjertebetennelse-vil-tilbake-til-toppen-1.16791768\" rel=\"nofollow noopener\" target=\"_blank\">NRK<\/a>.<\/p>\n<p>        LAVAZE, ITALIA: Dagbladets reporter er p\u00e5 plass utenfor hotellet der skiskytter Sivert Guttorm Bakken (27) ble funnet d\u00f8d p\u00e5 lille julaften. Reporter: Sondre Nodland<\/p>\n<p class=\"no_italic m-no_italic\" data-lab-italic=\"\"> Umiddelbart etter at d\u00f8dsfallet ble kjent, ble X og andre kommentarfelt fylt av mennesker som spekulerte i om d\u00f8dsfallet kunne knyttes til helseproblemene han fikk etter covid-vaksinen. <\/p>\n<p class=\"no_italic m-no_italic font-weight-bold m-font-weight-bold\" data-lab-italic=\"\" data-lab-font_weight=\"font-weight-bold\">Det synes Sj\u00e5stad Christiansen sv\u00e6rt lite om.\u00a0<\/p>\n<p class=\"no_italic m-no_italic\" data-lab-italic=\"\">&#8211; Jeg f\u00e5r jo ikke med meg s\u00e5 veldig mye. Jeg har pr\u00f8vd \u00e5 begrense meg til Instagram og sosiale medier, men litt har jeg jo sveipet over. Og der synes jeg det er mange som b\u00f8r g\u00e5 og skamme seg.\u00a0<\/p>\n<p class=\"no_italic m-no_italic\" data-lab-italic=\"\">Han fortsetter:\u00a0<\/p>\n<p class=\"no_italic m-no_italic\" data-lab-italic=\"\">&#8211; At man bruker et d\u00f8dsfall s\u00e5 tidlig \u2026 Gutten har ikke kommet hjem til Norge engang, han er ikke obdusert. Og s\u00e5 skal man spekulere i et d\u00f8dsfall for \u00e5 argumentere for en mening man allerede hadde fra f\u00f8r, bare dager etter at en ung gutt har d\u00f8dd. Det synes jeg er skammelig \u00e5 v\u00e6re vitne til. <\/p>\n<p>        <img loading=\"lazy\" decoding=\"async\" src=\"https:\/\/www.europesays.com\/no\/wp-content\/uploads\/2025\/12\/84038107.webp.webp\" width=\"667\" height=\"594\" title=\"UTE I FLERE SESONGER: Sivert Guttorm Bakken var utenfor konkurranse og trening i flere \u00e5r etter at han fikk hjertemuskelbetennelse etter covid-vaksine. Dette bildet delte han med Dagbladet i fjor. Foto: Privat\" alt=\"\" class=\"\" style=\"--aspect-ratio-image: 1.12; \"\/><\/p>\n<p>\n        UTE I FLERE SESONGER: Sivert Guttorm Bakken var utenfor konkurranse og trening i flere \u00e5r etter at han fikk hjertemuskelbetennelse etter covid-vaksine. Dette bildet delte han med Dagbladet i fjor. Foto: Privat\n    <\/p>\n<p>Diskuterte h\u00f8ydetelt\t<\/p>\n<p>Guttorm Bakken ble funnet med h\u00f8ydemaske p\u00e5. Sj\u00e5stad Christiansen har tidligere fors\u00f8kt h\u00f8ydetelt, men sier han aldri har h\u00f8rt om h\u00f8ydemaske.<\/p>\n<p class=\"font-weight-bold m-font-weight-bold\" data-lab-font_weight=\"font-weight-bold\">&#8211; Vi diskuterte h\u00f8ydetelt litt, og da sa jeg at det ikke var noe for meg, fordi jeg f\u00f8lte at vinningen gikk opp i spinningen. Kost-nytte-regnskapet gikk ikke opp i forhold til restitusjon og s\u00f8vn. Det er det eneste jeg kan komme p\u00e5 at vi har diskutert. Men denne masken har jeg aldri h\u00f8rt om, sier han.<\/p>\n<p>P\u00e5 nettstedet Idrettsfabrikken.no, som Sj\u00e5stad Christiansen driver, er det ikke lenger mulig \u00e5 klikke seg inn p\u00e5 h\u00f8ydetelt.<\/p>\n<p>&#8211; Det ble tatt ned for et halvt \u00e5r siden. Vi solgte ingen, og det var ikke noe vits i \u00e5 ha det der. Og siden jeg ikke hadde lyst til \u00e5 bruke det heller, var det bare \u00e5 ta det ned.<\/p>\n<p>        <img loading=\"lazy\" decoding=\"async\" src=\"https:\/\/www.europesays.com\/no\/wp-content\/uploads\/2025\/12\/84038019.webp.webp\" width=\"980\" height=\"559\" title=\"H\u00d8YDEPUNKTET: Sivert Guttorm Bakken vant fellesstarten i Holmenkollen for tre \u00e5r siden og fikk m\u00f8te Kong Harald. Foto: Terje Bendiksby \/ NTB\" alt=\"\" class=\"\" style=\"--aspect-ratio-image: 1.75; \"\/><\/p>\n<p>\n        H\u00d8YDEPUNKTET: Sivert Guttorm Bakken vant fellesstarten i Holmenkollen for tre \u00e5r siden og fikk m\u00f8te Kong Harald. Foto: Terje Bendiksby \/ NTB\n    <\/p>\n<p>Planlegger m\u00f8te\t<\/p>\n<p>Etter planen skal Sj\u00e5stad Christiansen og resten av landslaget konkurrere i Oberhof p\u00e5 ny\u00e5ret. Etter det Dagbladet kjenner til, er det enn\u00e5 ikke bestemt om det blir norske innslag i Tyskland.<\/p>\n<p>Det avhenger av n\u00e5r begravelsen vil finne sted.<\/p>\n<p>&#8211; Jeg tror det blir veldig, veldig t\u00f8ft. Vi har ytret et sv\u00e6rt sterkt \u00f8nske om \u00e5 f\u00e5 v\u00e6re med i begravelsen til Sivert, og s\u00e5 er det jo selvf\u00f8lgelig opp til de n\u00e6rmeste \u00e5 bestemme n\u00e5r det blir.<\/p>\n<p>&#8211; Vi ut\u00f8verne har ogs\u00e5 bestemt oss for \u00e5 ses en tur f\u00f8r vi drar. Vi samles p\u00e5 Lillehammer, hele gjengen, for \u00e5 ikke m\u00f8tes p\u00e5 Gardermoen for f\u00f8rste gang og s\u00e5 skulle ut og reise og konkurrere. Jeg tror det hadde blitt litt for brutalt.<\/p>\n","protected":false},"excerpt":{"rendered":"Sivert Guttorm Bakken 1998-2025 Da kompisen ringte, l\u00f8p Vetle Sj\u00e5stad Christiansen (33) ut i bilen. N\u00e5 forteller han&hellip;\n","protected":false},"author":2,"featured_media":124090,"comment_status":"","ping_status":"","sticky":false,"template":"","format":"standard","meta":{"footnotes":""},"categories":[5],"tags":[20,21,24,25,15,19,22,23,17,18,13,30,28,29,14,16,13042,769,83,26,27,678],"class_list":{"0":"post-124089","1":"post","2":"type-post","3":"status-publish","4":"format-standard","5":"has-post-thumbnail","7":"category-overskrifter","8":"tag-breaking-news","9":"tag-breakingnews","10":"tag-featured-news","11":"tag-featurednews","12":"tag-headlines","13":"tag-hovedoppslag","14":"tag-latest-news","15":"tag-latestnews","16":"tag-main-news","17":"tag-mainnews","18":"tag-news","19":"tag-no","20":"tag-norge","21":"tag-norway","22":"tag-nyheter","23":"tag-overskrifter","24":"tag-sivert-guttorm-bakken","25":"tag-skiskyting","26":"tag-sport","27":"tag-top-stories","28":"tag-topstories","29":"tag-vetle-sjastad-christiansen"},"share_on_mastodon":{"url":"https:\/\/pubeurope.com\/@no\/115804227758400527","error":""},"_links":{"self":[{"href":"https:\/\/www.europesays.com\/no\/wp-json\/wp\/v2\/posts\/124089","targetHints":{"allow":["GET"]}}],"collection":[{"href":"https:\/\/www.europesays.com\/no\/wp-json\/wp\/v2\/posts"}],"about":[{"href":"https:\/\/www.europesays.com\/no\/wp-json\/wp\/v2\/types\/post"}],"author":[{"embeddable":true,"href":"https:\/\/www.europesays.com\/no\/wp-json\/wp\/v2\/users\/2"}],"replies":[{"embeddable":true,"href":"https:\/\/www.europesays.com\/no\/wp-json\/wp\/v2\/comments?post=124089"}],"version-history":[{"count":0,"href":"https:\/\/www.europesays.com\/no\/wp-json\/wp\/v2\/posts\/124089\/revisions"}],"wp:featuredmedia":[{"embeddable":true,"href":"https:\/\/www.europesays.com\/no\/wp-json\/wp\/v2\/media\/124090"}],"wp:attachment":[{"href":"https:\/\/www.europesays.com\/no\/wp-json\/wp\/v2\/media?parent=124089"}],"wp:term":[{"taxonomy":"category","embeddable":true,"href":"https:\/\/www.europesays.com\/no\/wp-json\/wp\/v2\/categories?post=124089"},{"taxonomy":"post_tag","embeddable":true,"href":"https:\/\/www.europesays.com\/no\/wp-json\/wp\/v2\/tags?post=124089"}],"curies":[{"name":"wp","href":"https:\/\/api.w.org\/{rel}","templated":true}]}}