{"id":124091,"date":"2025-12-29T18:17:24","date_gmt":"2025-12-29T18:17:24","guid":{"rendered":"https:\/\/www.europesays.com\/no\/124091\/"},"modified":"2025-12-29T18:17:24","modified_gmt":"2025-12-29T18:17:24","slug":"team-golden-girls-og-eriksen-elegans-til-topps-i-altahallen-altaposten-no","status":"publish","type":"post","link":"https:\/\/www.europesays.com\/no\/124091\/","title":{"rendered":"(+) Team Golden Girls og Eriksen Elegans til topps i Altahallen &#8211; altaposten.no"},"content":{"rendered":"<ol>\n<li><a href=\"https:\/\/news.google.com\/rss\/articles\/CBMiogFBVV95cUxQbTZHTHpoZm9iZGpHX1BxMWktUHowc1NGOFAtWEVsOXdoelNwZS1GUFA5c0h2ajdRRWVHUjl0UTduT2RKRm1NQzNjM0U5ZlZuRWFTcTlOZmlERXl3QnJ1aTlEZ3FySmlJSFZQRXQwTThCVHVNYmk4SXpZMGtBeXlOYjc5d3RpbWtHOVllbUIxMmlsdUpUdmRZajNwQW9qM3pXOGc?oc=5\" target=\"_blank\" rel=\"nofollow noopener\">(+) Team Golden Girls og Eriksen Elegans til topps i Altahallen<\/a>&nbsp;&nbsp;altaposten.no<\/li>\n<li><a href=\"https:\/\/news.google.com\/rss\/articles\/CBMinAFBVV95cUxQMThTcFVaWTNMbjl3R0hkalROb3hNbG5FODVidDVMQUVTS1dOMnNvZWRjSmFlaVFCRy1tQnByUDJQb3phTlBqVVZHOUpBM21iZHIxYVVjbDJTQm1ScnhwVE1aQkx6Z1kzRGxybmlTeVFET1g0eHBrWkVvUmFpZUhuVHJTN0RKMG0tbmNRNUxmblNCajhQcnpfN0ZoY3A?oc=5\" target=\"_blank\" rel=\"nofollow noopener\">Sport, Fotball | Vi sender 101 kamper fra Romjulsturneringa. Se hele oppsettet her<\/a>&nbsp;&nbsp;Avisa Nordland<\/li>\n<li><a href=\"https:\/\/news.google.com\/rss\/articles\/CBMijwFBVV95cUxOWVA3S0o4a3lvWDNLMFJrZ3NuS1ItUzFuWG8xbm5JMjloQy1CeWMxWUxVTG1mbFA4cWJXOC1XblRiXzI1V1pZb1E5cldiVHRONmdienExOW9hcEVYMXdvdS1KN2JDQWVScmw1ZGRwOU0tWUVOZHpyTnJEcjNTbEFBeDctMENxRkJWS050QlZEVQ?oc=5\" target=\"_blank\" rel=\"nofollow noopener\">Se s\u00f8ndagens kamper fra Romjulscupen i opptak her<\/a>&nbsp;&nbsp;rbnett.no<\/li>\n<li><a href=\"https:\/\/news.google.com\/rss\/articles\/CBMijwFBVV95cUxObFFUYnp4alVkcTVkNUU4dkxNdG5xSUJXNnRoNDNLQlI5TG5tSXkwUFJDdHRVd0J5SFgxSS1yYmlsR2xkMU1FQnlsLTRnVUtZMzl3U0RZcjNTakJWbnoxSkYxeVU5OWVFNVZTcjJqZEpreXZMSl9HdHRrOE1tT0tiSmo4UUhKOVJreVEwbGhxRQ?oc=5\" target=\"_blank\" rel=\"nofollow noopener\">Sport, fotbal | Fotballfesten alle har ventet p\u00e5: \u2013 \u00c5rets h\u00f8ydepunkt<\/a>&nbsp;&nbsp;Bod\u00f8 Nu<\/li>\n<li><a href=\"https:\/\/news.google.com\/rss\/articles\/CBMigAFBVV95cUxQeGhTbFo0WTJ3T0VYVURzMHROSTZ5bjhHcFhhNzZ5WnBaQVRyakZKbUNOenVaajNCQWlKMUh4X3BZcHlaaWhJS2ltbXZMblJGcU1nVGt2Qk5PTU92blk0bXRTYnUwLVU4WG51eEZ0U1owbFdvX3g4cGV6Ui1JSzdWVA?oc=5\" target=\"_blank\" rel=\"nofollow noopener\">V\u00e5gan, Kabelv\u00e5g | Mind The Gap og Gims\u00f8y Elite vant<\/a>&nbsp;&nbsp;Lofotposten<\/li>\n<\/ol>\n","protected":false},"excerpt":{"rendered":"(+) Team Golden Girls og Eriksen Elegans til topps i Altahallen&nbsp;&nbsp;altaposten.no Sport, Fotball | Vi sender 101 kamper&hellip;\n","protected":false},"author":2,"featured_media":124092,"comment_status":"","ping_status":"","sticky":false,"template":"","format":"standard","meta":{"footnotes":""},"categories":[59],"tags":[360,105,30,28,29,14499,83,82],"class_list":{"0":"post-124091","1":"post","2":"type-post","3":"status-publish","4":"format-standard","5":"has-post-thumbnail","7":"category-sport","8":"tag-alta-if","9":"tag-handball","10":"tag-no","11":"tag-norge","12":"tag-norway","13":"tag-romjulsturnering","14":"tag-sport","15":"tag-sports"},"share_on_mastodon":{"url":"https:\/\/pubeurope.com\/@no\/115804231743604593","error":""},"_links":{"self":[{"href":"https:\/\/www.europesays.com\/no\/wp-json\/wp\/v2\/posts\/124091","targetHints":{"allow":["GET"]}}],"collection":[{"href":"https:\/\/www.europesays.com\/no\/wp-json\/wp\/v2\/posts"}],"about":[{"href":"https:\/\/www.europesays.com\/no\/wp-json\/wp\/v2\/types\/post"}],"author":[{"embeddable":true,"href":"https:\/\/www.europesays.com\/no\/wp-json\/wp\/v2\/users\/2"}],"replies":[{"embeddable":true,"href":"https:\/\/www.europesays.com\/no\/wp-json\/wp\/v2\/comments?post=124091"}],"version-history":[{"count":0,"href":"https:\/\/www.europesays.com\/no\/wp-json\/wp\/v2\/posts\/124091\/revisions"}],"wp:featuredmedia":[{"embeddable":true,"href":"https:\/\/www.europesays.com\/no\/wp-json\/wp\/v2\/media\/124092"}],"wp:attachment":[{"href":"https:\/\/www.europesays.com\/no\/wp-json\/wp\/v2\/media?parent=124091"}],"wp:term":[{"taxonomy":"category","embeddable":true,"href":"https:\/\/www.europesays.com\/no\/wp-json\/wp\/v2\/categories?post=124091"},{"taxonomy":"post_tag","embeddable":true,"href":"https:\/\/www.europesays.com\/no\/wp-json\/wp\/v2\/tags?post=124091"}],"curies":[{"name":"wp","href":"https:\/\/api.w.org\/{rel}","templated":true}]}}