{"id":124096,"date":"2025-12-29T18:22:14","date_gmt":"2025-12-29T18:22:14","guid":{"rendered":"https:\/\/www.europesays.com\/no\/124096\/"},"modified":"2025-12-29T18:22:14","modified_gmt":"2025-12-29T18:22:14","slug":"trafikk-ulykke-trafikkulykke-en-person-sitter-fastklemt","status":"publish","type":"post","link":"https:\/\/www.europesays.com\/no\/124096\/","title":{"rendered":"Trafikk, Ulykke | Trafikkulykke &#8211; en person sitter fastklemt"},"content":{"rendered":"\n<p><b>Oppdatert klokka 17.38: <\/b>Det ble iverksatt livreddende f\u00f8rstehjelp p\u00e5 personen som var fastklemt og etterhvert frigjort av brannvesenet. Personen, en mann i 70-\u00e5rene tilh\u00f8rende i Troms\u00f8, er bekreftet omkommet, melder operasjonsleder Mari Rasmussen Sagen.<\/p>\n<p>\u2013 Den omkomne hadde havnet i klem mellom to biler i det han skulle hjelpe en annen bil som hadde v\u00e6rt i en utforkj\u00f8ring. Veien forblir stengt en stund til i forbindelse med etterforskningsskritt og bilberging.<\/p>\n<p>N\u00f8detatene rykket ut til trafikkulykke ved Navarsvika i L\u00f8ksefjorden i Salangen mandag ettermiddag. <\/p>\n<p>\u2013 En person er fastklemt, skriver operasjonsleder Mari Rasmussen Sagen klokka 15.10. <\/p>\n<p>Kort tid etterp\u00e5 skriver Sagen at det er to personbiler med to personer som er involvert i ulykken. <\/p>\n<p>\u2013 Den ene personen er oppeg\u00e5ende. Brannvesenet jobbet med frigj\u00f8ring av personen som er fastklemt.<\/p>\n","protected":false},"excerpt":{"rendered":"Oppdatert klokka 17.38: Det ble iverksatt livreddende f\u00f8rstehjelp p\u00e5 personen som var fastklemt og etterhvert frigjort av brannvesenet.&hellip;\n","protected":false},"author":2,"featured_media":10235,"comment_status":"","ping_status":"","sticky":false,"template":"","format":"standard","meta":{"footnotes":""},"categories":[10],"tags":[36,20,21,24,25,15,22,23,13,30,28,29,14,16,1624,1510,26,27,224,51],"class_list":{"0":"post-124096","1":"post","2":"type-post","3":"status-publish","4":"format-standard","5":"has-post-thumbnail","7":"category-norge","8":"tag-art","9":"tag-breaking-news","10":"tag-breakingnews","11":"tag-featured-news","12":"tag-featurednews","13":"tag-headlines","14":"tag-latest-news","15":"tag-latestnews","16":"tag-news","17":"tag-no","18":"tag-norge","19":"tag-norway","20":"tag-nyheter","21":"tag-overskrifter","22":"tag-salangen","23":"tag-story","24":"tag-top-stories","25":"tag-topstories","26":"tag-trafikk","27":"tag-ulykke"},"share_on_mastodon":{"url":"https:\/\/pubeurope.com\/@no\/115804251438867534","error":""},"_links":{"self":[{"href":"https:\/\/www.europesays.com\/no\/wp-json\/wp\/v2\/posts\/124096","targetHints":{"allow":["GET"]}}],"collection":[{"href":"https:\/\/www.europesays.com\/no\/wp-json\/wp\/v2\/posts"}],"about":[{"href":"https:\/\/www.europesays.com\/no\/wp-json\/wp\/v2\/types\/post"}],"author":[{"embeddable":true,"href":"https:\/\/www.europesays.com\/no\/wp-json\/wp\/v2\/users\/2"}],"replies":[{"embeddable":true,"href":"https:\/\/www.europesays.com\/no\/wp-json\/wp\/v2\/comments?post=124096"}],"version-history":[{"count":0,"href":"https:\/\/www.europesays.com\/no\/wp-json\/wp\/v2\/posts\/124096\/revisions"}],"wp:featuredmedia":[{"embeddable":true,"href":"https:\/\/www.europesays.com\/no\/wp-json\/wp\/v2\/media\/10235"}],"wp:attachment":[{"href":"https:\/\/www.europesays.com\/no\/wp-json\/wp\/v2\/media?parent=124096"}],"wp:term":[{"taxonomy":"category","embeddable":true,"href":"https:\/\/www.europesays.com\/no\/wp-json\/wp\/v2\/categories?post=124096"},{"taxonomy":"post_tag","embeddable":true,"href":"https:\/\/www.europesays.com\/no\/wp-json\/wp\/v2\/tags?post=124096"}],"curies":[{"name":"wp","href":"https:\/\/api.w.org\/{rel}","templated":true}]}}