{"id":124097,"date":"2025-12-29T18:23:15","date_gmt":"2025-12-29T18:23:15","guid":{"rendered":"https:\/\/www.europesays.com\/no\/124097\/"},"modified":"2025-12-29T18:23:15","modified_gmt":"2025-12-29T18:23:15","slug":"bombe-for-ol","status":"publish","type":"post","link":"https:\/\/www.europesays.com\/no\/124097\/","title":{"rendered":"Bombe f\u00f8r OL"},"content":{"rendered":"<p class=\"kicker \" style=\"\">Mattis Stenshagen og Emil Iversen:<\/p>\n<p>  To veteraner forandrer fort planen.<\/p>\n<p>\n    SELFIE AV GLADE GUTTER: Emil Iversen og Mattis Stenshagen stod for en bombe f\u00f8r OL p\u00e5 10km klassisk i Tour de Ski. Begge er n\u00e6r plass i den norske OL-troppen. FOTO: Terje Pedersen\/NTB,\n  <\/p>\n<p>DET norske OL-uttaket for langrennsgutta blir brutalt, men heller ikke mer enn det. Det viste den varme klemmen som Emil Iversen ga til Mattis Stenshagen i m\u00e5lomr\u00e5det etter \u00e5 ha blitt sl\u00e5tt med noen sekunder p\u00e5 10km klassisk, og i verste fall mistet sin egen OL-sjanse.<\/p>\n<p>Begge leverte str\u00e5lende l\u00f8p p\u00e5 denne andre Tour de Ski-etappen, men i norsk herrelangrenn holder det ikke \u00e5 bli rost med superlativer:<\/p>\n<p>Flere glitrende norske langrennsl\u00f8pere n\u00e5r uansett aldri OL i Val di Fiemme i februar.<\/p>\n<p>Det vet b\u00e5de Emil og Mattis.<\/p>\n<p>KANSKJE var det derfor Emil Iversen noen minutter etter den varme klemmen, skled inn foran TV-kameraene under konkurrentenes intervju med Viasat og heller fleipet.<\/p>\n<p>&#8211; Hva var det dere snakket om?, spurte han den dyktige Viasat-reporteren Regine Leenborg Anthonessen .<\/p>\n<p>&#8211; At Mattis nesten la opp i v\u00e5res, svarte hun.<\/p>\n<p>&#8211; Det var synd, sa Emil.<\/p>\n<p>&#8211; For deg?, spurte reporteren kjapt.<\/p>\n<p>&#8211; Ja, svarte Emil med et glis.<\/p>\n<p>Og har resultatmessig s\u00f8rgelig rett.<\/p>\n<p>POPUL\u00c6RE Emil Iversen har hatt et dundrende comeback i verdenstoppen i langrenn. Det han har levert internasjonalt denne sesongstarten hadde normalt sett holdt til plass p\u00e5 det norske OL-laget. Problemet er bare at konkurransen der er blitt unormal hard.<\/p>\n<p>Da teller denne f\u00f8rste verdenscupseieren til veteranen Mattis Stenshagen mye. Riktignok er 10km klassisk ingen OL-distanse, men Mattis kom rett fra Davos der han f\u00f8r jul ogs\u00e5 ble nummer tre etter Einar Hedegart og Harald \u00d8stberg Amundsen p\u00e5 10 km fri.<\/p>\n<p>Med to pallplasser p\u00e5 rad i verdenscupen blir det vanskelig \u00e5 holde Stenshagen utenfor en norsk OL-tropp med \u00e5tte l\u00f8pere.<\/p>\n<p>    <a itemprop=\"url\" href=\"https:\/\/www.dagbladet.no\/sport\/vurderte-a-legge-opp\/84035800\" rel=\"nofollow noopener\" target=\"_blank\"><\/p>\n<p>        <img loading=\"lazy\" decoding=\"async\" src=\"https:\/\/www.europesays.com\/no\/wp-content\/uploads\/2025\/12\/84036869.webp.webp\" width=\"980\" height=\"441\" title=\"- Gidder ikke si noe mer\" alt=\"\" class=\"lazyload\" style=\"--aspect-ratio-image: 2.22; \"\/><\/p>\n<p>        &#8211; Gidder ikke si noe mer<\/p>\n<p>    <\/a><\/p>\n<p>FOREL\u00d8PIG er fem plasser tatt. Foruten toppduoen Kl\u00e6bo\/Amundsen. er Erik Valnes, Einar Hedegart og Martin L\u00f8wstr\u00f8m Nyenget klare. Da gjenst\u00e5r tre plasser, og de m\u00e5 brukes riktig i forhold til dekningen p\u00e5 hver enkelt OL-distanse.<\/p>\n<p>Der er den opprinnelige planen at Johannes H\u00f8sflot Kl\u00e6bo, Harald \u00d8stberg Amundsen og Martin L\u00f8wstr\u00f8m Nyenget skal g\u00e5 b\u00e5de 20km duatlon, 10 km fri og 50km klassisk, Erik Valnes klassisk sprint, mens en sprintstafett i fri h\u00f8res ut som en sikker sak for Amundsen\/Kl\u00e6bo..<\/p>\n<p>Kometen Hedegart er selvsagt trygg som vinterens beste p\u00e5 10km fri, og vil sammen med Erik Valnes v\u00e6re aktuell b\u00e5de p\u00e5 4x10km stafett og som gardering til sprintstafetten.<\/p>\n<p>Men s\u00e5 blir det vrient.<\/p>\n<p>    <a itemprop=\"url\" href=\"https:\/\/www.dagbladet.no\/sport\/gjor-vondt\/83914019\" rel=\"nofollow noopener\" target=\"_blank\"><\/p>\n<p>        <img loading=\"lazy\" decoding=\"async\" src=\"https:\/\/www.europesays.com\/no\/wp-content\/uploads\/2025\/12\/83914616.webp.webp\" width=\"980\" height=\"441\" title=\"Gj\u00f8r vondt\" alt=\"\" class=\"lazyload\" style=\"--aspect-ratio-image: 2.22; \"\/><\/p>\n<p>        Gj\u00f8r vondt <\/p>\n<p>    <\/a><\/p>\n<p>DEN viktigste avklaringen er balansen mellom rene sprintere og distansel\u00f8perne. OL-sprinten er i klassisk med Kl\u00e6bo og Valnes som de to st\u00f8rste favorittene.<\/p>\n<p>Her er det alts\u00e5 to ledige plasser. Men en smal OL-tropp kan Harald \u00d8stberg Amundsen dekke en av dem. Han har allerede v\u00e6rt i en verdenscupfinale i Ruka i klassisk sprint. Det gir st\u00f8rre fleksibilitet i resten av lekene.<\/p>\n<p>Med bare en sprinter i troppen, betyr det at OL-kampen st\u00e5r mellom Oskar Opstad Vike og Ansgar Evensen. Der blir l\u00f8rdagens klassiske Tour-sprint i Val Di Fiemme i s\u00e5 fall en ren amerikansk uttakning.<\/p>\n<p>Samtidig er det trist \u00e5 holde en av de s\u00e5 unge og lovende sprintere unna OL.<\/p>\n<p>    <a itemprop=\"url\" href=\"https:\/\/www.dagbladet.no\/sport\/aldri-hort-om-det\/84030407\" rel=\"nofollow noopener\" target=\"_blank\"><\/p>\n<p>        <img loading=\"lazy\" decoding=\"async\" src=\"https:\/\/www.europesays.com\/no\/wp-content\/uploads\/2025\/12\/84030425.webp.webp\" width=\"980\" height=\"441\" title=\"- Aldri h\u00f8rt om det\" alt=\"\" class=\"lazyload\" style=\"--aspect-ratio-image: 2.22; \"\/><\/p>\n<p>        &#8211; Aldri h\u00f8rt om det<\/p>\n<p>    <\/a><\/p>\n<p>DET samme argumentet kan med tyngde brukes om bare 20 \u00e5r gamle Lars Heggen som ble nummer to i den f\u00f8rste Tour-sprinten.<\/p>\n<p>Han er s\u00e5 ekstremt lovende at det blir fristende \u00e5 ta ham med til Val di Fiemme som et utviklingsprosjekt. Om han forsvarer andreplassen sin i Tour-sammendraget p\u00e5 flere etapper etter hviledagen i morgen, vil det forsterke lysten.<\/p>\n<p>Og hvis han kommer p\u00e5 pallen igjen i l\u00f8rdagens klassiske sprint, kan det fort ende med en sensasjonell OL-tur.<\/p>\n<p>    <a itemprop=\"url\" href=\"https:\/\/www.dagbladet.no\/sport\/russisk-brak-i-kulissene\/84037115\" rel=\"nofollow noopener\" target=\"_blank\"><\/p>\n<p>        <img loading=\"lazy\" decoding=\"async\" src=\"https:\/\/www.europesays.com\/no\/wp-content\/uploads\/2025\/12\/75925467.webp.webp\" width=\"980\" height=\"441\" title=\"Russisk br\u00e5k i kulissene\" alt=\"\" class=\"lazyload\" style=\"--aspect-ratio-image: 2.22; \"\/><\/p>\n<p>        Russisk br\u00e5k i kulissene<\/p>\n<p>    <\/a><\/p>\n<p>I S\u00c5 FALL\u00a0er det bare plass til en av dagens to gladeste fra pallen p\u00e5 10km i Toblac. Det blir et r\u00f8ft valg. Ikke minst med tanke p\u00e5 Emil Iversens kapasitet som klassisk 5-mils l\u00f8per.<\/p>\n<p>Der er andre kandidater ogs\u00e5 i spill som Andreas Fjorden Ree og Simen Hegstad Kr\u00fcger; to sv\u00e6rt sterke slitere p\u00e5 lange distanser som ser at OL-sjansene forsvinner.<\/p>\n<p>For etter vinterens styrkeforhold heller det mest mot Mattis Stenshagen og Emil Iversen for \u00e5 sikre bredden i en OL-tropp der Norge p\u00e5 hver eneste individuell distanse kommer til \u00e5 stille med fire medaljeh\u00e5p.<\/p>\n<p>FOTNOTE: Flott seier til Astrid \u00d8yre Slind p\u00e5 jentenes 10km. I likhet med Mattis Stenshagen vant hun i en l\u00f8ype som ga bra uttelling for effektiv staking. Kanskje hadde ogs\u00e5 de svenske favorittene <a href=\"https:\/\/www.expressen.se\/sport\/langdskidor\/svenska-stjarnorna-langt-fran-segern-vad-har-de-gjort\/\" rel=\"nofollow noopener\" target=\"_blank\">middels ski<\/a>,\u00a0 men prestasjonen st\u00e5r seg uansett. Astrid er i fin utvikling ogs\u00e5 i diagonalt. Her har Norge en opplagt medaljekandidat p\u00e5 den klassiske 5-mila i OL.<\/p>\n<p>    <a itemprop=\"url\" href=\"https:\/\/www.dagbladet.no\/sport\/svensk-kollaps-hva-har-de-gjort\/84037306\" rel=\"nofollow noopener\" target=\"_blank\"><\/p>\n<p>        <img loading=\"lazy\" decoding=\"async\" src=\"https:\/\/www.europesays.com\/no\/wp-content\/uploads\/2025\/12\/84037635.webp.webp\" width=\"980\" height=\"441\" title=\"Svensk kollaps: - Hva har de gjort?\" alt=\"\" class=\"lazyload\" style=\"--aspect-ratio-image: 2.22; \"\/><\/p>\n<p>        Svensk kollaps: &#8211; Hva har de gjort?<\/p>\n<p>    <\/a><\/p>\n<p>\u00a0<\/p>\n<p>\u00a0<\/p>\n","protected":false},"excerpt":{"rendered":"Mattis Stenshagen og Emil Iversen: To veteraner forandrer fort planen. SELFIE AV GLADE GUTTER: Emil Iversen og Mattis&hellip;\n","protected":false},"author":2,"featured_media":124098,"comment_status":"","ping_status":"","sticky":false,"template":"","format":"standard","meta":{"footnotes":""},"categories":[5],"tags":[20,21,3647,24,25,15,19,266,398,22,23,17,18,14674,156,13,30,28,29,14,16,83,26,27,9317],"class_list":{"0":"post-124097","1":"post","2":"type-post","3":"status-publish","4":"format-standard","5":"has-post-thumbnail","7":"category-overskrifter","8":"tag-breaking-news","9":"tag-breakingnews","10":"tag-emil-iversen","11":"tag-featured-news","12":"tag-featurednews","13":"tag-headlines","14":"tag-hovedoppslag","15":"tag-kommentar","16":"tag-langrenn","17":"tag-latest-news","18":"tag-latestnews","19":"tag-main-news","20":"tag-mainnews","21":"tag-mattis-stenshagen","22":"tag-meninger","23":"tag-news","24":"tag-no","25":"tag-norge","26":"tag-norway","27":"tag-nyheter","28":"tag-overskrifter","29":"tag-sport","30":"tag-top-stories","31":"tag-topstories","32":"tag-vinter-ol2026"},"share_on_mastodon":{"url":"https:\/\/pubeurope.com\/@no\/115804255288254287","error":""},"_links":{"self":[{"href":"https:\/\/www.europesays.com\/no\/wp-json\/wp\/v2\/posts\/124097","targetHints":{"allow":["GET"]}}],"collection":[{"href":"https:\/\/www.europesays.com\/no\/wp-json\/wp\/v2\/posts"}],"about":[{"href":"https:\/\/www.europesays.com\/no\/wp-json\/wp\/v2\/types\/post"}],"author":[{"embeddable":true,"href":"https:\/\/www.europesays.com\/no\/wp-json\/wp\/v2\/users\/2"}],"replies":[{"embeddable":true,"href":"https:\/\/www.europesays.com\/no\/wp-json\/wp\/v2\/comments?post=124097"}],"version-history":[{"count":0,"href":"https:\/\/www.europesays.com\/no\/wp-json\/wp\/v2\/posts\/124097\/revisions"}],"wp:featuredmedia":[{"embeddable":true,"href":"https:\/\/www.europesays.com\/no\/wp-json\/wp\/v2\/media\/124098"}],"wp:attachment":[{"href":"https:\/\/www.europesays.com\/no\/wp-json\/wp\/v2\/media?parent=124097"}],"wp:term":[{"taxonomy":"category","embeddable":true,"href":"https:\/\/www.europesays.com\/no\/wp-json\/wp\/v2\/categories?post=124097"},{"taxonomy":"post_tag","embeddable":true,"href":"https:\/\/www.europesays.com\/no\/wp-json\/wp\/v2\/tags?post=124097"}],"curies":[{"name":"wp","href":"https:\/\/api.w.org\/{rel}","templated":true}]}}