{"id":124108,"date":"2025-12-29T18:31:14","date_gmt":"2025-12-29T18:31:14","guid":{"rendered":"https:\/\/www.europesays.com\/no\/124108\/"},"modified":"2025-12-29T18:31:14","modified_gmt":"2025-12-29T18:31:14","slug":"i-bilen-hjem-kom-tankene","status":"publish","type":"post","link":"https:\/\/www.europesays.com\/no\/124108\/","title":{"rendered":"I bilen hjem kom tankene:"},"content":{"rendered":"<p>\u2013 Hei, hei, hei! N\u00e5 m\u00e5 dere h\u00f8re etter, sier Yaw Amankwah f\u00f8r han bl\u00e5ser h\u00f8yt i fl\u00f8yten.<\/p>\n<p>TV 2s fotballekspert har g\u00e5tt fra \u00e5 v\u00e6re profesjonell fotballspiller til det mange ser p\u00e5 som en umulig oppgave.<\/p>\n<p>\u00c5 temme et helt lag med fem\u00e5ringer.<\/p>\n<p>Halvparten av barna f\u00f8lger med. Hans egen s\u00f8nn Samuel og noen av de andre f\u00f8ler mer for \u00e5 danse.<\/p>\n<p>\n            <video oncontextmenu=\"return false;\" class=\"lazy-autoplay\" loop=\"\" muted=\"\" autoplay=\"\" playsinline=\"\" controlslist=\"nodownload nofullscreen noremoteplayback\" disablepictureinpicture=\"\" style=\"transform:translate(0%,0%);width:100%;height:auto;aspect-ratio:auto\"><\/p>\n<p>                Beklager, din nettleser st\u00f8tter ikke avspilling av videoklipp<br \/>\n            <\/video>\n        <\/p>\n<p>\u2013 Det er veldig g\u00f8y, men ogs\u00e5 litt frustrerende til tider. Han (Samuel) skal t\u00f8ffe seg noen ganger tror jeg, men jeg pr\u00f8ver \u00e5 behandle dem likt, sier pappatreneren.<\/p>\n<p>Scenene som utspiller seg p\u00e5 Gui SKs trening er ikke unike. Trolig skjer det samme p\u00e5 samtlige treninger for fem\u00e5ringer i hele Norge.<\/p>\n<p>Og noen av dem kommer til \u00e5 n\u00e5 helt til toppen av norsk fotball, ogs\u00e5 noen av dem som heller vil danse.\u00a0<\/p>\n<p>Men de aller fleste vil falle fra.<\/p>\n<p>        <img class=\"image__img lazyload\" itemprop=\"image\" title=\"Foto: Privat\" alt=\"FAR OG S\u00d8NN: Pappatrener Yaw Amankwah og s\u00f8nnen Samuel. Foto: Privat\" width=\"675\" height=\"790\" bad-src=\"https:\/\/www.europesays.com\/no\/wp-content\/uploads\/2025\/12\/18389072.webp.jpeg\" fetchpriority=\"auto\" \/><\/p>\n<p>      FAR OG S\u00d8NN: Pappatrener Yaw Amankwah og s\u00f8nnen Samuel.<br \/>\n         Foto: Privat<\/p>\n<p> Yaw Amankwah vet hva som skal til for \u00e5 n\u00e5 dit hvor fotballen blir ditt levebr\u00f8d. Han har ingrediensene som s\u00f8nnen trolig vil trenge for \u00e5 n\u00e5 toppen.<\/p>\n<p>Bergenseren er ogs\u00e5 utdannet innen idrettspsykologi og ekstra opptatt av presset mange barn daglig st\u00e5r overfor. Spesielt fra ivrige fotballforeldre.<\/p>\n<p data-lab-font_weight=\"\">Et m\u00f8te med Martin \u00d8degaards far, Hans Erik \u00d8degaard, ble en aha-opplevelse n\u00e5r det gjelder hva som m\u00e5 til for \u00e5 n\u00e5 eliteniv\u00e5et i verdens st\u00f8rste idrett.\u00a0<\/p>\n<p class=\"bold m-bold\" data-lab-font_weight=\"bold\">I bilen p\u00e5 vei hjem kom tankene. Var han villig til dette?<\/p>\n<p>        <img class=\"image__img lazyload\" itemprop=\"image\" title=\"Foto: Yngve Sem Pedersen \/ TV 2\" alt=\"DETALJER: Hans Erik \u00d8degaard forklarer. Foto: Yngve Sem Pedersen \/ TV 2\" width=\"675\" height=\"561\" bad-src=\"https:\/\/www.europesays.com\/no\/wp-content\/uploads\/2025\/12\/17642182.webp.jpeg\" fetchpriority=\"auto\" \/><\/p>\n<p>      DETALJER: Hans Erik \u00d8degaard forklarer.<br \/>\n         Foto: Yngve Sem Pedersen \/ TV 2<\/p>\n<p>\u2013 Det var kanskje ikke helt bra<\/p>\n<p>Yaw Amankwah var selv tidlig et fotballtalent i bydelsklubben Fana i Bergen.<\/p>\n<p>19 \u00e5r gammel ble han hentet til Brann, hvor han fikk 36 kamper. Senere spilte han for klubber som Sandefjord, Hobro og Stab\u00e6k.<\/p>\n<p>        <img class=\"image__img lazyload\" itemprop=\"image\" title=\"Foto: Heiko Junge \/ NTB\" alt=\"2010: Yaw Amankwah i duell med Stab\u00e6ks Veigar P\u00e1ll Gunnarsson. Foto: Heiko Junge \/ NTB\" width=\"675\" height=\"540\" bad-src=\"https:\/\/www.europesays.com\/no\/wp-content\/uploads\/2025\/12\/18392011.webp.jpeg\" fetchpriority=\"auto\" \/><\/p>\n<p>      2010: Yaw Amankwah i duell med Stab\u00e6ks Veigar P\u00e1ll Gunnarsson.<br \/>\n         Foto: Heiko Junge \/ NTB<\/p>\n<p>De siste \u00e5rene har han jobbet som fotballekspert for TV 2. Det var i den anledning han fikk m\u00f8te Hans Erik \u00d8degaard og intervjue ham om hvordan Martin \u00d8degaard hadde n\u00e5dd toppen.<\/p>\n<p>I samtalen fikk han\u00a0\u00aboppskriften\u00bb p\u00e5 det som har gjort \u00d8degaard til en av verdens beste fotballspillere.<\/p>\n<p data-lab-font_weight=\"\">I TV 2s\u00a0nye dokumentarserie\u00a0<a href=\"https:\/\/play.tv2.no\/serier\/pappatreneren-m853vwck\" target=\"_blank\" style=\"letter-spacing: 0.01em;\" rel=\"nofollow noopener\">\u00abPappatreneren\u00bb<\/a> forteller Amankwah hva han satt igjen med og hvordan samtalen har p\u00e5virket ham n\u00e5r han n\u00e5 er pappatrener selv.<\/p>\n<p>    <a href=\"https:\/\/play.tv2.no\/serier\/pappatreneren-m853vwck\/sesong-1\/episode-4?play=true&amp;utm_source=tv2.no&amp;utm_medium=promo&amp;utm_campaign=Pappatreneren&amp;utm_content=www.tv2.no\/sport\/i-bilen-pa-vei-hjem-kom-tankene-er-jeg-villig-til-dette\/18388834\/\" rel=\"nofollow noopener\" target=\"_blank\"><\/p>\n<p>    <img class=\"image__img lazyload\" itemprop=\"image\" title=\"\" alt=\"\" width=\"587\" height=\"370\" bad-src=\"https:\/\/www.europesays.com\/no\/wp-content\/uploads\/2025\/12\/18416739.webp.webp\" fetchpriority=\"auto\" \/><\/p>\n<p>            Episode 4 av Pappatreneren<\/p>\n<p>\n                TV 2 Play\n            <\/p>\n<p>    <\/a><\/p>\n<p>\u2013 Jeg dro jo ned dit og tenkte at jeg har jo barn selv, kanskje det er noe jeg kan ta med meg.<\/p>\n<p>\u2013 Det jeg husker best fra m\u00f8tet, er hvor metodisk Hans Erik \u00d8degaard hadde g\u00e5tt til verks. Hvor lite som var overlatt til tilfeldighetene.<\/p>\n<p>        <img class=\"image__img lazyload\" itemprop=\"image\" title=\"Foto: Yngve Sem Pedersen \/ TV 2\" alt=\"GRAF: Hans Erik \u00d8degaard viste i episoden av Fotballpunch hvordan han tenkte rundt s\u00f8nnens utvikling. Foto: Yngve Sem Pedersen \/ TV 2\" width=\"675\" height=\"486\" bad-src=\"https:\/\/www.europesays.com\/no\/wp-content\/uploads\/2025\/12\/18388945.webp.jpeg\" fetchpriority=\"auto\" \/><\/p>\n<p>      GRAF: Hans Erik \u00d8degaard viste i episoden av Fotballpunch hvordan han tenkte rundt s\u00f8nnens utvikling.<br \/>\n         Foto: Yngve Sem Pedersen \/ TV 2<\/p>\n<p>I samtalen fortalte pappa \u00d8degaard hvordan han hadde lagt til rette for at s\u00f8nnen skulle n\u00e5 toppen.<\/p>\n<p>For tanken hans var at dersom du skal bli best konkurrerer du ikke med Ole og Per i nabogaten, du konkurrerer med talentene i Brasil, England eller Italia.<\/p>\n<p>Selv beskrev Hans Erik \u00d8degaard det hele som veldig enkelt og rasjonelt.\u00a0<\/p>\n<p>At dersom du \u00f8nsker \u00e5 bli best med ballen i beina, m\u00e5 du v\u00e6re den som har flest touch p\u00e5 ballen.<\/p>\n<p> \u2013 Det var kanskje ikke helt bra, men hver vinter i mange \u00e5r tenkte jeg hver eneste dag: \u00abHar Martin f\u00e5tt nok touch p\u00e5 ballen i dag?\u00bb. Dette var jo ikke ting jeg sa til Martin, for det kunne stresset ham, men jeg tenkte det.<\/p>\n<p> Se Fotballpunch-episoden fra Amankwahs m\u00f8te med Hans Erik \u00d8degaard: <\/p>\n<p>    <a href=\"https:\/\/play.tv2.no\/serier\/fotballpunch-jghqz27x\/sesong-2024\/episode-5?play=true\" target=\"_blank\" rel=\"nofollow noopener\"><\/p>\n<p>    <img class=\"image__img lazyload\" itemprop=\"image\" title=\"Foto: Yngve Sem Pedersen \/ TV 2\" alt=\"20240523, Jotun Arena. Sandefjord-trener Hans Erik \u00d8degaard forteller og viser programleder i Fotballpunch, Yaw Amankwah, hvordan han trente sin s\u00f8nn Martin til \u00e5 bli en internasjonal toppspiller. Foto: Yngve Sem Pedersen \/ TV 2\" width=\"587\" height=\"359\" bad-src=\"https:\/\/www.europesays.com\/no\/wp-content\/uploads\/2025\/12\/18389480.webp.jpeg\" fetchpriority=\"auto\" \/><\/p>\n<p>            Slik trente han Martin (10)<\/p>\n<p>\n                TV 2 Play\n            <\/p>\n<p>    <\/a><\/p>\n<p>\u2013 Fikk en liten aha-opplevelse<\/p>\n<p>M\u00f8tet inspirerte, men det ga ogs\u00e5 rom for ettertanke.<\/p>\n<p>\u2013 Jeg anbefaler alle som trener barn \u00e5 se den episoden. Men samtidig \u2026 jeg satt i bilen hjem og tenkte: \u00abEr jeg villig til \u00e5 ha det detaljfokuset og legge meg urolig om s\u00f8nnen min ikke har f\u00e5tt nok ballber\u00f8ringer?\u00bb\u00a0<\/p>\n<p>\u2013 Jeg fikk en liten aha-opplevelse p\u00e5 at det er jaggu meg en jobb over mange \u00e5r som skal legges ned. Ikke bare av gutten selv, men ogs\u00e5 av foreldre og apparatet rundt for at man skal komme p\u00e5 det niv\u00e5et.<\/p>\n<p>        <img class=\"image__img lazyload\" itemprop=\"image\" title=\"Foto: Marius Simensen \/ BILDBYR\u00c5N\" alt=\"PAPPATRENER: Yaw Amankwah er trener for s\u00f8nnens lag. Foto: Marius Simensen \/ BILDBYR\u00c5N\" width=\"675\" height=\"493\" bad-src=\"https:\/\/www.europesays.com\/no\/wp-content\/uploads\/2025\/12\/18112083.webp.jpeg\" fetchpriority=\"auto\" \/><\/p>\n<p>      PAPPATRENER: Yaw Amankwah er trener for s\u00f8nnens lag.<br \/>\n         Foto: Marius Simensen \/ BILDBYR\u00c5N<\/p>\n<p>M\u00f8tet med Hans Erik \u00d8degaard gjorde at Amankwah satt igjen med tanken om at det ikke er tilfeldig.<\/p>\n<p>Det er ikke tilfeldig at Martin \u00d8degaard n\u00e5 er kaptein for b\u00e5de Arsenal og Norges landslag.\u00a0Det er ikke tilfeldig at han har v\u00e6rt nominert til Gullballen.<\/p>\n<p>Men han satt ikke igjen med f\u00f8lelsen av en far som hadde pushet s\u00f8nnen for hardt.<\/p>\n<p>\u2013 Nei, det tror jeg faktisk ikke. Jeg tror at han fra tidlig alder \u2013 det har jeg ogs\u00e5 h\u00f8rt fra andre \u2013 hadde en umettelig iver p\u00e5 fotball og trening. Inntrykket mitt er at det var drevet vel s\u00e5 mye av gutten som av faren, sier Amankwah.<\/p>\n<p>        <img class=\"image__img lazyload\" itemprop=\"image\" title=\"Foto: Yngve Sem Pedersen \/ TV 2\" alt=\"FIKK PR\u00d8VE SEG: Den tidligere midtstopperen Yaw Amankwah fors\u00f8kte \u00e5 ta seg forbi Hans Erik \u00d8degaard. Foto: Yngve Sem Pedersen \/ TV 2\" width=\"675\" height=\"601\" bad-src=\"https:\/\/www.europesays.com\/no\/wp-content\/uploads\/2025\/12\/18392197.webp.jpeg\" fetchpriority=\"auto\" \/><\/p>\n<p>      FIKK PR\u00d8VE SEG: Den tidligere midtstopperen Yaw Amankwah fors\u00f8kte \u00e5 ta seg forbi Hans Erik \u00d8degaard.<br \/>\n         Foto: Yngve Sem Pedersen \/ TV 2<\/p>\n<p>\u2013 Tror det er drepen for idrettsgleden<\/p>\n<p>For det er der skillet g\u00e5r if\u00f8lge TV 2s fotballekspert.<\/p>\n<p>Barnet m\u00e5 ville det selv.<\/p>\n<p> \u2013 Hvis du bare f\u00e5r masse greier tredd over hodet av en eller annen manisk far, s\u00e5 tror jeg det er drepen for idrettsgleden. <\/p>\n<p>\u00a0\u2013 Det er umulig \u00e5 legge ned like mange treningstimer som Martin \u00d8degaard, om du ikke elsker det du holder p\u00e5 med. Det er helt umulig. Da kommer du p\u00e5 et eller annet tidspunkt til \u00e5 bli alvorlig skadet enten fysisk eller mentalt.<\/p>\n<p>Selv \u00e5pnet m\u00f8tet med Hans Erik \u00d8degaard hans egne \u00f8yne. Noe han har tatt med seg inn i rollen som pappatrener for s\u00f8nnen Samuel.<\/p>\n<p>\u2013 Jeg tror det er mange foreldre som gjerne f\u00f8r de legger seg kan ta en kikk i speilet og sp\u00f8rre seg \u00abHvorfor har jeg s\u00e5 utrolig lyst til at de skal bli god? Hvorfor er det slik? Er det litt mitt eget ego som kommer inn i bildet?\u00bb<\/p>\n<p>I sin f\u00f8rste trenerjobb har Amankwah mer enn nok med \u00e5 f\u00e5 guttene til \u00e5 f\u00f8lge med p\u00e5 hva han sier.<\/p>\n<p>Ingen her er gamle nok til \u00e5 vite hva de \u00f8nsker \u00e5 bli n\u00e5r de blir store. Men \u00e9n dag kommer den dagen. Ogs\u00e5 for guttene f\u00f8dt i 2000 i Gui SK.<\/p>\n<p class=\"italic m-italic\" data-lab-italic=\"italic\">\u2013 Tror du s\u00f8nnen din kan n\u00e5 Eliteserien?<\/p>\n<p>\u2013 Jeg vet ikke. Vi f\u00e5r se hva han har lyst til. Men det viktigste for meg er at han er ute og beveger seg med kompiser. Jeg tror ikke man kan pushe noen til \u00e5 bli god. De m\u00e5 ville det selv f\u00f8rst og fremst, sier Amankwah.<\/p>\n<p>    <a href=\"https:\/\/play.tv2.no\/serier\/pappatreneren-m853vwck?utm_source=tv2.no&amp;utm_medium=promo&amp;utm_campaign=Pappatreneren&amp;utm_content=www.tv2.no\/sport\/i-bilen-pa-vei-hjem-kom-tankene-er-jeg-villig-til-dette\/18388834\/\" rel=\"nofollow noopener\" target=\"_blank\"><\/p>\n<p>    <img class=\"image__img lazyload\" itemprop=\"image\" title=\"\" alt=\"\" width=\"978\" height=\"551\" bad-src=\"https:\/\/www.europesays.com\/no\/wp-content\/uploads\/2025\/12\/1767033074_599_18416739.webp.webp\" fetchpriority=\"auto\" \/><\/p>\n<p>            Se alle episodene av Pappatreneren her<\/p>\n<p>\n                TV 2 Play\n            <\/p>\n<p>    <\/a><\/p>\n","protected":false},"excerpt":{"rendered":"\u2013 Hei, hei, hei! N\u00e5 m\u00e5 dere h\u00f8re etter, sier Yaw Amankwah f\u00f8r han bl\u00e5ser h\u00f8yt i fl\u00f8yten.&hellip;\n","protected":false},"author":2,"featured_media":124109,"comment_status":"","ping_status":"","sticky":false,"template":"","format":"standard","meta":{"footnotes":""},"categories":[59],"tags":[30,28,29,83,82],"class_list":{"0":"post-124108","1":"post","2":"type-post","3":"status-publish","4":"format-standard","5":"has-post-thumbnail","7":"category-sport","8":"tag-no","9":"tag-norge","10":"tag-norway","11":"tag-sport","12":"tag-sports"},"share_on_mastodon":{"url":"https:\/\/pubeurope.com\/@no\/115804287644561824","error":""},"_links":{"self":[{"href":"https:\/\/www.europesays.com\/no\/wp-json\/wp\/v2\/posts\/124108","targetHints":{"allow":["GET"]}}],"collection":[{"href":"https:\/\/www.europesays.com\/no\/wp-json\/wp\/v2\/posts"}],"about":[{"href":"https:\/\/www.europesays.com\/no\/wp-json\/wp\/v2\/types\/post"}],"author":[{"embeddable":true,"href":"https:\/\/www.europesays.com\/no\/wp-json\/wp\/v2\/users\/2"}],"replies":[{"embeddable":true,"href":"https:\/\/www.europesays.com\/no\/wp-json\/wp\/v2\/comments?post=124108"}],"version-history":[{"count":0,"href":"https:\/\/www.europesays.com\/no\/wp-json\/wp\/v2\/posts\/124108\/revisions"}],"wp:featuredmedia":[{"embeddable":true,"href":"https:\/\/www.europesays.com\/no\/wp-json\/wp\/v2\/media\/124109"}],"wp:attachment":[{"href":"https:\/\/www.europesays.com\/no\/wp-json\/wp\/v2\/media?parent=124108"}],"wp:term":[{"taxonomy":"category","embeddable":true,"href":"https:\/\/www.europesays.com\/no\/wp-json\/wp\/v2\/categories?post=124108"},{"taxonomy":"post_tag","embeddable":true,"href":"https:\/\/www.europesays.com\/no\/wp-json\/wp\/v2\/tags?post=124108"}],"curies":[{"name":"wp","href":"https:\/\/api.w.org\/{rel}","templated":true}]}}