{"id":124110,"date":"2025-12-29T18:32:27","date_gmt":"2025-12-29T18:32:27","guid":{"rendered":"https:\/\/www.europesays.com\/no\/124110\/"},"modified":"2025-12-29T18:32:27","modified_gmt":"2025-12-29T18:32:27","slug":"overraskende-sminketrend-er-tilbake","status":"publish","type":"post","link":"https:\/\/www.europesays.com\/no\/124110\/","title":{"rendered":"Overraskende sminketrend er tilbake"},"content":{"rendered":"<p class=\"kicker \" style=\"\">Sminketrend:\u00a0<\/p>\n<p>  Sp\u00e5s \u00e5 bli enda st\u00f8rre i 2026!\u00a0<\/p>\n<p>\n    SMINKETREND: N\u00e5 vil flere f\u00f8lge etter artist, Zara Larsson, n\u00e5r det kommer til sminke. FOTO: NTB\n  <\/p>\n<p>Har du ogs\u00e5 fors\u00f8kt \u00e5 f\u00e5 til \u00abno makeup-makeup\u00bb-looken de siste \u00e5rene og sett opp til Hailey Biebers diskrete utf\u00f8relse av den ultimate \u00abclean girl\u00bb-estetikken, med bruk av f\u00e5, enkle produkter?<\/p>\n<p>Da er vi to. Om ikke flere.\u00a0<\/p>\n<p>Men etter alt \u00e5 d\u00f8mme er det p\u00e5 tide \u00e5 parkere dr\u00f8mmen om det minimale, fuktede og lett solkyssede uttrykket, for n\u00e5 er fargerike \u00f8yelokk, rhinsteiner og kraftig rosa blush tilbake.<\/p>\n<p>Det ser vi hvert fall overalt p\u00e5 TikTok og Instagram for tiden, og <a href=\"https:\/\/www.glamourmagazine.co.uk\/article\/maximalist-beauty-makeup-trend\" rel=\"nofollow noopener\" target=\"_blank\">if\u00f8lge Glamour UK<\/a> er \u00abmaksimalistisk makeup endelig tilbake p\u00e5 moten\u00bb.<\/p>\n<p>    <a itemprop=\"url\" href=\"https:\/\/www.kk.no\/mote\/stor-test-klar-favoritt\/83893982\" rel=\"nofollow noopener\" target=\"_blank\"><\/p>\n<p>        <img loading=\"lazy\" decoding=\"async\" src=\"https:\/\/www.europesays.com\/no\/wp-content\/uploads\/2025\/12\/83925753.webp.webp\" width=\"980\" height=\"441\" title=\"Stor test: \u2013 Klar favoritt\" alt=\"\" class=\"lazyload\" style=\"--aspect-ratio-image: 2.22; \"\/><\/p>\n<p>        Stor test: \u2013 Klar favoritt<\/p>\n<p>    <\/a><\/p>\n<p>&#8211; Vise s\u00e6rpreg\u00a0\t<\/p>\n<p>En av dem som har blitt frontfigur for denne bevegelsen i skj\u00f8nnhetsverdenen, er Skandinavias egen popdronning Zara Larsson, som for tiden turnerer verden over med sitt nyeste album Midnight Sun \u2013 og som vi ser videoer av daglig n\u00e5r vi scroller gjennom TikTok.<\/p>\n<p>Hver gang hun g\u00e5r p\u00e5 scenen, er hun if\u00f8rt varianter av neongule topper, rosafargede skj\u00f8rt og mengder av glitrende paljetter \u2013 og (kanskje) viktigst av alt: sminke i alle regnbuens farger, ofte overdrysset med rhinsteiner.<\/p>\n<p>    <a itemprop=\"url\" href=\"https:\/\/www.kk.no\/mote\/na-er-denne-leppestiften-trendy-igjen\/83671515\" rel=\"nofollow noopener\" target=\"_blank\"><\/p>\n<p>        <img loading=\"lazy\" decoding=\"async\" src=\"https:\/\/www.europesays.com\/no\/wp-content\/uploads\/2025\/12\/83671554.webp.webp\" width=\"980\" height=\"441\" title=\"N\u00e5 er denne leppestiften trendy igjen\" alt=\"\" class=\"lazyload\" style=\"--aspect-ratio-image: 2.22; \"\/><\/p>\n<p>        N\u00e5 er denne leppestiften trendy igjen<\/p>\n<p>    <\/a><\/p>\n<p>De n\u00e6rmest overdrevne og lekne sminkelookene har siden g\u00e5tt viralt, og det samme har makeupartisten bak Zara Larssons uttrykk \u2013 nederlandske Sophia Sinot.<\/p>\n<p>\u2013 Kreativitet og det \u00e5 uttrykke seg selv er en naturlig del av det \u00e5 v\u00e6re menneske, og sminke er en av de enkleste m\u00e5tene \u00e5 la det skinne gjennom og vise sitt unike s\u00e6rpreg, sier hun til Glamour.<\/p>\n<p>Det er ikke bare Sophia Sinot som har tatt til seg maksimalistiske sminketrender.\u00a0<\/p>\n<p>    <a itemprop=\"url\" href=\"https:\/\/www.kk.no\/mote\/ny-sminketrend-plum-girl-spring\/82904661\" rel=\"nofollow noopener\" target=\"_blank\"><\/p>\n<p>        <img loading=\"lazy\" decoding=\"async\" src=\"https:\/\/www.europesays.com\/no\/wp-content\/uploads\/2025\/12\/82925666.webp.webp\" width=\"980\" height=\"441\" title=\"Ny sminketrend: \u00abplum girl spring\u00bb\" alt=\"\" class=\"lazyload\" style=\"--aspect-ratio-image: 2.22; \"\/><\/p>\n<p>        Ny sminketrend: \u00abplum girl spring\u00bb<\/p>\n<p>    <\/a><\/p>\n<p>\u2013 Neste \u00e5r er skj\u00f8nnhet ute etter \u00e5 bryte reglene\u00a0\t<\/p>\n<p>I <a href=\"https:\/\/business.pinterest.com\/en-gb\/pinterest-predicts\/2026\/glitchy-glam\/\" rel=\"nofollow noopener\" target=\"_blank\">Pinterests \u00e5rlige trendrapport<\/a> sp\u00e5r de at fargerik glamour blir stort i 2026. Det er litt overraskende, med tanke p\u00e5 at det verdensomspennende og trendskapende Pantone Color Institute nylig har utpekt hvitt som \u00c5rets farge i 2026.<\/p>\n<p>    <a itemprop=\"url\" href=\"https:\/\/www.kk.no\/mote\/en-fornaermelse\/83952876\" rel=\"nofollow noopener\" target=\"_blank\"><\/p>\n<p>        <img loading=\"lazy\" decoding=\"async\" src=\"https:\/\/www.europesays.com\/no\/wp-content\/uploads\/2025\/12\/83960273.webp.webp\" width=\"980\" height=\"441\" title=\"\u2013 En forn\u00e6rmelse\" alt=\"\" class=\"lazyload\" style=\"--aspect-ratio-image: 2.22; \"\/><\/p>\n<p>        \u2013 En forn\u00e6rmelse<\/p>\n<p>    <\/a><\/p>\n<p>\u2013 Neste \u00e5r er skj\u00f8nnhet ute etter \u00e5 bryte reglene \u2013 med vilje. Gen Z og millennials vil g\u00e5 med umatchede negler, lepper i to forskjellige farger og \u00f8yenskygge i klare, todelte nyanser. Farvel til symmetri, skriver Pinterest i rapporten.<\/p>\n<p>Som det meste innen skj\u00f8nnhet og mote, beveger trender seg i pendelsvingninger, og hvis Pinterest har rett i sp\u00e5kulen sin, vil neste \u00e5r minne mer om 2016.<\/p>\n<p>    <a itemprop=\"url\" href=\"https:\/\/www.kk.no\/mote\/na-vil-alle-ha-denne-vesken\/82965179\" rel=\"nofollow noopener\" target=\"_blank\"><\/p>\n<p>        <img loading=\"lazy\" decoding=\"async\" src=\"https:\/\/www.europesays.com\/no\/wp-content\/uploads\/2025\/12\/82965690.webp.webp\" width=\"980\" height=\"441\" title=\"N\u00e5 vil \u00aballe\u00bb ha denne vesken\" alt=\"\" class=\"lazyload\" style=\"--aspect-ratio-image: 2.22; \"\/><\/p>\n<p>        N\u00e5 vil \u00aballe\u00bb ha denne vesken<\/p>\n<p>    <\/a><\/p>\n<p>Det var da vi alle tegnet \u00f8yenbrynene skarpt opp, begynte \u00e5 overtegne leppene med m\u00f8rk lipliner og alltid avsluttet \u00f8yenskyggen med en tykk, winged eyeliner. Kanskje eksperimenterte du til og med med Kylie Jenners lilla leppestifter?<\/p>\n<p>Det danske motemagasinet <a href=\"https:\/\/woman.dk\/skoenhed\/makeup\/90-ernes-makeup-er-tilbage\" rel=\"nofollow noopener\" target=\"_blank\">Costume<\/a> skrev i 2016 at de ikke var i tvil om at det var 90-tallstrendene som igjen gjorde seg gjeldende i skj\u00f8nnhets- og motebransjen.<\/p>\n<p>\u2013 (\u2026) Plutselig virker tanken p\u00e5 brun leppestift, pastellfarget \u00f8yenskygge og glans ikke lenger s\u00e5 avskrekkende som den gjorde for bare noen f\u00e5 \u00e5r siden, skrev de if\u00f8lge Woman.dk.<\/p>\n<p>        <img loading=\"lazy\" decoding=\"async\" src=\"https:\/\/www.europesays.com\/no\/wp-content\/uploads\/2025\/12\/83993284.webp.webp\" width=\"980\" height=\"559\" title=\"NO MAKEUP MAKEUP: Er denne tiden fordi? FOTO: NTB\" alt=\"\" class=\"\" style=\"--aspect-ratio-image: 1.75; \"\/><\/p>\n<p>\n        NO MAKEUP MAKEUP: Er denne tiden fordi? FOTO: NTB\n    <\/p>\n<p>Siden ble det imidlertid aller mest popul\u00e6rt \u00e5 se ut som om man nesten ikke hadde sminke p\u00e5 seg i det hele tatt \u2013 alts\u00e5 det uttrykket Hailey Bieber har kapitalisert p\u00e5 de siste tre \u00e5rene med sitt eget merke Rhode.<\/p>\n<p>    <a itemprop=\"url\" href=\"https:\/\/www.kk.no\/mote\/na-skal-du-sminke-deg-slik\/83788153\" rel=\"nofollow noopener\" target=\"_blank\"><\/p>\n<p>        <img loading=\"lazy\" decoding=\"async\" src=\"https:\/\/www.europesays.com\/no\/wp-content\/uploads\/2025\/12\/83788493.webp.webp\" width=\"980\" height=\"441\" title=\"N\u00e5 skal du sminke deg slik\" alt=\"\" class=\"lazyload\" style=\"--aspect-ratio-image: 2.22; \"\/><\/p>\n<p>        N\u00e5 skal du sminke deg slik<\/p>\n<p>    <\/a><\/p>\n<p>    <a itemprop=\"url\" href=\"https:\/\/www.kk.no\/mote\/selger-for-en-milliard-dollar\/83156961\" rel=\"nofollow noopener\" target=\"_blank\"><\/p>\n<p>        <img loading=\"lazy\" decoding=\"async\" src=\"https:\/\/www.europesays.com\/no\/wp-content\/uploads\/2025\/12\/82925045.webp.webp\" width=\"980\" height=\"441\" title=\"Selger for en milliard dollar\" alt=\"\" class=\"lazyload\" style=\"--aspect-ratio-image: 2.22; \"\/><\/p>\n<p>        Selger for en milliard dollar<\/p>\n<p>    <\/a><\/p>\n<p>Alt skulle plutselig se rent, enkelt og perfekt fuktet ut, godt hjulpet p\u00e5 vei av omfattende hudpleierutiner \u2013 kanskje med unntak av Euphoria-subkulturen, HBOs ungdomsdramaserie fra 2019, som fikk alle til \u00e5 falle pladask for karakterenes sminke, ogs\u00e5 fylt med farger og rhinsteiner.<\/p>\n<p>&#8211; Vi er klare for noe g\u00f8y igjen\t<\/p>\n<p>Makeupartisten Alexandra French, som jobbet med de ikoniske Euphoria-lookene, forteller til Glamour at hun gleder seg over det \u00abetterlengtede stemningsskiftet\u00bb.<\/p>\n<p>\u2013 Politisk sett er verden et s\u00e5 m\u00f8rkt sted n\u00e5, og slik har det v\u00e6rt de siste \u00e5rene, og jeg tror vi er klare for noe g\u00f8y og spennende igjen \u2013 noe som kan bringe litt farge inn i en s\u00e5 m\u00f8rk verden.<\/p>\n<p>Er du klar til \u00e5 t\u00f8rke st\u00f8v av de gamle \u00f8yenskyggene og finne fram fargepalettene igjen? Etter alt \u00e5 d\u00f8mme b\u00f8r vi hvert fall legge gamle dyder p\u00e5 hylla og heller erstatte dem med mantraet:<\/p>\n<p class=\"font-weight-bold m-font-weight-bold\" data-lab-font_weight=\"font-weight-bold\">More is more.<\/p>\n<p>    <a itemprop=\"url\" href=\"https:\/\/www.kk.no\/mote\/advarer-langt-fra-sannheten\/83241046\" rel=\"nofollow noopener\" target=\"_blank\"><\/p>\n<p>        <img loading=\"lazy\" decoding=\"async\" src=\"https:\/\/www.europesays.com\/no\/wp-content\/uploads\/2025\/12\/83241839.webp.webp\" width=\"980\" height=\"441\" title=\"Advarer: \u2013 Langt fra sannheten\" alt=\"\" class=\"lazyload\" style=\"--aspect-ratio-image: 2.22; \"\/><\/p>\n<p>        Advarer: \u2013 Langt fra sannheten<\/p>\n<p>    <\/a><\/p>\n<p>    <a itemprop=\"url\" href=\"https:\/\/www.kk.no\/mote\/dette-blir-den-neste-store-negletrenden-1\/83075700\" rel=\"nofollow noopener\" target=\"_blank\"><\/p>\n<p>        <img loading=\"lazy\" decoding=\"async\" src=\"https:\/\/www.europesays.com\/no\/wp-content\/uploads\/2025\/12\/83077139.webp.webp\" width=\"980\" height=\"441\" title=\"Dette blir den neste store negletrenden\" alt=\"\" class=\"lazyload\" style=\"--aspect-ratio-image: 2.22; \"\/><\/p>\n<p>        Dette blir den neste store negletrenden <\/p>\n<p>    <\/a><\/p>\n<p class=\"font-weight-normal m-font-weight-normal italic m-italic\" data-lab-font_weight=\"font-weight-normal\" data-lab-italic=\"italic\">Denne saken ble f\u00f8rst publisert hos <a href=\"https:\/\/www.femina.dk\/popkultur\/stil\/makeup\/overraskende-makeup-tendens-er-tilbage-og-spaas-endnu-stoerre-i-2026\" rel=\"nofollow noopener\" target=\"_blank\">Femina<\/a>, som ogs\u00e5 eies av Aller Media.<\/p>\n","protected":false},"excerpt":{"rendered":"Sminketrend:\u00a0 Sp\u00e5s \u00e5 bli enda st\u00f8rre i 2026!\u00a0 SMINKETREND: N\u00e5 vil flere f\u00f8lge etter artist, Zara Larsson, n\u00e5r&hellip;\n","protected":false},"author":2,"featured_media":124111,"comment_status":"","ping_status":"","sticky":false,"template":"","format":"standard","meta":{"footnotes":""},"categories":[58],"tags":[71,4024,30,28,29,6097,10724,72,10821],"class_list":{"0":"post-124110","1":"post","2":"type-post","3":"status-publish","4":"format-standard","5":"has-post-thumbnail","7":"category-underholdning","8":"tag-entertainment","9":"tag-mote","10":"tag-no","11":"tag-norge","12":"tag-norway","13":"tag-sminke","14":"tag-sminketrend","15":"tag-underholdning","16":"tag-zara-larsson"},"share_on_mastodon":{"url":"https:\/\/pubeurope.com\/@no\/115804290644506064","error":""},"_links":{"self":[{"href":"https:\/\/www.europesays.com\/no\/wp-json\/wp\/v2\/posts\/124110","targetHints":{"allow":["GET"]}}],"collection":[{"href":"https:\/\/www.europesays.com\/no\/wp-json\/wp\/v2\/posts"}],"about":[{"href":"https:\/\/www.europesays.com\/no\/wp-json\/wp\/v2\/types\/post"}],"author":[{"embeddable":true,"href":"https:\/\/www.europesays.com\/no\/wp-json\/wp\/v2\/users\/2"}],"replies":[{"embeddable":true,"href":"https:\/\/www.europesays.com\/no\/wp-json\/wp\/v2\/comments?post=124110"}],"version-history":[{"count":0,"href":"https:\/\/www.europesays.com\/no\/wp-json\/wp\/v2\/posts\/124110\/revisions"}],"wp:featuredmedia":[{"embeddable":true,"href":"https:\/\/www.europesays.com\/no\/wp-json\/wp\/v2\/media\/124111"}],"wp:attachment":[{"href":"https:\/\/www.europesays.com\/no\/wp-json\/wp\/v2\/media?parent=124110"}],"wp:term":[{"taxonomy":"category","embeddable":true,"href":"https:\/\/www.europesays.com\/no\/wp-json\/wp\/v2\/categories?post=124110"},{"taxonomy":"post_tag","embeddable":true,"href":"https:\/\/www.europesays.com\/no\/wp-json\/wp\/v2\/tags?post=124110"}],"curies":[{"name":"wp","href":"https:\/\/api.w.org\/{rel}","templated":true}]}}