{"id":124112,"date":"2025-12-29T18:36:28","date_gmt":"2025-12-29T18:36:28","guid":{"rendered":"https:\/\/www.europesays.com\/no\/124112\/"},"modified":"2025-12-29T18:36:28","modified_gmt":"2025-12-29T18:36:28","slug":"dette-var-vare-best-leste-saker-i-aret-som-gikk","status":"publish","type":"post","link":"https:\/\/www.europesays.com\/no\/124112\/","title":{"rendered":"Dette var v\u00e5re best leste saker i \u00e5ret som gikk"},"content":{"rendered":"<p class=\"kicker t15 font-weight-bold m-font-weight-bold color_mobile_no_bg_color quaternary color_mobile_quaternary font-Trim text-case-transform-upper mobile-hasTextPadding\" style=\"\">Nyheter<\/p>\n<p>    Ogs\u00e5 i 2025 har nyhetsbildet v\u00e6rt s\u00e6rlig preget av krigen i Ukraina. Materiellsaker har som alltid kapret mange plasser p\u00e5 v\u00e5r best leste-liste i \u00e5r.<\/p>\n<p>\n        FEILPARKERING: Denne nederlandske beltevognen parkerte p\u00e5 plassen for grunneiers fremtidige garasje. Saken om den uheldige parkeringen ble en av v\u00e5re best leste saker i fjor.<br \/>\n        Foto: Mathias Brandt, Forsvarets forum\n    <\/p>\n<p>Krigen i Ukraina har i stor grad preget nyhetsbildet i \u00e5ret som har g\u00e5tt. Det samme har materiell. Her er kortversjonen av v\u00e5re ti best leste saker i 2025. For \u00e5 lese sakene i sin helhet kan du klikke deg inn p\u00e5 lenkene.\u00a0<\/p>\n<p>Ukrainas Flamingo-missil: \u2013 Kan true m\u00e5l i store deler av Russland<\/p>\n<p>P\u00e5 sensommeren skrev flere medier om at Ukraina hadde tatt i bruk kryssermissilet Flamingo.\u00a0<\/p>\n<p><a href=\"https:\/\/www.forsvaretsforum.no\/kryssermissil-langtrekkende-presisjonsild-luftkrigsskolen\/kan-true-mal-i-store-deler-av-russland\/455616\" target=\"_blank\" rel=\"nofollow noopener\">Missilet skal ha en rekkevidde p\u00e5 3000 kilometer og stridshode p\u00e5 opptil 1150 kilo.<\/a><\/p>\n<p>If\u00f8lge Lars Peder Haga ved Luftkrigsskolen har missilet sv\u00e6rt h\u00f8y hastighet og evne til \u00e5 komme forbi enkelte luftvernsystemer.\u00a0<\/p>\n<p>\u2013\u00a0Kort sagt \u00e5pner dette missilet for at Ukraina kan p\u00e5f\u00f8re nye typer m\u00e5l skade, og p\u00e5f\u00f8re alle slags m\u00e5l vesentlig st\u00f8rre og mer varig skade enn dronene de har brukt til n\u00e5, sa Haga.\u00a0<\/p>\n<p>                <img decoding=\"async\" src=\"https:\/\/www.europesays.com\/no\/wp-content\/uploads\/2025\/12\/471469.webp.jpeg\" width=\"480\" height=\"274\" title=\"FLAMINGO: Dette missilet ble tatt i bruk av Ukraina i 2025. Jan Polak (t.h.) og Martin Ondracek fra den tsjekkiske organisasjonen Weapons to Ukraine har samlet inn penger og betalt for akkurat dette missilet, som ogs\u00e5 har blitt dekorert av en kunstner. Bildet er tatt 16. november 2025.\" alt=\"\" loading=\"lazy\" style=\"\"\/><\/p>\n<p>\n            FLAMINGO: Dette missilet ble tatt i bruk av Ukraina i 2025. Jan Polak (t.h.) og Martin Ondracek fra den tsjekkiske organisasjonen Weapons to Ukraine har samlet inn penger og betalt for akkurat dette missilet, som ogs\u00e5 har blitt dekorert av en kunstner. Bildet er tatt 16. november 2025.<br \/>\n            Foto: Efrem Lukatsky, AP, NTB\n        <\/p>\n<p>Norge sa nei \u2013 n\u00e5 skroter USA fregatt-programmet<\/p>\n<p>I november ble det klart at <a href=\"https:\/\/www.forsvaretsforum.no\/fregatt-norge-pentagon\/norge-sa-nei-na-skroter-usa-hele-programmet\/469310\" target=\"_blank\" rel=\"nofollow noopener\">den amerikanske marinen avsluttet byggingen av fire planlagte fregatter i Constellation-klassen.<\/a><\/p>\n<p>Den amerikanske fregatten var ett av alternativene da Norge skulle kj\u00f8pe sine nye fregatter. Anskaffelsen skulle gj\u00f8res i et strategisk samarbeid med en viktig alliert, og valget falt til slutt p\u00e5 den britiske Type 26-fregatten.<\/p>\n<p>Constellation-klassen skulle opprinnelig best\u00e5 av minst ti fart\u00f8y, men ender n\u00e5 med at kun to av disse vil ferdigstilles.<\/p>\n<p>Ukraina hevder \u00e5 ha skutt ned russisk bombefly<\/p>\n<p>Det ukrainske luftforsvaret meldte i september <a href=\"https:\/\/www.forsvaretsforum.no\/bombefly-fly-luft\/hevder-a-ha-skutt-ned-russisk-bombefly\/458737\" target=\"_blank\" rel=\"nofollow noopener\">at et russisk bombefly var blitt skutt ned over\u00a0Zaporizjzja-regionen s\u00f8r i Ukraina.\u00a0<\/a><\/p>\n<p>Det skal ha v\u00e6rt et bombefly av typen Sukhoj Su-34 \u2013 en toseters jagerbomber som i Nato g\u00e5r under kallenavnet Fullback. If\u00f8lge ukrainerne ble flyet skutt ned mens det slapp glidebomber mot Zaporizjzja.\u00a0<\/p>\n<p>Uavhengige kilder har ikke verifisert hendelsen.<\/p>\n<p>Ukrainsk bataljonssjef om Leo-vogner: \u2013 Overlegne<\/p>\n<p>\u2013\u00a0Det er veldig bra stridsvogner. De er man\u00f8vrerbare, samtidig som de har sv\u00e6rt god treffsikkerhet, sa\u00a0Matvieiev Eduard om Leopard-stridsvognene <a href=\"https:\/\/www.forsvaretsforum.no\/donasjon-forsvaret-innenriks\/ukrainsk-bataljonsjef-om-leo-vogner-overlegne\/430126\" target=\"_blank\" rel=\"nofollow noopener\">til Forsvarets forum i mars 2025.\u00a0<\/a><\/p>\n<p>        <a itemprop=\"url\" class=\"\" href=\"https:\/\/www.forsvaretsforum.no\/donasjon-forsvaret-innenriks\/ukrainsk-bataljonsjef-om-leo-vogner-overlegne\/430126\" data-k5a-url=\"https:\/\/www.forsvaretsforum.no\/a\/430126\" rel=\"nofollow noopener\" target=\"_blank\"><\/p>\n<p>\nles hele saken her\n<\/p>\n<p>            Bataljonssjef om Leo-vogner:\u00a0\u00abDet mest mobile artilleriet som finnes\u00bb<\/p>\n<p>        <\/a><\/p>\n<p>Eduard er sjef for en stridsvognbataljon i den ukrainske 33. mekaniserte brigade og vognkommand\u00f8r p\u00e5 stridsvogn. Hans avdeling har mottatt donerte Leopard 2 stridsvogner.\u00a0<\/p>\n<p>\u2013 Bruker man dem rett, er de overlegne. Det er som \u00e5 sammenligne en moderne infanterist med nattopptikk og javelin, som sl\u00e5ss mot soldater fra middelalderen, sa Eduard.\u00a0<\/p>\n<p>Avdelingen skal ha mottatt norske stridsvogner, men Forsvarets forum har ikke klart \u00e5 etterg\u00e5 denne p\u00e5standen.\u00a0<\/p>\n<p>If\u00f8lge bataljonssjefen var alle de norske vognene blitt \u00f8delagt\u00a0p\u00e5 tidspunktet for intervjuet, og bataljonen hadde kunne spanske og polske vogner igjen.\u00a0<\/p>\n<p>Russisk gigantskip tilbake etter nesten 30 \u00e5r<\/p>\n<p><a href=\"https:\/\/www.forsvaretsforum.no\/barentshavet-krigsskip-russland\/russisk-gigantskip-tilbake-etter-nesten-30-ar\/452061\" target=\"_blank\" rel=\"nofollow noopener\">Det russiske krigsskipet Admiral Nakhimov ble i august slept ut fra Sevmasj-verftet i Severodinsk nord i Russland, if\u00f8lge Barents Observer.\u00a0<\/a><\/p>\n<p>Skipet har v\u00e6rt ute av drift siden 1997, men er alts\u00e5 tilbake i russisk tjeneste etter omfattende reparasjoner og modernisering.\u00a0Med sine 251 meter er det det st\u00f8rste operative krigsskipet i den russiske marinen.<\/p>\n<p>Ekspert: Forbi punktet der krigen kan vinnes<\/p>\n<p><a href=\"https:\/\/www.forsvaretsforum.no\/atomsikkerhet-atomvapen-beredskap\/ekspert-forbi-punktet-der-krigen-kan-vinnes\/444397\" target=\"_blank\" rel=\"nofollow noopener\">I juli var den russiske \u00absommeroffensiven\u00bb i gang, if\u00f8lge f\u00f8rsteamanuensis ved Luftkrigsskolen Lars Peder Haga.\u00a0<\/a><\/p>\n<p>Midt i den norske fellesferien s\u00e5 russerne ut til \u00e5 lykkes med \u00e5 samle styrker og ressurser i Donetsk, og de hadde intensivert angrepene mot Kharkiv.\u00a0<\/p>\n<p>If\u00f8lge Amund Osflaten, hovedl\u00e6rer i landmilit\u00e6r teori og doktrine ved Krigsskolen, hadde Russland i sommer for lengst innsett at krigen i Ukraina er en slitasje-krig.<\/p>\n<p>Osflaten mente i juli at krigen sannsynligvis ville ende med at Ukraina vil tape p\u00e5 sikt, s\u00e5fremt en \u00abukrainsk seier\u00bb inneb\u00e6rer \u00e5 ta tilbake russisk-okkupert territorium.\u00a0<\/p>\n<p>Reagerer p\u00e5 senking av norske fregatter: \u2013 Absurd<\/p>\n<p><a href=\"https:\/\/www.forsvaretsforum.no\/andoya-fregatt-klima-og-miljo\/reagerer-pa-senking-av-norske-fregatter-absurd\/461057\" target=\"_blank\" rel=\"nofollow noopener\">Under \u00f8velse \u00c6gir i september, ble gamle KNM Trondheim og KNM Bergen senket av Sj\u00f8forsvaret utenfor And\u00f8ya.\u00a0<\/a><\/p>\n<p>Naturvernforbundet reagerte p\u00e5 senkingen, som endte med at de gamle fregattene ble liggende p\u00e5 havets bunn. Truls Gulowsen, leder i forbundet, uttalte f\u00f8lgende til <a href=\"https:\/\/www.kystogfjord.no\/nyheter\/n\/Mn4oBK\/synes-det-er-ganske-absurd\" target=\"_blank\" rel=\"nofollow noopener\">Kyst og Fjord<\/a>:\u00a0<\/p>\n<p>                <img decoding=\"async\" src=\"https:\/\/www.europesays.com\/no\/wp-content\/uploads\/2025\/12\/471826.webp.jpeg\" width=\"480\" height=\"264\" title=\"N\u00c5DEST\u00d8TET: Her blir den gamle fregatten KNM Trdonheim truffet av en torpedo fra ub\u00e5ten KNM Uthaug.\" alt=\"\" loading=\"lazy\" style=\"\"\/><\/p>\n<p>\n            N\u00c5DEST\u00d8TET: Her blir den gamle fregatten KNM Trdonheim truffet av en torpedo fra ub\u00e5ten KNM Uthaug.<br \/>\n            Foto: Skjermbilde fra Forsvarets forskningsinstitutt\n        <\/p>\n<p class=\"font-weight-bold m-font-weight-bold\" data-lab-font_weight=\"font-weight-bold\">\u2013 Er det lokalitets-spesifikke grunner til \u00e5 legge skipene akkurat der? Hvis ikke er det bare dumping av avfall.<\/p>\n<p>Saken om senkingen av fregattene fikk stor oppmerksomhet i flere medier. I desember varslet Klima- og milj\u00f8departementet at de vil gjennomg\u00e5 saken, og blant annet <a href=\"https:\/\/www.forsvaretsforum.no\/regjeringen-varsler-gjennomgang-av-fregatt-senking\/471121\" target=\"_blank\" rel=\"nofollow noopener\">vurdere om senkingen skjedde p\u00e5 egnet sted.\u00a0<\/a><\/p>\n<p>\u2013 Vi sier ofte at det er den gode eleven som dreper deg<\/p>\n<p><a href=\"https:\/\/www.forsvaretsforum.no\/f-16-f-35-jagerfly\/vi-sier-ofte-at-det-er-den-gode-eleven-som-dreper-deg\/452245\" target=\"_blank\" rel=\"nofollow noopener\">I 2025 ble Dag Simastuen den f\u00f8rste norske flygeren som fortsatt flyr raske jetfly etter fylte 60 \u00e5r.\u00a0<\/a><\/p>\n<p>I september fortalte Simastuen om karrieren, som strekker seg over 40 \u00e5r og 7300 timer i luften. N\u00e5 er han instrukt\u00f8r i USA og synes det er g\u00f8y \u00e5 se at andre lykkes.\u00a0<\/p>\n<p>\u2013\u00a0Jeg har mye i meg fortsatt, og er i s\u00e5pass god form at jeg ikke f\u00f8ler at det er noe som bremser meg. Og s\u00e5 er det den motivasjonen for \u00e5 bidra.\u00a0Jeg kan ikke stoppe n\u00e5,\u00a0jeg flyr jo med s\u00e5 mange elever og trener dem. Pluss at Nato trenger flyvere, sier Simastuen.\u00a0<\/p>\n<p>Soldatene skulle ikke kj\u00f8re i Ronnys hage: \u2013 Nei, nei nei!<\/p>\n<p>        <a itemprop=\"url\" class=\"\" href=\"https:\/\/www.forsvaretsforum.no\/haeren-indre-troms-joint-viking\/soldatene-skulle-ikke-kjore-i-ronnys-hage-nei-nei-nei\/426979\" data-k5a-url=\"https:\/\/www.forsvaretsforum.no\/a\/426979\" rel=\"nofollow noopener\" target=\"_blank\"><\/p>\n<p>\nles hele saken\n<\/p>\n<p>            Soldatene skulle ikke kj\u00f8re i Ronnys hage: \u2013 Nei, nei nei! <\/p>\n<p>        <\/a><\/p>\n<p>Under \u00f8velsen Joint Viking i mars, s\u00e5 <a href=\"https:\/\/www.forsvaretsforum.no\/haeren-indre-troms-joint-viking\/soldatene-skulle-ikke-kjore-i-ronnys-hage-nei-nei-nei\/426979\" target=\"_blank\" rel=\"nofollow noopener\">Ronny Pettersen 40 kj\u00f8ret\u00f8y kj\u00f8re i land p\u00e5 eiendommen hans<\/a>, f\u00f8r nederlandske soldater tok seg litt vel mye til rette.\u00a0<\/p>\n<p>Pinnene som grunneier Pettersen hadde satt opp, for \u00e5 vise nederlenderne hvor de kunne parkere, hjalp bare s\u00e5nn passe.\u00a0<\/p>\n<p>De parkerte kj\u00f8ret\u00f8yene sine for n\u00e6rme et byggeprosjekt p\u00e5 eiendommen.\u00a0<\/p>\n<p>Heldigvis var en offiser fra Forsvarets operative hovedkvarters milj\u00f8gruppe p\u00e5 plass. For grunneier Pettersen gikk det bra til slutt.\u00a0<\/p>\n","protected":false},"excerpt":{"rendered":"Nyheter Ogs\u00e5 i 2025 har nyhetsbildet v\u00e6rt s\u00e6rlig preget av krigen i Ukraina. Materiellsaker har som alltid kapret&hellip;\n","protected":false},"author":2,"featured_media":124113,"comment_status":"","ping_status":"","sticky":false,"template":"","format":"standard","meta":{"footnotes":""},"categories":[12],"tags":[20,21,24,25,15,22,23,13,30,28,29,14,16,26,27,42,43,44,45],"class_list":{"0":"post-124112","1":"post","2":"type-post","3":"status-publish","4":"format-standard","5":"has-post-thumbnail","7":"category-verden","8":"tag-breaking-news","9":"tag-breakingnews","10":"tag-featured-news","11":"tag-featurednews","12":"tag-headlines","13":"tag-latest-news","14":"tag-latestnews","15":"tag-news","16":"tag-no","17":"tag-norge","18":"tag-norway","19":"tag-nyheter","20":"tag-overskrifter","21":"tag-top-stories","22":"tag-topstories","23":"tag-verden","24":"tag-world","25":"tag-world-news","26":"tag-worldnews"},"share_on_mastodon":{"url":"https:\/\/pubeurope.com\/@no\/115804306465662972","error":""},"_links":{"self":[{"href":"https:\/\/www.europesays.com\/no\/wp-json\/wp\/v2\/posts\/124112","targetHints":{"allow":["GET"]}}],"collection":[{"href":"https:\/\/www.europesays.com\/no\/wp-json\/wp\/v2\/posts"}],"about":[{"href":"https:\/\/www.europesays.com\/no\/wp-json\/wp\/v2\/types\/post"}],"author":[{"embeddable":true,"href":"https:\/\/www.europesays.com\/no\/wp-json\/wp\/v2\/users\/2"}],"replies":[{"embeddable":true,"href":"https:\/\/www.europesays.com\/no\/wp-json\/wp\/v2\/comments?post=124112"}],"version-history":[{"count":0,"href":"https:\/\/www.europesays.com\/no\/wp-json\/wp\/v2\/posts\/124112\/revisions"}],"wp:featuredmedia":[{"embeddable":true,"href":"https:\/\/www.europesays.com\/no\/wp-json\/wp\/v2\/media\/124113"}],"wp:attachment":[{"href":"https:\/\/www.europesays.com\/no\/wp-json\/wp\/v2\/media?parent=124112"}],"wp:term":[{"taxonomy":"category","embeddable":true,"href":"https:\/\/www.europesays.com\/no\/wp-json\/wp\/v2\/categories?post=124112"},{"taxonomy":"post_tag","embeddable":true,"href":"https:\/\/www.europesays.com\/no\/wp-json\/wp\/v2\/tags?post=124112"}],"curies":[{"name":"wp","href":"https:\/\/api.w.org\/{rel}","templated":true}]}}