{"id":124120,"date":"2025-12-29T18:43:06","date_gmt":"2025-12-29T18:43:06","guid":{"rendered":"https:\/\/www.europesays.com\/no\/124120\/"},"modified":"2025-12-29T18:43:06","modified_gmt":"2025-12-29T18:43:06","slug":"sverige-drap-drapsmistenkt-mann-i-salem-i-sverige-tidligere-domt-for-kidnappingsforsok","status":"publish","type":"post","link":"https:\/\/www.europesays.com\/no\/124120\/","title":{"rendered":"Sverige, Drap | Drapsmistenkt mann i Salem i Sverige tidligere d\u00f8mt for kidnappingsfors\u00f8k"},"content":{"rendered":"\n<p>Kvinnen, som hadde v\u00e6rt savnet siden natt til andre juledag, ble funnet d\u00f8d l\u00f8rdag kveld. To personer er p\u00e5grepet i saken. I tillegg til 26-\u00e5ringen er en 45 \u00e5r gammel mann siktet for kidnapping.<\/p>\n<p><b>Les ogs\u00e5:<\/b> <a href=\"https:\/\/www.nettavisen.no\/nyheter\/kvinne-funnet-dod-i-sverige-mistenkt-mann-drept-av-politiet\/s\/5-95-2796879\" rel=\"Follow nofollow noopener\" target=\"_blank\">Kvinne funnet d\u00f8d i Sverige: Mistenkt mann drept av politiet<\/a><\/p>\n<p> If\u00f8lge <a href=\"https:\/\/www.tv4.se\/artikel\/3Jahuuetl54oXQSJWwgGcA\/25-ariga-kvinnan-i-roenninge-misstaenks-ha-styckmoerdats\" rel=\"nofollow noopener\" target=\"_blank\">TV4<\/a> var 26-\u00e5ringen i ferd med \u00e5 grave ned kroppsdeler i en skog da han ble p\u00e5grepet etter spaning, men dette er ikke bekreftet av politiet. Han er alts\u00e5 siktet for b\u00e5de kidnapping og drap.<\/p>\n<p>B\u00e5de Aftonbladet og Expressen skriver at mannen tidligere er d\u00f8mt til over to \u00e5rs fengsel for kidnappingsfors\u00f8k p\u00e5 et barn, men at barnet kom seg ut av bilen. Han skal etter dommen ha byttet navn flere ganger, og skal ha et kvinnelig navn n\u00e5.<\/p>\n<p>Den 25 \u00e5r gamle kvinnen ble sist sett da hun gikk av toget p\u00e5 R\u00f6nninge stasjon i Salem kommune s\u00f8rvest for Stockholm natt til fredag. En omfattende leteaksjon i R\u00f6nninge-omr\u00e5det ble satt i gang. B\u00e5de hunder, firehjulinger, helikopter og droner bidro. <\/p>\n<p>Etter at en rekke funn ble gjort knyttet til saken, ble det \u00e5pnet en etterforskning om kidnapping. P\u00e5 bakgrunn av vitneavh\u00f8r og innhenting av bevis ble 26-\u00e5ringen raskt sirklet inn som hovedmistenkt.<\/p>\n<p> \u2013 I forbindelse med at vi p\u00e5grep personen, kom det ogs\u00e5 fram faktiske omstendigheter som tilsa at kvinnen var d\u00f8d, sier visepolitimester Max \u00c5kerwall i politidistriktet Stockholm S\u00f8r til <a href=\"https:\/\/www.expressen.se\/nyheter\/sverige\/polisen-haller-presstraff-om-sokinsatsen-i-ronninge-\/\" rel=\"nofollow noopener\" target=\"_blank\">Expressen<\/a>.<\/p>\n<p>Salem kommune har rundt 15.000 innbyggere, og mange har n\u00e5 lagt blomster p\u00e5 R\u00f6nninge torg.<\/p>\n<p>(\u00a9NTB)<\/p>\n","protected":false},"excerpt":{"rendered":"Kvinnen, som hadde v\u00e6rt savnet siden natt til andre juledag, ble funnet d\u00f8d l\u00f8rdag kveld. To personer er&hellip;\n","protected":false},"author":2,"featured_media":124121,"comment_status":"","ping_status":"","sticky":false,"template":"","format":"standard","meta":{"footnotes":""},"categories":[12],"tags":[20,21,24,25,15,22,23,13,30,28,29,14,16,26,27,42,43,44,45],"class_list":{"0":"post-124120","1":"post","2":"type-post","3":"status-publish","4":"format-standard","5":"has-post-thumbnail","7":"category-verden","8":"tag-breaking-news","9":"tag-breakingnews","10":"tag-featured-news","11":"tag-featurednews","12":"tag-headlines","13":"tag-latest-news","14":"tag-latestnews","15":"tag-news","16":"tag-no","17":"tag-norge","18":"tag-norway","19":"tag-nyheter","20":"tag-overskrifter","21":"tag-top-stories","22":"tag-topstories","23":"tag-verden","24":"tag-world","25":"tag-world-news","26":"tag-worldnews"},"share_on_mastodon":{"url":"https:\/\/pubeurope.com\/@no\/115804333923425524","error":""},"_links":{"self":[{"href":"https:\/\/www.europesays.com\/no\/wp-json\/wp\/v2\/posts\/124120","targetHints":{"allow":["GET"]}}],"collection":[{"href":"https:\/\/www.europesays.com\/no\/wp-json\/wp\/v2\/posts"}],"about":[{"href":"https:\/\/www.europesays.com\/no\/wp-json\/wp\/v2\/types\/post"}],"author":[{"embeddable":true,"href":"https:\/\/www.europesays.com\/no\/wp-json\/wp\/v2\/users\/2"}],"replies":[{"embeddable":true,"href":"https:\/\/www.europesays.com\/no\/wp-json\/wp\/v2\/comments?post=124120"}],"version-history":[{"count":0,"href":"https:\/\/www.europesays.com\/no\/wp-json\/wp\/v2\/posts\/124120\/revisions"}],"wp:featuredmedia":[{"embeddable":true,"href":"https:\/\/www.europesays.com\/no\/wp-json\/wp\/v2\/media\/124121"}],"wp:attachment":[{"href":"https:\/\/www.europesays.com\/no\/wp-json\/wp\/v2\/media?parent=124120"}],"wp:term":[{"taxonomy":"category","embeddable":true,"href":"https:\/\/www.europesays.com\/no\/wp-json\/wp\/v2\/categories?post=124120"},{"taxonomy":"post_tag","embeddable":true,"href":"https:\/\/www.europesays.com\/no\/wp-json\/wp\/v2\/tags?post=124120"}],"curies":[{"name":"wp","href":"https:\/\/api.w.org\/{rel}","templated":true}]}}