{"id":124132,"date":"2025-12-29T18:55:09","date_gmt":"2025-12-29T18:55:09","guid":{"rendered":"https:\/\/www.europesays.com\/no\/124132\/"},"modified":"2025-12-29T18:55:09","modified_gmt":"2025-12-29T18:55:09","slug":"drama-og-disk-da-hoppuka-startet-helsvart-dag-for-norge","status":"publish","type":"post","link":"https:\/\/www.europesays.com\/no\/124132\/","title":{"rendered":"Drama og disk da Hoppuka startet: Helsvart dag for Norge"},"content":{"rendered":"\n<p class=\"_lead_o9xde_2 _lead_xtcu6_50 layout-component text-serif-m layout-normal text-serif-l layout-component layout-wide layout-padded _wide_17hqh_1 layout-padded\">Du skal lese en stund for \u00e5 finne beste nordmann p\u00e5 resultatlisten i \u00e5pningsrennet i Hoppuka. Domen Prevc var best, s\u00e5 startet dramatikken. <\/p>\n<p><img alt=\"SKUFFET: Kristoffer Eriksen Sundal ble beste nordmann, men havnet langt nede p\u00e5 resultatlisten.  Foto: Geir Olsen \/ NTB\" class=\"_image_qp4xg_65 layout-component layout-wide\" data-fullscreen- data-track-element-type=\"Article image fullscreen\" data-track-name=\"ImageFullscreen\" fetchpriority=\"high\" decoding=\"sync\" loading=\"eager\" height=\"2692\" itemprop=\"image\"  src=\"https:\/\/www.europesays.com\/no\/wp-content\/uploads\/2025\/12\/29084fda-4b2b-4b75-a024-84b7810d90cc.png\"  style=\"object-position:0% 0%\" width=\"4046\"\/>SKUFFET: Kristoffer Eriksen Sundal ble beste nordmann, men havnet langt nede p\u00e5 resultatlisten.  Foto: Geir Olsen \/ NTB<\/p>\n<ul aria-hidden=\"true\" class=\"_images_ntbth_112\">\n<li><a class=\"_link_ntbth_117\" href=\"https:\/\/www.vg.no\/forfatter\/camilla-vesteng\" style=\"z-index:2\" title=\"Camilla Vesteng\" rel=\"nofollow noopener\" target=\"_blank\"><img alt=\"Bilde av Camilla Vesteng\" class=\"_image_ntbth_93\" fetchpriority=\"low\" loading=\"lazy\" decoding=\"async\" itemprop=\"image\"  src=\"https:\/\/www.europesays.com\/no\/wp-content\/uploads\/2025\/12\/ab49df32-fc16-44e1-a56a-ce5ad5bd90d2.jpeg\"  width=\"480\"\/><\/a><\/li>\n<li><a class=\"_link_ntbth_117\" href=\"https:\/\/www.vg.no\/forfatter\/ntb\" style=\"z-index:1\" title=\"NTB\" rel=\"nofollow noopener\" target=\"_blank\"><img alt=\"Bilde av NTB\" class=\"_image_ntbth_93\" fetchpriority=\"low\" loading=\"lazy\" decoding=\"async\" itemprop=\"image\"  src=\"https:\/\/www.europesays.com\/no\/wp-content\/uploads\/2025\/12\/1767034508_590_c33980b0-5d07-4027-84a1-813f90a7c8d6.png\"  width=\"480\"\/><\/a><\/li>\n<\/ul>\n<p> Oppdatert mandag 29. desember kl. 19:41    <\/p>\n<ul class=\"_list_o9xde_3 _list_64s2r_85 _unordered_o9xde_106 text-sans-m\">\n<li class=\"_item_o9xde_30\">Kristoffer Eriksen Sundal ble beste norske i \u00e5pningsrennet i hoppuka med en 10.-plass.<\/li>\n<li class=\"_item_o9xde_30\">Domen Prevc ledet etter f\u00f8rste omgang og vant.<\/li>\n<li class=\"_item_o9xde_30\">Timi Zajc ble disket etter at hoppdressen hans var tre millimeter for lang.<\/li>\n<li class=\"_item_o9xde_30\">Halvor Egner Granerud og Johan Andre Forfang endte p\u00e5 henholdsvis 21. og 22.-plass.<\/li>\n<\/ul>\n<p>Vis mer <\/p>\n<p class=\"_paragraph_o9xde_4 _paragraph_xtcu6_10 layout-component text-serif-m layout-normal text-serif-m layout-padded\">Kristoffer Eriksen Sundal ble f\u00f8rst nummer 11, men etter dramatiske minutter for stjernen Timi Zajc, s\u00e5 ble det 10. plass for nordmannen. <\/p>\n<p class=\"_paragraph_o9xde_4 _paragraph_xtcu6_10 layout-component text-serif-m layout-normal text-serif-m layout-padded\">Sundal hoppet 135,5 meter i 1. omgangen og 132 meter i det andre hoppet. Han endte 31,1 poeng bak Prevc. <\/p>\n<p><img alt=\"VANT: Domen Prevc.   Foto: Matthias Schrader \/ AP \/ NTB\" class=\"_image_qp4xg_65 layout-component layout-normal\" data-fullscreen- data-track-element-type=\"Article image fullscreen\" data-track-name=\"ImageFullscreen\" decoding=\"async\" loading=\"lazy\" height=\"3577\" itemprop=\"image\"  src=\"https:\/\/www.europesays.com\/no\/wp-content\/uploads\/2025\/12\/a5a29329-d94d-4550-bf3e-0d1a0dee6e59.png\"  style=\"object-position:0% 0%\" width=\"5365\"\/>VANT: Domen Prevc.   Foto: Matthias Schrader \/ AP \/ NTB<\/p>\n<p class=\"_paragraph_o9xde_4 _paragraph_xtcu6_10 layout-component text-serif-m layout-normal text-serif-m layout-padded\">Domen Prevc ledet etter 1. omgangen med et hopp p\u00e5 141.5 meter. I finaleomgangen hoppet han 1,5 meter kortere, men beholdt plassen \u00f8verst p\u00e5 resultatlista med solid margin, hele 17,5 poeng.  <\/p>\n<p class=\"_paragraph_o9xde_4 _paragraph_xtcu6_10 layout-component text-serif-m layout-normal text-serif-m layout-padded\">Prevc vant foran landsmannen Timi Zajc og \u00f8sterrikske Daniel Tschofenig. <\/p>\n<p class=\"_paragraph_o9xde_4 _paragraph_xtcu6_10 layout-component text-serif-m layout-normal text-serif-m layout-padded\"><strong class=\"_strong_o9xde_25\">Men etter hopprennet ble det klart at Zajc er disket, fordi hoppdressen var tre millimeter for lang, melder<a href=\"https:\/\/www.dagbladet.no\/sport\/dyster-dom\/84037732\" class=\"_link_o9xde_39\" rel=\"nofollow noopener\" target=\"_blank\"> Dagbladet<\/a>. <\/strong><\/p>\n<p><img alt=\"DISKET: Timi Zajc mandag kveld.   Foto: Matthias Schrader \/ AP \/ NTB\" class=\"_image_qp4xg_65 layout-component layout-normal\" data-fullscreen- data-track-element-type=\"Article image fullscreen\" data-track-name=\"ImageFullscreen\" decoding=\"async\" loading=\"lazy\" height=\"2872\" itemprop=\"image\"  src=\"https:\/\/www.europesays.com\/no\/wp-content\/uploads\/2025\/12\/0fd52d58-a2a2-4cf1-8273-3771c96345be.jpeg\"  style=\"object-position:0% 0%\" width=\"4307\"\/>DISKET: Timi Zajc mandag kveld.   Foto: Matthias Schrader \/ AP \/ NTB<\/p>\n<p class=\"_paragraph_o9xde_4 _paragraph_xtcu6_10 layout-component text-serif-m layout-normal text-serif-m layout-padded\">Dermed er Hoppuka \u00f8delagt for stjernehopperen Zajc, etter f\u00f8rste av fire renn. <\/p>\n<p class=\"_paragraph_o9xde_4 _paragraph_xtcu6_10 layout-component text-serif-m layout-normal text-serif-m layout-padded\">Halvor Egner Granerud landet p\u00e5 121,5 og 127,5 p\u00e5 sine to fors\u00f8k, mens Johan Andre Forfang endte med to hopp p\u00e5 126 og 127 meter. De endte p\u00e5 20. og 21.-plass. <\/p>\n<p class=\"_paragraph_o9xde_4 _paragraph_xtcu6_10 layout-component text-serif-m layout-normal text-serif-m layout-padded\">Marius Lindvik hoppet 124,5 og 124 meter, og ble nummer 23. Robin Pedersen hoppet 123,5 i 1. omgangen, men klarte bare et svev p\u00e5 113 meter i finaleomgangen, og ble nummer 29.<\/p>\n<p class=\"_paragraph_o9xde_4 _paragraph_xtcu6_10 layout-component text-serif-m layout-normal text-serif-m layout-padded\">Isak Andreas Langmo kvalifiserte seg ikke til finaleomgangen. <\/p>\n<p class=\"_paragraph_o9xde_4 _paragraph_xtcu6_10 layout-component text-serif-m layout-normal text-serif-m layout-padded\">&#8211; Vi er litt skuffet. Vi f\u00f8ler at vi kan hoppe bedre enn dette, sier landslagssjef Rune Velta til Dagbladet.<\/p>\n<p class=\"_paragraph_o9xde_4 _paragraph_xtcu6_10 layout-component text-serif-m layout-normal text-serif-m layout-padded\">Hoppuka g\u00e5r som vanlig i Oberstdorf, Garmisch-Partenkirchen og Innsbruck, f\u00f8r den avsluttes i Bischofshofen 6. januar.<\/p>\n<p class=\"_paragraph_o9xde_4 _paragraph_xtcu6_10 layout-component text-serif-m layout-normal text-serif-m layout-padded\"><strong class=\"_strong_o9xde_25\">Daniel Tschofenig fra \u00d8sterrike vant Hoppuka forrige sesong. Granerud er forrige nordmann som gikk til topps utgaven som ble arrangert i 2022\/23-sesongen. <\/strong><\/p>\n<p class=\"_paragraph_o9xde_4 _paragraph_xtcu6_10 layout-component text-serif-m layout-normal text-serif-m layout-padded\">Husker du? Slik s\u00e5 det ut vinteren Granerud vant Hoppuka!<\/p>\n","protected":false},"excerpt":{"rendered":"Du skal lese en stund for \u00e5 finne beste nordmann p\u00e5 resultatlisten i \u00e5pningsrennet i Hoppuka. Domen Prevc&hellip;\n","protected":false},"author":2,"featured_media":124133,"comment_status":"","ping_status":"","sticky":false,"template":"","format":"standard","meta":{"footnotes":""},"categories":[59],"tags":[30,28,29,83,82],"class_list":{"0":"post-124132","1":"post","2":"type-post","3":"status-publish","4":"format-standard","5":"has-post-thumbnail","7":"category-sport","8":"tag-no","9":"tag-norge","10":"tag-norway","11":"tag-sport","12":"tag-sports"},"share_on_mastodon":{"url":"https:\/\/pubeurope.com\/@no\/115804381350835964","error":""},"_links":{"self":[{"href":"https:\/\/www.europesays.com\/no\/wp-json\/wp\/v2\/posts\/124132","targetHints":{"allow":["GET"]}}],"collection":[{"href":"https:\/\/www.europesays.com\/no\/wp-json\/wp\/v2\/posts"}],"about":[{"href":"https:\/\/www.europesays.com\/no\/wp-json\/wp\/v2\/types\/post"}],"author":[{"embeddable":true,"href":"https:\/\/www.europesays.com\/no\/wp-json\/wp\/v2\/users\/2"}],"replies":[{"embeddable":true,"href":"https:\/\/www.europesays.com\/no\/wp-json\/wp\/v2\/comments?post=124132"}],"version-history":[{"count":0,"href":"https:\/\/www.europesays.com\/no\/wp-json\/wp\/v2\/posts\/124132\/revisions"}],"wp:featuredmedia":[{"embeddable":true,"href":"https:\/\/www.europesays.com\/no\/wp-json\/wp\/v2\/media\/124133"}],"wp:attachment":[{"href":"https:\/\/www.europesays.com\/no\/wp-json\/wp\/v2\/media?parent=124132"}],"wp:term":[{"taxonomy":"category","embeddable":true,"href":"https:\/\/www.europesays.com\/no\/wp-json\/wp\/v2\/categories?post=124132"},{"taxonomy":"post_tag","embeddable":true,"href":"https:\/\/www.europesays.com\/no\/wp-json\/wp\/v2\/tags?post=124132"}],"curies":[{"name":"wp","href":"https:\/\/api.w.org\/{rel}","templated":true}]}}