{"id":124160,"date":"2025-12-29T19:24:31","date_gmt":"2025-12-29T19:24:31","guid":{"rendered":"https:\/\/www.europesays.com\/no\/124160\/"},"modified":"2025-12-29T19:24:31","modified_gmt":"2025-12-29T19:24:31","slug":"knut-lage-demenskoret-knut-lage-fra-demenskoret-er-dod","status":"publish","type":"post","link":"https:\/\/www.europesays.com\/no\/124160\/","title":{"rendered":"Knut Lage, Demenskoret | Knut Lage fra \u00abDemenskoret\u00bb er d\u00f8d"},"content":{"rendered":"\n<p>Knut Lage, som ble et kjent og kj\u00e6rt ansikt for mange nordmenn gjennom sin deltakelse i NRK-suksessen \u00abDemenskoret\u00bb, har g\u00e5tt bort. Den triste nyheten ble kjent da Instagram-kontoen til \u00abDemenskoret\u00bb annonserte d\u00f8dsfallet l\u00f8rdag 27. desember.<\/p>\n<p>Gjennom TV-serien, som tok Norge med storm, bidro Knut Lage til \u00e5 vise de positive effektene sang og musikk kan ha for mennesker som lever med demens. Han ber\u00f8rte mange seere med sitt smittende hum\u00f8r og sin kj\u00e6rlighet til musikken.<\/p>\n<p>Kim Wigaard i dyp sorg<\/p>\n<p><a href=\"https:\/\/www.instagram.com\/p\/DSxbTNtjBc9\/?utm_source=ig_web_copy_link&amp;igsh=NTc4MTIwNjQ2YQ==\" rel=\"Follow nofollow noopener\" target=\"_blank\">I innlegget <\/a>uttrykker koret sin dype sorg:<\/p>\n<p>\u00abKj\u00e6re Knut Lage. Det kom som et sjokk for oss, at du ikke er med oss lenger. Jeg vil bare si at vi er s\u00e5 takknemlig for alt du har bidratt med i koret; din flotte stemme, ditt fantastiske hum\u00f8r og din gode energi. En fantastisk mann vi kommer til \u00e5 savne utrolig mye. V\u00e5re styrkeklemmer og beste tanker i sorgen g\u00e5r ut til Anna, Magnus og hele familien\u00bb.<\/p>\n<p>Dirigent for \u00abDemenskoret\u00bb, Kim Wigaard, uttrykker ogs\u00e5 dyp sorg over tapet. I en SMS til <a href=\"https:\/\/www.dagbladet.no\/kjendis\/i-sorg-en-fantastisk-mann\/84033173\" rel=\"Follow nofollow noopener\" target=\"_blank\">Dagbladet<\/a> forteller Wigaard at koret og Oslo Demensforening sender varme tanker til de p\u00e5r\u00f8rende.<\/p>\n<p>\u2013 Knut Lage var en fantastisk mann og gledesspreder, og savnet er og vil bli stort, skriver Wigaard til Dagbladet.<\/p>\n<p>    Vil du se neste video?<\/p>\n<p>    <a href=\"https:\/\/www.nettavisen.no\/nyheter\/usas-president-donald-trump-med-alvorlig-trussel-blir-det-siste-han-gjor\/v\/5-95-2796322\" class=\"recommend-poster\" data-adp-clicklabel=\"video-recommend\" data-adp-clickvalue=\"poster\" rel=\"nofollow noopener\" target=\"_blank\"><br \/>\n      <img decoding=\"async\" width=\"200\" height=\"200\" loading=\"lazy\" src=\"https:\/\/www.europesays.com\/no\/wp-content\/uploads\/2025\/12\/Trump+til+cue+2.jpg\" alt=\"\" class=\"brick-c-cFOWSL\" style=\"--brick-image-ratio: 200 \/ 200;\"\/><\/p>\n<p>Trump med alvorlig trussel: \u2013 Blir det siste han gj\u00f8r0:53<\/p>\n<p>    <\/a><\/p>\n<p>Viktig med \u00e5penhet rundt demens<\/p>\n<p><a href=\"https:\/\/www.nrk.no\/presse\/programomtaler\/demenskoret-_-nrks-ingrid-gjessing-linhave-starter-kor-1.16201542\" rel=\"Follow nofollow noopener\" target=\"_blank\">NRK<\/a> beskrev Knut Lage ved seriens start som en mann med sv\u00e6rt godt hum\u00f8r, musikalsk bakgrunn fra kor og korps, og en som likte \u00e5 g\u00e5 tur og var fysisk sprek. Han l\u00e6rte \u00e5 spille piano som barn og var kjent for sin livsglede.<\/p>\n<p>Wigaard benytter ogs\u00e5 anledningen til \u00e5 understreke viktigheten av \u00e5 fortsette \u00e5 skape \u00e5penhet rundt demenssykdommen:<\/p>\n<p>\u2013 Vi m\u00e5 fortsette \u00e5 opplyse og skape \u00e5penhet omkring demenssykdom, for det er en forferdelig sykdom som dessverre rammer alt for mange mennesker, forklarer han videre til Dagbladet.<\/p>\n<p>Programleder Ingrid Gjessing Linhave, som selv har personlig erfaring med demens i familien, uttalte ved lanseringen av \u00abDemenskoret\u00bb at serien hadde et viktig budskap:<\/p>\n<p>\u2013 Serien \u00f8nsker \u00e5 vise at selv om demens er en grusom sykdom, s\u00e5 er det s\u00e5 utrolig viktig at du f\u00e5r fortsette \u00e5 leve livet ditt, for mennesket man en gang var er der fortsatt, bare p\u00e5 en annen m\u00e5te, sa Linhave til NRK i 2022.<\/p>\n<p>    Vil du se neste video?<\/p>\n<p>    <a href=\"https:\/\/www.nettavisen.no\/kjendis\/erlend-elias-reagerer-pa-marius-borg-hoiby-boker-skitne-penger\/v\/5-95-2800286\" class=\"recommend-poster\" data-adp-clicklabel=\"video-recommend\" data-adp-clickvalue=\"poster\" rel=\"nofollow noopener\" target=\"_blank\"><br \/>\n      <img decoding=\"async\" width=\"200\" height=\"200\" loading=\"lazy\" src=\"https:\/\/www.europesays.com\/no\/wp-content\/uploads\/2025\/12\/marius borg h\u00f8iby 2022 4 NTB_UKV48Gbj760 copy.jpg\" alt=\"\" class=\"brick-c-cFOWSL\" style=\"--brick-image-ratio: 200 \/ 200;\"\/><\/p>\n<p>Reagerer: \u2013 Skitne penger1:10<\/p>\n<p>    <\/a><\/p>\n<p>        Tove Taalesen har med seg artist, programleder og Stjernekamp-vinner Kim Wigaard til en \u00e6rlig samtale om kj\u00e6rlighet og bryllup, om det \u00e5 st\u00e5 frem som seg selv, og Kim avsl\u00f8rer hva han tenker om \u00e5 f\u00e5 barn. Han har r\u00f8rt oss i \u00abDemenskoret\u00bb p\u00e5 NRK, giftet seg med mannen i sitt liv denne sommeren, og deler sterke m\u00f8ter med kongeparet. P\u00e5 scenen forteller Kim om mot, s\u00e5rbarhet og de \u00f8yeblikkene som har satt spor for livet. <\/p>\n<p><script async src=\"\/\/www.instagram.com\/embed.js\"><\/script><\/p>\n","protected":false},"excerpt":{"rendered":"Knut Lage, som ble et kjent og kj\u00e6rt ansikt for mange nordmenn gjennom sin deltakelse i NRK-suksessen \u00abDemenskoret\u00bb,&hellip;\n","protected":false},"author":2,"featured_media":124161,"comment_status":"","ping_status":"","sticky":false,"template":"","format":"standard","meta":{"footnotes":""},"categories":[12],"tags":[20,21,24,25,15,22,23,13,30,28,29,14,16,26,27,42,43,44,45],"class_list":{"0":"post-124160","1":"post","2":"type-post","3":"status-publish","4":"format-standard","5":"has-post-thumbnail","7":"category-verden","8":"tag-breaking-news","9":"tag-breakingnews","10":"tag-featured-news","11":"tag-featurednews","12":"tag-headlines","13":"tag-latest-news","14":"tag-latestnews","15":"tag-news","16":"tag-no","17":"tag-norge","18":"tag-norway","19":"tag-nyheter","20":"tag-overskrifter","21":"tag-top-stories","22":"tag-topstories","23":"tag-verden","24":"tag-world","25":"tag-world-news","26":"tag-worldnews"},"share_on_mastodon":{"url":"https:\/\/pubeurope.com\/@no\/115804495156033932","error":""},"_links":{"self":[{"href":"https:\/\/www.europesays.com\/no\/wp-json\/wp\/v2\/posts\/124160","targetHints":{"allow":["GET"]}}],"collection":[{"href":"https:\/\/www.europesays.com\/no\/wp-json\/wp\/v2\/posts"}],"about":[{"href":"https:\/\/www.europesays.com\/no\/wp-json\/wp\/v2\/types\/post"}],"author":[{"embeddable":true,"href":"https:\/\/www.europesays.com\/no\/wp-json\/wp\/v2\/users\/2"}],"replies":[{"embeddable":true,"href":"https:\/\/www.europesays.com\/no\/wp-json\/wp\/v2\/comments?post=124160"}],"version-history":[{"count":0,"href":"https:\/\/www.europesays.com\/no\/wp-json\/wp\/v2\/posts\/124160\/revisions"}],"wp:featuredmedia":[{"embeddable":true,"href":"https:\/\/www.europesays.com\/no\/wp-json\/wp\/v2\/media\/124161"}],"wp:attachment":[{"href":"https:\/\/www.europesays.com\/no\/wp-json\/wp\/v2\/media?parent=124160"}],"wp:term":[{"taxonomy":"category","embeddable":true,"href":"https:\/\/www.europesays.com\/no\/wp-json\/wp\/v2\/categories?post=124160"},{"taxonomy":"post_tag","embeddable":true,"href":"https:\/\/www.europesays.com\/no\/wp-json\/wp\/v2\/tags?post=124160"}],"curies":[{"name":"wp","href":"https:\/\/api.w.org\/{rel}","templated":true}]}}