{"id":124164,"date":"2025-12-29T19:26:12","date_gmt":"2025-12-29T19:26:12","guid":{"rendered":"https:\/\/www.europesays.com\/no\/124164\/"},"modified":"2025-12-29T19:26:12","modified_gmt":"2025-12-29T19:26:12","slug":"haper-fase-to-av-fredsavtalen-i-gaza-trer-i-kraft-snart","status":"publish","type":"post","link":"https:\/\/www.europesays.com\/no\/124164\/","title":{"rendered":"H\u00e5per fase to av fredsavtalen i Gaza trer i kraft snart"},"content":{"rendered":"\n<p class=\"_lead_o9xde_2 _lead_xtcu6_50 layout-component text-serif-m layout-normal text-serif-l layout-component layout-wide layout-padded _wide_17hqh_1 layout-padded\">Mandag m\u00f8ttes USAs president Donald Trump og Israels statsminister Benjamin Netanyahu p\u00e5 Mar-a-Lago i Florida. <\/p>\n<p><img alt=\" Foto: Alex Brandon \/ AP \/ NTB\" class=\"_image_qp4xg_65 layout-component layout-wide\" data-fullscreen- data-track-element-type=\"Article image fullscreen\" data-track-name=\"ImageFullscreen\" fetchpriority=\"high\" decoding=\"sync\" loading=\"eager\" height=\"3104\" itemprop=\"image\"  src=\"https:\/\/www.europesays.com\/no\/wp-content\/uploads\/2025\/12\/3a4f141d-421a-4219-9d50-8a1c8ec4c420.jpeg\"  style=\"object-position:0% 0%\" width=\"4655\"\/> Foto: Alex Brandon \/ AP \/ NTB<\/p>\n<ul aria-hidden=\"true\" class=\"_images_ntbth_112\">\n<li><a class=\"_link_ntbth_117\" href=\"https:\/\/www.vg.no\/forfatter\/elise-kvien\" style=\"z-index:2\" title=\"Elise Kvien\" rel=\"nofollow noopener\" target=\"_blank\"><img alt=\"Bilde av Elise Kvien\" class=\"_image_ntbth_93\" fetchpriority=\"low\" loading=\"lazy\" decoding=\"async\" itemprop=\"image\"  src=\"https:\/\/www.europesays.com\/no\/wp-content\/uploads\/2025\/12\/e9d71b6f-2a15-4dd1-85be-ea8fb873046c.jpeg\"  width=\"480\"\/><\/a><\/li>\n<li><a class=\"_link_ntbth_117\" href=\"https:\/\/www.vg.no\/forfatter\/harpreet-kaur-nijjer\" style=\"z-index:1\" title=\"Harpreet Kaur Nijjer\" rel=\"nofollow noopener\" target=\"_blank\"><img alt=\"Bilde av Harpreet Kaur Nijjer\" class=\"_image_ntbth_93\" fetchpriority=\"low\" loading=\"lazy\" decoding=\"async\" itemprop=\"image\"  src=\"https:\/\/www.europesays.com\/no\/wp-content\/uploads\/2025\/12\/1767036370_619_9915841b-33cb-470f-8ab4-1d1650cff10e.jpeg\"  width=\"480\"\/><\/a><\/li>\n<\/ul>\n<p> Oppdatert mandag 29. desember kl. 19:55     <\/p>\n<p class=\"_paragraph_o9xde_4 _paragraph_xtcu6_10 layout-component text-serif-m layout-normal text-serif-m layout-padded\">USAs president sier til oppm\u00f8tt presse mandag at han h\u00e5per at fase to av \u00abGaza-planen\u00bb trer i kraft \u00abveldig snart\u00bb. <\/p>\n<p class=\"_paragraph_o9xde_4 _paragraph_xtcu6_10 layout-component text-serif-m layout-normal text-serif-m layout-padded\">\u2013 Rekonstruksjonen av Gaza vil snart begynne, sier Trump if\u00f8lge Reuters. <\/p>\n<p class=\"_paragraph_o9xde_4 _paragraph_xtcu6_10 layout-component text-serif-m layout-normal text-serif-m layout-padded\"><strong class=\"_strong_o9xde_25\">Del to av fredsplanen er at Gaza skal gjenoppbygges til fordel for egen befolkning. <\/strong><\/p>\n<p class=\"_paragraph_o9xde_4 _paragraph_xtcu6_10 layout-component text-serif-m layout-normal text-serif-m layout-padded\">Israel og Hamas gikk tidligere i h\u00f8st med p\u00e5 et amerikansk forslag til fredsavtale i Gaza, og en v\u00e5penhvile tr\u00e5dte i kraft 10. oktober.<\/p>\n<p>Trumps 20-punkts plan<\/p>\n<ol class=\"_list_o9xde_3 _list_xtcu6_9 _list_16v91_9 _ordered_o9xde_79 layout-component text-serif-m layout-normal text-sans-m layout-padded\">\n<li class=\"_item_o9xde_30\">Gaza blir en avradikalisert, terrorfri sone uten trussel mot naboer.<\/li>\n<li class=\"_item_o9xde_30\">Gaza gjenoppbygges til fordel for egen befolkning, som har lidd mer en nok.<\/li>\n<li class=\"_item_o9xde_30\">Ved aksept fra begge parter,\u00a0<strong class=\"_strong_o9xde_25\">stanser krigen umiddelbart<\/strong>, IDF trekker seg ut til det som er avtalt, avbryter milit\u00e6r aktivitet, fryser frontlinjer og forbereder gisselutveksling.<\/li>\n<li class=\"_item_o9xde_30\">Alle gisler (levende og d\u00f8de) returneres innen 72 timer.<\/li>\n<li class=\"_item_o9xde_30\">Israel l\u00f8slater 250 livstidsfanger + 1700 arrestert etter 7. oktober.<\/li>\n<li class=\"_item_o9xde_30\">Hamas-medlemmer som avv\u00e6pner seg f\u00e5r amnesti eller trygg passasje.<\/li>\n<li class=\"_item_o9xde_30\">Ved godkjennelse av avtalen, starter full n\u00f8dhjelp til Gazastripen straks, inkludert gjenoppbygging av infrastruktur og sykehus.<\/li>\n<li class=\"_item_o9xde_30\">Hjelpen skal distribueres gjennom FN, R\u00f8de Halvm\u00e5ne mfl.; Rafah-grensen \u00e5pnes etter 19. jan-avtalen.<\/li>\n<li class=\"_item_o9xde_30\">Gaza vil styres midlertidig av en teknokratisk, upolitisk, komit\u00e9 med internasjonalt tilsyn \u2013 \u00abBoard of Peace\u00bb ledet av Donald Trump og tidligere britisk statsminister Tony Blair. Komiteen vil best\u00e5 av \u00abkvalifiserte palestinere\u00bb og internasjonal eksperter.<\/li>\n<li class=\"_item_o9xde_30\">En Trump-ledet utviklingsplan lanseres for investeringer og arbeidsplasser.<\/li>\n<li class=\"_item_o9xde_30\">Det vil bli opprettet en egen, \u00f8konomisk sone.<\/li>\n<li class=\"_item_o9xde_30\">Ingen tvinges til \u00e5 forlate Gaza; folk kan bli, reise og returnere fritt. Vi oppfordrer folk til \u00e5 bli og vil gi dem muligheten til \u00e5 bygge et bedre Gaza.<\/li>\n<li class=\"_item_o9xde_30\">Hamas og andre fraksjoner f\u00e5r ingen styringsrolle, hverken direkte eller indirekte. Milit\u00e6r infrastruktur og v\u00e5penproduksjon skal \u00f8delegges og ikke gjenoppbygges.<\/li>\n<li class=\"_item_o9xde_30\">Regionale partnere garanterer at Hamas og andre fraksjoner holder seg til avtalen og at nye Gaza ikke utgj\u00f8r en trussel for sine naboer eller egen befolkning.<\/li>\n<li class=\"_item_o9xde_30\">USA vil jobbe med arabiske og internasjonale partnere for \u00e5 etablere en midlertidig, internasjonal stabiliseringsstyrke (ISF). Stabiliseringsstyrken vil trene og st\u00f8tte palestinske politistyrker i Gaza. Stabiliseringsstyrken vil fungere som en langsiktig, intern sikkerhetsl\u00f8sning, og den vil jobbe med Israel og Egypt for \u00e5 sikre grenseomr\u00e5der. Det blir kritisk \u00e5 hindre at ammunisjon entrer Gaza, og sikre trygg flyt av varer for \u00e5 bygge opp Gaza.<\/li>\n<li class=\"_item_o9xde_30\">Israel skal ikke okkupere eller annektere Gaza. Idet ISF oppn\u00e5r kontroll og stabilitet, vil IDF trekke seg gradvis ut etter m\u00e5lbare milep\u00e6ler bestemt i enighet mellom IDF, ISF, garantister og USA. Samtidig vil midlertidige sikkerhetsperimeter beholdes.<\/li>\n<li class=\"_item_o9xde_30\">Dersom Hamas utsetter eller avviser avtalen, iverksettes punktene over, samt n\u00f8dhjelpen, i \u00abterror-frie omr\u00e5der\u00bb overlevert fra IDF til ISF (den midlertidige stabiliseringsstyrken).<\/li>\n<li class=\"_item_o9xde_30\">En interreligi\u00f8s dialogprosess vil fremme toleranse og sameksistens, og vil s\u00f8ke \u00e5 endre holdninger blant palestinere og israelere ved \u00e5 vektlegge fordelene som kan komme fra fred.<\/li>\n<li class=\"_item_o9xde_30\">N\u00e5r reformer er gjennomf\u00f8rt og gjenoppbygging p\u00e5g\u00e5r, \u00e5pnes vei mot palestinsk selvstyre og statsdannelse, som anerkjennes som et legitimt \u00f8nske for det palestinske folket.<\/li>\n<li class=\"_item_o9xde_30\">USA vil etablere politisk dialog mellom Israel og palestinerne for fredelig og velfungerende sameksistens.<\/li>\n<\/ol>\n<p>Vis mer<\/p>\n<p class=\"_paragraph_o9xde_4 _paragraph_xtcu6_10 layout-component text-serif-m layout-normal text-serif-m layout-padded\">Trumps fredsplan inneb\u00e6rer blant annet at Israel trekker seg ut av omr\u00e5det, mens Hamas gir opp sine v\u00e5pen og avst\u00e5r fra \u00e5 ha en styrende rolle. <\/p>\n<p class=\"_paragraph_o9xde_4 _paragraph_xtcu6_10 layout-component text-serif-m layout-normal text-serif-m layout-padded\">Den f\u00f8rste fasen av Trumps fredsplan inkluderte en delvis israelsk tilbaketrekning, \u00f8kt n\u00f8dhjelp og utveksling av gisler mot palestinske fanger og internerte, skriver Reuters. <\/p>\n<p class=\"_paragraph_o9xde_4 _paragraph_xtcu6_10 layout-component text-serif-m layout-normal text-serif-m layout-padded\">Nyhetsbyr\u00e5et skriver at en statsminister Netanyahu skal ha krevd at fase en ble fullf\u00f8rt ved at levninger av det siste israelske gisselet, som enn\u00e5 befinner seg i Gaza, ble returnert. <\/p>\n<p class=\"_paragraph_o9xde_4 _paragraph_xtcu6_10 layout-component text-serif-m layout-normal text-serif-m layout-padded\">\u2013 Vi gj\u00f8r alt vi kan for \u00e5 f\u00e5 levningene til det siste gisselet, sier Trump til pressen if\u00f8lge Reuters. <\/p>\n<p>    <img decoding=\"async\" alt=\"Tips oss illustrasjon\" src=\"https:\/\/www.europesays.com\/no\/wp-content\/uploads\/2025\/10\/pssst-small.webp.webp\"\/>    <\/p>\n<p class=\"title-serif-s\">Har du tips?<\/p>\n<p class=\"text-sans-m\">Send oss informasjon, bilder eller video.<\/p>\n<p>  <a href=\"https:\/\/www.vg.no\/tips-oss\" rel=\"nofollow noopener\" target=\"_blank\"> Tips oss <\/a>      <\/p>\n","protected":false},"excerpt":{"rendered":"Mandag m\u00f8ttes USAs president Donald Trump og Israels statsminister Benjamin Netanyahu p\u00e5 Mar-a-Lago i Florida. Foto: Alex Brandon&hellip;\n","protected":false},"author":2,"featured_media":124165,"comment_status":"","ping_status":"","sticky":false,"template":"","format":"standard","meta":{"footnotes":""},"categories":[5],"tags":[54,31,20,21,55,24,25,53,15,19,22,23,17,18,13,30,28,29,14,16,26,27],"class_list":{"0":"post-124164","1":"post","2":"type-post","3":"status-publish","4":"format-standard","5":"has-post-thumbnail","7":"category-overskrifter","8":"tag-benjamin-netanyahu","9":"tag-breaking","10":"tag-breaking-news","11":"tag-breakingnews","12":"tag-donald-trump","13":"tag-featured-news","14":"tag-featurednews","15":"tag-gaza","16":"tag-headlines","17":"tag-hovedoppslag","18":"tag-latest-news","19":"tag-latestnews","20":"tag-main-news","21":"tag-mainnews","22":"tag-news","23":"tag-no","24":"tag-norge","25":"tag-norway","26":"tag-nyheter","27":"tag-overskrifter","28":"tag-top-stories","29":"tag-topstories"},"share_on_mastodon":{"url":"https:\/\/pubeurope.com\/@no\/115804503098484075","error":""},"_links":{"self":[{"href":"https:\/\/www.europesays.com\/no\/wp-json\/wp\/v2\/posts\/124164","targetHints":{"allow":["GET"]}}],"collection":[{"href":"https:\/\/www.europesays.com\/no\/wp-json\/wp\/v2\/posts"}],"about":[{"href":"https:\/\/www.europesays.com\/no\/wp-json\/wp\/v2\/types\/post"}],"author":[{"embeddable":true,"href":"https:\/\/www.europesays.com\/no\/wp-json\/wp\/v2\/users\/2"}],"replies":[{"embeddable":true,"href":"https:\/\/www.europesays.com\/no\/wp-json\/wp\/v2\/comments?post=124164"}],"version-history":[{"count":0,"href":"https:\/\/www.europesays.com\/no\/wp-json\/wp\/v2\/posts\/124164\/revisions"}],"wp:featuredmedia":[{"embeddable":true,"href":"https:\/\/www.europesays.com\/no\/wp-json\/wp\/v2\/media\/124165"}],"wp:attachment":[{"href":"https:\/\/www.europesays.com\/no\/wp-json\/wp\/v2\/media?parent=124164"}],"wp:term":[{"taxonomy":"category","embeddable":true,"href":"https:\/\/www.europesays.com\/no\/wp-json\/wp\/v2\/categories?post=124164"},{"taxonomy":"post_tag","embeddable":true,"href":"https:\/\/www.europesays.com\/no\/wp-json\/wp\/v2\/tags?post=124164"}],"curies":[{"name":"wp","href":"https:\/\/api.w.org\/{rel}","templated":true}]}}