{"id":124168,"date":"2025-12-29T19:31:15","date_gmt":"2025-12-29T19:31:15","guid":{"rendered":"https:\/\/www.europesays.com\/no\/124168\/"},"modified":"2025-12-29T19:31:15","modified_gmt":"2025-12-29T19:31:15","slug":"volodymyr-zelenskyj-ukraina-krigen-zelenskyj-fredsplan-legger-opp-til-15-ar-med-sikkerhetsgarantier-fra-usa","status":"publish","type":"post","link":"https:\/\/www.europesays.com\/no\/124168\/","title":{"rendered":"Volodymyr Zelenskyj, Ukraina-krigen | Zelenskyj: Fredsplan legger opp til 15 \u00e5r med sikkerhetsgarantier fra USA"},"content":{"rendered":"\n<p>Det siste utkastet til fredsplan for Ukraina legger opp til 15 \u00e5r med sikkerhetsgarantier fra USA, if\u00f8lge president Volodymyr Zelenskyj.<\/p>\n<p>Zelenskyj fortalte om fredssamtalene med USA i en samtale med journalister p\u00e5 Whatsapp mandag. Zelenskyj sa at han har bedt USAs president Donald Trump om sikkerhetsgarantier som skal vare i opptil 50 \u00e5r.<\/p>\n<p>Sikkerhetsgarantier har v\u00e6rt et av de vanskeligste temaene for en potensiell fredsplan, sammen med territorielle innr\u00f8mmelser.<\/p>\n<p>Zelenskyj: Trenger v\u00e5penhvile for \u00e5 holde folkeavstemning<\/p>\n<p>Zelenskyj mener Ukraina b\u00f8r holde folkeavstemning om fredsplanen som diskuteres med USA.<\/p>\n<p>For \u00e5 kunne holde avstemningen trengs en v\u00e5penhvile som minst varer i 60 dager, sa presidenten i en samtale med journalister p\u00e5 Whatsapp mandag.<\/p>\n<p>Han mener Russland tydelig viser at landet ikke \u00f8nsker noen v\u00e5penhvile n\u00e5.<\/p>\n<p><b>Les ogs\u00e5: <\/b><a class=\"simple-relation related-teaser article--c-eRUmMG article--c-eRUmMG-fZoQSp-design-nettavisen article--c-eRUmMG-gwthdJ-cv\" href=\"https:\/\/www.nettavisen.no\/trump-vi-har-gjort-store-fremskritt\/s\/5-95-2799739\" rel=\"nofollow noopener\" target=\"_blank\">Trump om Zelenskyj-m\u00f8tet: \u2013 Vi har gjort store fremskritt<\/a><\/p>\n<p>M\u00f8ttes s\u00f8ndag<\/p>\n<p>Trump og Zelenskyj m\u00f8tte pressen s\u00f8ndag kveld norsk tid. Da hadde de sittet i m\u00f8ter i flere timer og diskutert den reviderte fredsplanen.<\/p>\n<p>\u2013 Vi har hatt et fantastisk m\u00f8te. Vi diskuterte mye, sa Donald Trump etter m\u00f8tet, og la til at han tror de er n\u00e6rmere en fredsavtale.<\/p>\n<p>\u2013 Jeg tror vi har kommet n\u00e6rmere, kanskje mye n\u00e6rmere. Vi har gjort store fremskritt i \u00e5 f\u00e5 en slutt p\u00e5 krigen.<\/p>\n<p>   <img decoding=\"async\" width=\"8256\" height=\"5504\" fetchpriority=\"low\"  loading=\"lazy\"  src=\"https:\/\/www.europesays.com\/no\/wp-content\/uploads\/2025\/12\/NTB_hf0rs6qLckA+%281%29.jpg\" alt=\"Donald Trump og Volodymyr Zelenskyj tar hverandre i h\u00e5nda foran Mar-a-Lago.\" class=\"brick-c-cFOWSL\" style=\"--brick-image-ratio: 8256 \/ 5504;\"\/><\/p>\n<p>      M\u00d8TES: De to statslederne tok hverandre i h\u00e5nda, f\u00f8r de hadde en kort pressebriefing.<br \/>\n      Foto: Jim Watson (AFP\/NTB)\n    <\/p>\n<p>  St\u00f8re i telefonm\u00f8te om Ukraina<\/p>\n<p>\u2013 Vi diskuterte konkrete punkter for \u00e5 f\u00e5 en slutt p\u00e5 krigen og en varig og rettferdig fredsl\u00f8sning for Ukraina, sa statsminister Jonas Gahr St\u00f8re etter telefonm\u00f8tet mellom Trump, Zelenskyj og en rekke andre ledere sent s\u00f8ndag kveld.<\/p>\n<p>\u2013 Den n\u00e6re kontakten mellom USA, Europa og Ukraina vil fortsette over de neste dagene, sier St\u00f8re i en skriftlig kommentar til <a href=\"https:\/\/www.nrk.no\/nyheter\/store-i-telefonmote-om-ukraina_-kontakten-vil-fortsette-1.17707692\" rel=\"Follow nofollow noopener\" target=\"_blank\">NRK<\/a>.<\/p>\n<p><b>Les ogs\u00e5: <\/b><a class=\"simple-relation related-teaser article--c-eRUmMG article--c-eRUmMG-fZoQSp-design-nettavisen article--c-eRUmMG-gwthdJ-cv\" href=\"https:\/\/www.nettavisen.no\/eksperter-advarer-trump-har-ingen-rundt-seg-som-bremser\/s\/5-95-2799821\" rel=\"nofollow noopener\" target=\"_blank\">Eksperter advarer: \u2013 Trump har ingen rundt seg som bremser<\/a><\/p>\n","protected":false},"excerpt":{"rendered":"Det siste utkastet til fredsplan for Ukraina legger opp til 15 \u00e5r med sikkerhetsgarantier fra USA, if\u00f8lge president&hellip;\n","protected":false},"author":2,"featured_media":124169,"comment_status":"","ping_status":"","sticky":false,"template":"","format":"standard","meta":{"footnotes":""},"categories":[12],"tags":[20,21,24,25,15,22,23,13,30,28,29,14,16,26,27,42,43,44,45],"class_list":{"0":"post-124168","1":"post","2":"type-post","3":"status-publish","4":"format-standard","5":"has-post-thumbnail","7":"category-verden","8":"tag-breaking-news","9":"tag-breakingnews","10":"tag-featured-news","11":"tag-featurednews","12":"tag-headlines","13":"tag-latest-news","14":"tag-latestnews","15":"tag-news","16":"tag-no","17":"tag-norge","18":"tag-norway","19":"tag-nyheter","20":"tag-overskrifter","21":"tag-top-stories","22":"tag-topstories","23":"tag-verden","24":"tag-world","25":"tag-world-news","26":"tag-worldnews"},"share_on_mastodon":{"url":"https:\/\/pubeurope.com\/@no\/115804522674977789","error":""},"_links":{"self":[{"href":"https:\/\/www.europesays.com\/no\/wp-json\/wp\/v2\/posts\/124168","targetHints":{"allow":["GET"]}}],"collection":[{"href":"https:\/\/www.europesays.com\/no\/wp-json\/wp\/v2\/posts"}],"about":[{"href":"https:\/\/www.europesays.com\/no\/wp-json\/wp\/v2\/types\/post"}],"author":[{"embeddable":true,"href":"https:\/\/www.europesays.com\/no\/wp-json\/wp\/v2\/users\/2"}],"replies":[{"embeddable":true,"href":"https:\/\/www.europesays.com\/no\/wp-json\/wp\/v2\/comments?post=124168"}],"version-history":[{"count":0,"href":"https:\/\/www.europesays.com\/no\/wp-json\/wp\/v2\/posts\/124168\/revisions"}],"wp:featuredmedia":[{"embeddable":true,"href":"https:\/\/www.europesays.com\/no\/wp-json\/wp\/v2\/media\/124169"}],"wp:attachment":[{"href":"https:\/\/www.europesays.com\/no\/wp-json\/wp\/v2\/media?parent=124168"}],"wp:term":[{"taxonomy":"category","embeddable":true,"href":"https:\/\/www.europesays.com\/no\/wp-json\/wp\/v2\/categories?post=124168"},{"taxonomy":"post_tag","embeddable":true,"href":"https:\/\/www.europesays.com\/no\/wp-json\/wp\/v2\/tags?post=124168"}],"curies":[{"name":"wp","href":"https:\/\/api.w.org\/{rel}","templated":true}]}}