{"id":12417,"date":"2025-08-19T16:19:09","date_gmt":"2025-08-19T16:19:09","guid":{"rendered":"https:\/\/www.europesays.com\/no\/12417\/"},"modified":"2025-08-19T16:19:09","modified_gmt":"2025-08-19T16:19:09","slug":"sv-veteranen-petter-eide-oppfordrer-til-a-stemme-pa-mdg","status":"publish","type":"post","link":"https:\/\/www.europesays.com\/no\/12417\/","title":{"rendered":"SV-veteranen Petter Eide oppfordrer til \u00e5 stemme p\u00e5 MDG"},"content":{"rendered":"\n<ul class=\"_list_1bvmi_3 _list_1flq1_85 _unordered_1bvmi_99 text-sans-m\">\n<li class=\"_item_1bvmi_30\">SVs Petter Eide anbefaler velgere fra SV, Ap og R\u00f8dt \u00e5 stemme p\u00e5 MDG for \u00e5 sikre en r\u00f8dgr\u00f8nn regjering.<\/li>\n<li class=\"_item_1bvmi_30\">Eide mener det er avgj\u00f8rende for klima og milj\u00f8 \u00e5 hindre en Sylvi Listhaug-ledet regjering.<\/li>\n<li class=\"_item_1bvmi_30\">SV-partisekret\u00e6r Audun Herning advarer mot Eides taktiske stemmegivning, og kaller det en d\u00e5rlig id\u00e9.<\/li>\n<\/ul>\n<p>Vis mer <\/p>\n<p class=\"_paragraph_1bvmi_4 _paragraph_xtcu6_10 layout-component text-serif-m layout-normal text-serif-m layout-padded\">\u2013 Jeg er har v\u00e6rt medlem i SV i over 40 \u00e5r, jeg er fortsatt SV-medlem, jeg st\u00f8tter opp om SVs politikk \u2013 og normalt ville jeg ogs\u00e5 stemt p\u00e5 partiet mitt ogs\u00e5 i \u00e5r, sier Eide:<\/p>\n<p class=\"_paragraph_1bvmi_4 _paragraph_xtcu6_10 layout-component text-serif-m layout-normal text-serif-m layout-padded\">\u2013 Men jeg har kommet til at jeg denne gangen m\u00e5 stemme p\u00e5 og anbefale velgere i SV og de andre r\u00f8dgr\u00f8nne partiene \u00e5 stemme p\u00e5 Milj\u00f8partiet De Gr\u00f8nne (MDG), sier Eide som har lang fartstid i SV:<\/p>\n<p class=\"_paragraph_1bvmi_4 _paragraph_xtcu6_10 layout-component text-serif-m layout-normal text-serif-m layout-padded\">Eide satt p\u00e5 Stortinget for SV fra 2017 til 2021 og har en lang historie i partiet, helt tilbake til 1986\u20131991, da han var politisk sekret\u00e6r i SV.<\/p>\n<p class=\"_paragraph_1bvmi_4 _paragraph_xtcu6_10 layout-component text-serif-m layout-normal text-serif-m layout-padded\">Han sier det er en viktig \u00e5rsak.<\/p>\n<p><img alt=\"Foto: J\u00f8rgen Braastad \/ VG\" class=\"_image_qp4xg_65 layout-component layout-normal\" data-fullscreen- data-track-element-type=\"Article image fullscreen\" data-track-name=\"ImageFullscreen\" decoding=\"async\" loading=\"lazy\" height=\"8192\" itemprop=\"image\"  src=\"https:\/\/www.europesays.com\/no\/wp-content\/uploads\/2025\/08\/365b8a54-b5f1-444a-971e-ee082d1d3b56\"  style=\"object-position:0% 0%\" width=\"5464\"\/>Foto: J\u00f8rgen Braastad \/ VG<\/p>\n<p class=\"_paragraph_1bvmi_4 _paragraph_xtcu6_10 layout-component text-serif-m layout-normal text-serif-m layout-padded\">\u2013 N\u00e5 st\u00e5r ting virkelig p\u00e5 spill: Vi kan f\u00e5 en Sylvi Listhaug-ledet regjering  Sylvi Listhaug-ledet regjering Blir det borgerlig flertall, alts\u00e5 et flertall for Frp, H\u00f8yre, Venstre og KrF, s\u00e5 er Frp-leder Sylvi Listhaug aktuell som statsminister. og det er s\u00e5 viktig \u00e5 hindre \u2013 fordi jeg mener det vil v\u00e6re katastrofalt, spesielt med hensyn til klima og milj\u00f8.<\/p>\n<p class=\"_paragraph_1bvmi_4 _paragraph_xtcu6_10 layout-component text-serif-m layout-normal text-serif-m layout-padded\">\u2013 Jeg gir derfor et r\u00e5d til velgere som tenker \u00e5 stemme p\u00e5 Ap, SV eller R\u00f8dt, at en stemme til MDG ved dette valget, er den beste muligheten til \u00e5 sikre en r\u00f8dgr\u00f8nn regjeringr\u00f8dgr\u00f8nn regjeringEn regjering hvor Ap, Sp, SV og R\u00f8dt har flertall. Trolig blir det en ren Ap-regjering..<\/p>\n<p class=\"_paragraph_1bvmi_4 _paragraph_xtcu6_10 layout-component text-serif-m layout-normal text-serif-m layout-padded\">Han har gjort beregninger.<\/p>\n<p class=\"_paragraph_1bvmi_4 _paragraph_xtcu6_10 layout-component text-serif-m layout-normal text-serif-m layout-padded\">\u2013 \u00c5 sikre at MDG kommer over <a href=\"https:\/\/snl.no\/sperregrense\" class=\"_link_1bvmi_39\" rel=\"nofollow noopener\" target=\"_blank\">sperregrensen<\/a> p\u00e5 fire prosent, vil utl\u00f8se 5\u20137 mandater mandaterPlasser p\u00e5 Stortinget, hvor det er 169 stortingsrepresentanter.. Men hvis en velger fra Ap, SV eller R\u00f8dt vil stemmer p\u00e5 sitt parti, s\u00e5 vil det bare kunne gi ett mandat pr. parti.<\/p>\n<p class=\"_paragraph_1bvmi_4 _paragraph_xtcu6_10 layout-component text-serif-m layout-normal text-serif-m layout-padded\">Han sier det kan v\u00e6re vippepunktet som sikrer fortsatt r\u00f8dgr\u00f8nn regjering. <\/p>\n<p class=\"_paragraph_1bvmi_4 _paragraph_xtcu6_10 layout-component text-serif-m layout-normal text-serif-m layout-padded\">\u2013 Det st\u00e5r s\u00e5 mye p\u00e5 spill at velgere p\u00e5 r\u00f8dgr\u00f8nn side m\u00e5 bite litt i det sure eplet m\u00e5 bite litt i det sure eplet Foreta valg som de egentlig ikke vil, men som de gj\u00f8r at strategiske hensyn.og velge \u00e5 gj\u00f8re det som er mest taktisk riktig.<\/p>\n<p class=\"_paragraph_1bvmi_4 _paragraph_xtcu6_10 layout-component text-serif-m layout-normal text-serif-m layout-padded\">\u2013 SV har v\u00e6rt nede <a href=\"https:\/\/www.pollofpolls.no\/?cmd=Maling&amp;gallupid=5517\" class=\"_link_1bvmi_39\" rel=\"nofollow noopener\" target=\"_blank\">p\u00e5 5-tallet<\/a> p\u00e5 m\u00e5linger p\u00e5 ettersommeren; det er ganske n\u00e6r sperrefristen det ogs\u00e5?<\/p>\n<p class=\"_paragraph_1bvmi_4 _paragraph_xtcu6_10 layout-component text-serif-m layout-normal text-serif-m layout-padded\">\u2013 Jeg tror ikke det er noen risiko hverken for SV eller R\u00f8dt at de havner under sperregrensen.<\/p>\n<p class=\"_paragraph_1bvmi_4 _paragraph_xtcu6_10 layout-component text-serif-m layout-normal text-serif-m layout-padded\">\u2013 Litt om politikk: Mener du at MDG har en bedre klimapolitikk enn ditt eget SV?<\/p>\n<p class=\"_paragraph_1bvmi_4 _paragraph_xtcu6_10 layout-component text-serif-m layout-normal text-serif-m layout-padded\">\u2013 De st\u00e5r ganske likt i sin helhetlige politikk, men MDG er litt skarpere. De setter klima helt p\u00e5 topp, mens SV likestiller rettferdig fordeling og klima som partiets viktigste saker.<\/p>\n<p><img alt=\"Foto: J\u00f8rgen Braastad \/ VG\" class=\"_image_qp4xg_65 layout-component layout-normal\" data-fullscreen- data-track-element-type=\"Article image fullscreen\" data-track-name=\"ImageFullscreen\" decoding=\"async\" loading=\"lazy\" height=\"5078\" itemprop=\"image\"  src=\"https:\/\/www.europesays.com\/no\/wp-content\/uploads\/2025\/08\/6be3d12a-561e-4396-a919-3b857d36627a\"  style=\"object-position:0% 0%\" width=\"7613\"\/>Foto: J\u00f8rgen Braastad \/ VGVil inn i EU<\/p>\n<p class=\"_paragraph_1bvmi_4 _paragraph_xtcu6_10 layout-component text-serif-m layout-normal text-serif-m layout-padded\">MDG har vedtatt at de vil jobbe for at Norge skal bli medlem av EU, noe SV er kraftig motstander av.<\/p>\n<p class=\"_paragraph_1bvmi_4 _paragraph_xtcu6_10 layout-component text-serif-m layout-normal text-serif-m layout-padded\">\u2013 Betyr de ulike tiln\u00e6rmingene til EU noe?<\/p>\n<p class=\"_paragraph_1bvmi_4 _paragraph_xtcu6_10 layout-component text-serif-m layout-normal text-serif-m layout-padded\">\u2013 MDG er tydeligere p\u00e5 behovet for internasjonalt samarbeid og at \u00e5 sikre en god klimapolitikk handler om samarbeide internasjonalt, ogs\u00e5 med EU, som er en drivende kraft i verden for \u00e5 n\u00e5 klimam\u00e5lene. <\/p>\n<p class=\"_paragraph_1bvmi_4 _paragraph_xtcu6_10 layout-component text-serif-m layout-normal text-serif-m layout-padded\">\u2013 Du mener Norge b\u00f8r bli medlem av EU?<\/p>\n<p class=\"_paragraph_1bvmi_4 _paragraph_xtcu6_10 layout-component text-serif-m layout-normal text-serif-m layout-padded\">\u2013 Ja, det mener jeg ogs\u00e5. Ideen om at man kan redde klima uten \u00e5 m\u00e5tte avgi suverenitet, det holder ikke. Skal man sikre klima m\u00e5 man inng\u00e5 forpliktende internasjonalt samarbeid. Det er det samme som \u00e5 avgi noe nasjonal suverenitet.<\/p>\n<p class=\"_paragraph_1bvmi_4 _paragraph_xtcu6_10 layout-component text-serif-m layout-normal text-serif-m layout-padded\">\u2013 Er ikke det et vanskelig standpunkt n\u00e5r du er medlem i SV?<\/p>\n<p class=\"_paragraph_1bvmi_4 _paragraph_xtcu6_10 layout-component text-serif-m layout-normal text-serif-m layout-padded\">\u2013 Nei, nei, det er mange SV-ere som er enig i det. Jeg tror SV p\u00e5 sikt m\u00e5 gj\u00f8re om EU-standpunktet sitt, nettopp av klimahensyn. Men den debatten f\u00e5r vi ta en annen gang, sier Eide, som ogs\u00e5 har en lang karriere som generalsekret\u00e6r i Amnesty International Norge, Care International Norge og Norsk Folkehjelp.<\/p>\n<p class=\"_paragraph_1bvmi_4 _paragraph_xtcu6_10 layout-component text-serif-m layout-normal text-serif-m layout-padded\">I dag er han pensjonist, med noen styreverv, blant annet styreleder i Leve, foreningen for etterlatte etter selvmord.<\/p>\n<p>\u2013 D\u00e5rlig ide<\/p>\n<p class=\"_paragraph_1bvmi_4 _paragraph_xtcu6_10 layout-component text-serif-m layout-normal text-serif-m layout-padded\">SV-partisekret\u00e6r Audun Herning advarer sterkt mot \u00e5 f\u00f8lge Eides r\u00e5d.<\/p>\n<p class=\"_paragraph_1bvmi_4 _paragraph_xtcu6_10 layout-component text-serif-m layout-normal text-serif-m layout-padded\">\u2013 Dette er en d\u00e5rlig ide. Stem p\u00e5 MDG hvis det er partiet du er mest enig med, men taktisk stemmegivningtaktisk stemmegivningStemme mot sin overbevisning. Eksempel: Egentlig vil du stemme p\u00e5 Ap, men for \u00e5 hjelpe MDG over sperregrensen og p\u00e5 den m\u00e5ten tenke at det kan gi r\u00f8dgr\u00f8nt flertall, s\u00e5 stemmer du p\u00e5 MDG. kan raskt sl\u00e5 tilbake og bidra til \u00e5 gj\u00f8re Listhaug til statsminister, sier Herning og utdyper:<\/p>\n<p><img alt=\"Audun Herning sammenlikner med situasjonen i 2017.  Foto: Helge Mikalsen \/ VG\" class=\"_image_qp4xg_65 layout-component layout-normal\" data-fullscreen- data-track-element-type=\"Article image fullscreen\" data-track-name=\"ImageFullscreen\" decoding=\"async\" loading=\"lazy\" height=\"3445\" itemprop=\"image\"  src=\"https:\/\/www.europesays.com\/no\/wp-content\/uploads\/2025\/08\/3b311473-7bca-4a5c-97df-fb9369353259\"  style=\"object-position:0% 0%\" width=\"4355\"\/>Audun Herning sammenlikner med situasjonen i 2017.  Foto: Helge Mikalsen \/ VG<\/p>\n<p class=\"_paragraph_1bvmi_4 _paragraph_xtcu6_10 layout-component text-serif-m layout-normal text-serif-m layout-padded\">\u2013 Stemmer r\u00f8dgr\u00f8nne velgere p\u00e5 MDG og de ikke kommer over sperregrensen, er det stemmer som kunne bidratt til \u00e5 sikre et r\u00f8dgr\u00f8nt flertall, hvis de hadde stemte p\u00e5 det r\u00f8dgr\u00f8nne partiet de egentlig ville stemme p\u00e5.<\/p>\n<p class=\"_paragraph_1bvmi_4 _paragraph_xtcu6_10 layout-component text-serif-m layout-normal text-serif-m layout-padded\">Han sier at de ogs\u00e5 hadde den diskusjonen i 2021.<\/p>\n<p class=\"_paragraph_1bvmi_4 _paragraph_xtcu6_10 layout-component text-serif-m layout-normal text-serif-m layout-padded\">\u2013 Da hadde MDG 5,5 p\u00e5 snittet av augustm\u00e5lingene, men de kom under sperregrensen ved stortingsvalget i september, sier han:<\/p>\n<p class=\"_paragraph_1bvmi_4 _paragraph_xtcu6_10 layout-component text-serif-m layout-normal text-serif-m layout-padded\">\u2013 Alle som stemte MDG strategisk den gangen, fikk ikke den uttellingen. N\u00e5r MDG n\u00e5 ligger s\u00e5pass langt bak det, sammenliknet med 5,5 i 2021, er det i beste fall gambling \u00e5 stemme strategisk p\u00e5 MDG.<\/p>\n<p class=\"_paragraph_1bvmi_4 _paragraph_xtcu6_10 layout-component text-serif-m layout-normal text-serif-m layout-padded\">Se dagens VG-m\u00e5ling <a href=\"https:\/\/www.vg.no\/nyheter\/i\/4B22wR\/vgs-partimaaling-mdg-jubler-ap-faller\" data-track-element-type=\"Link\" data-track-id=\"link:4B22wR\" class=\"_link_1bvmi_39\" rel=\"nofollow noopener\" target=\"_blank\">her<\/a>.<\/p>\n","protected":false},"excerpt":{"rendered":"SVs Petter Eide anbefaler velgere fra SV, Ap og R\u00f8dt \u00e5 stemme p\u00e5 MDG for \u00e5 sikre en&hellip;\n","protected":false},"author":2,"featured_media":12418,"comment_status":"","ping_status":"","sticky":false,"template":"","format":"standard","meta":{"footnotes":""},"categories":[10],"tags":[20,21,24,25,15,22,23,13,30,28,281,29,14,16,199,26,27,205],"class_list":{"0":"post-12417","1":"post","2":"type-post","3":"status-publish","4":"format-standard","5":"has-post-thumbnail","7":"category-norge","8":"tag-breaking-news","9":"tag-breakingnews","10":"tag-featured-news","11":"tag-featurednews","12":"tag-headlines","13":"tag-latest-news","14":"tag-latestnews","15":"tag-news","16":"tag-no","17":"tag-norge","18":"tag-norsk-politikk","19":"tag-norway","20":"tag-nyheter","21":"tag-overskrifter","22":"tag-stortingsvalg","23":"tag-top-stories","24":"tag-topstories","25":"tag-vgsamfunn"},"share_on_mastodon":{"url":"","error":""},"_links":{"self":[{"href":"https:\/\/www.europesays.com\/no\/wp-json\/wp\/v2\/posts\/12417","targetHints":{"allow":["GET"]}}],"collection":[{"href":"https:\/\/www.europesays.com\/no\/wp-json\/wp\/v2\/posts"}],"about":[{"href":"https:\/\/www.europesays.com\/no\/wp-json\/wp\/v2\/types\/post"}],"author":[{"embeddable":true,"href":"https:\/\/www.europesays.com\/no\/wp-json\/wp\/v2\/users\/2"}],"replies":[{"embeddable":true,"href":"https:\/\/www.europesays.com\/no\/wp-json\/wp\/v2\/comments?post=12417"}],"version-history":[{"count":0,"href":"https:\/\/www.europesays.com\/no\/wp-json\/wp\/v2\/posts\/12417\/revisions"}],"wp:featuredmedia":[{"embeddable":true,"href":"https:\/\/www.europesays.com\/no\/wp-json\/wp\/v2\/media\/12418"}],"wp:attachment":[{"href":"https:\/\/www.europesays.com\/no\/wp-json\/wp\/v2\/media?parent=12417"}],"wp:term":[{"taxonomy":"category","embeddable":true,"href":"https:\/\/www.europesays.com\/no\/wp-json\/wp\/v2\/categories?post=12417"},{"taxonomy":"post_tag","embeddable":true,"href":"https:\/\/www.europesays.com\/no\/wp-json\/wp\/v2\/tags?post=12417"}],"curies":[{"name":"wp","href":"https:\/\/api.w.org\/{rel}","templated":true}]}}