{"id":124201,"date":"2025-12-29T20:16:08","date_gmt":"2025-12-29T20:16:08","guid":{"rendered":"https:\/\/www.europesays.com\/no\/124201\/"},"modified":"2025-12-29T20:16:08","modified_gmt":"2025-12-29T20:16:08","slug":"formueskatt-boliglan-de-ignorerer-betalingsevne-og-livssituasjon","status":"publish","type":"post","link":"https:\/\/www.europesays.com\/no\/124201\/","title":{"rendered":"Formueskatt, Boligl\u00e5n | De Ignorerer betalingsevne og livssituasjon"},"content":{"rendered":"\n<p><a href=\"https:\/\/www.budstikka.no\/nar-formuesskatt-rammer-98-aringer-med-lav-inntekt\/o\/5-55-2165847\" rel=\"Follow nofollow noopener\" target=\"_blank\">(Budstikka): <\/a>Min mor er 98 \u00e5r gammel og lever av vanlig alderspensjon fra folketrygden. Hun har bodd i samme bolig siden det ble bygget, og har aldri spekulert i eiendom eller hatt h\u00f8ye inntekter.<\/p>\n<p>Likevel har hun n\u00e5 f\u00e5tt en skatte\u00f8kning p\u00e5 rundt 70.000 kroner. \u00c5rsaken er \u00f8kt formuesskatt p\u00e5 bolig, fordi huset ligger i et omr\u00e5de i B\u00e6rum som i dag defineres som \u00abdyrt\u00bb.<\/p>\n<p><b>Les ogs\u00e5: <a href=\"https:\/\/www.nettavisen.no\/norsk-debatt\/sjokkbeskjed-kutter-eldreomsorg-rett-for-jul\/o\/5-95-2787694\" rel=\"Follow nofollow noopener\" target=\"_blank\">V\u00e5re foreldre settes p\u00e5 pause \u2013 pengene settes p\u00e5 bok<\/a><\/b><\/p>\n<p>Skatten tar ikke hensyn til betalingsevne. Verdien er urealisert, inntekten lav og uendret. Resultatet er et skattetrekk p\u00e5 rundt 45 prosent av pensjonen.<\/p>\n<p>Dette er ikke et enkeltst\u00e5ende tilfelle. Mange eldre i Oslo, B\u00e6rum og andre pressomr\u00e5der rammes av samme mekanisme: De blir skattlagt som formuende, selv om de lever av vanlige pensjoner.<\/p>\n<p><b>Les ogs\u00e5:<a href=\"https:\/\/www.nettavisen.no\/norsk-debatt\/sentralisering-dreper-bygda-dette-mister-vi\/o\/5-95-2787961\" rel=\"Follow nofollow noopener\" target=\"_blank\"> Vi er i ferd med \u00e5 bli en utrydningstrua art<\/a><\/b><\/p>\n<p>Alternativene staten i praksis stiller dem overfor er f\u00e5 og brutale: bel\u00e5ne boligen i h\u00f8y alder, bruke opp eventuelle reserver \u2013 eller selge hjemmet de har bodd i hele livet.<\/p>\n<p>Et skattesystem som ignorerer betalingsevne og livssituasjon, og i stedet baserer seg p\u00e5 teoretiske boligverdier, rammer sosialt skjevt. Er det virkelig dette som menes med trygg styring og rettferdig beskatning?<\/p>\n","protected":false},"excerpt":{"rendered":"(Budstikka): Min mor er 98 \u00e5r gammel og lever av vanlig alderspensjon fra folketrygden. Hun har bodd i&hellip;\n","protected":false},"author":2,"featured_media":124202,"comment_status":"","ping_status":"","sticky":false,"template":"","format":"standard","meta":{"footnotes":""},"categories":[10],"tags":[20,21,24,25,15,22,23,13,30,28,29,14,16,26,27],"class_list":{"0":"post-124201","1":"post","2":"type-post","3":"status-publish","4":"format-standard","5":"has-post-thumbnail","7":"category-norge","8":"tag-breaking-news","9":"tag-breakingnews","10":"tag-featured-news","11":"tag-featurednews","12":"tag-headlines","13":"tag-latest-news","14":"tag-latestnews","15":"tag-news","16":"tag-no","17":"tag-norge","18":"tag-norway","19":"tag-nyheter","20":"tag-overskrifter","21":"tag-top-stories","22":"tag-topstories"},"share_on_mastodon":{"url":"https:\/\/pubeurope.com\/@no\/115804699606743138","error":""},"_links":{"self":[{"href":"https:\/\/www.europesays.com\/no\/wp-json\/wp\/v2\/posts\/124201","targetHints":{"allow":["GET"]}}],"collection":[{"href":"https:\/\/www.europesays.com\/no\/wp-json\/wp\/v2\/posts"}],"about":[{"href":"https:\/\/www.europesays.com\/no\/wp-json\/wp\/v2\/types\/post"}],"author":[{"embeddable":true,"href":"https:\/\/www.europesays.com\/no\/wp-json\/wp\/v2\/users\/2"}],"replies":[{"embeddable":true,"href":"https:\/\/www.europesays.com\/no\/wp-json\/wp\/v2\/comments?post=124201"}],"version-history":[{"count":0,"href":"https:\/\/www.europesays.com\/no\/wp-json\/wp\/v2\/posts\/124201\/revisions"}],"wp:featuredmedia":[{"embeddable":true,"href":"https:\/\/www.europesays.com\/no\/wp-json\/wp\/v2\/media\/124202"}],"wp:attachment":[{"href":"https:\/\/www.europesays.com\/no\/wp-json\/wp\/v2\/media?parent=124201"}],"wp:term":[{"taxonomy":"category","embeddable":true,"href":"https:\/\/www.europesays.com\/no\/wp-json\/wp\/v2\/categories?post=124201"},{"taxonomy":"post_tag","embeddable":true,"href":"https:\/\/www.europesays.com\/no\/wp-json\/wp\/v2\/tags?post=124201"}],"curies":[{"name":"wp","href":"https:\/\/api.w.org\/{rel}","templated":true}]}}