{"id":124211,"date":"2025-12-29T20:24:14","date_gmt":"2025-12-29T20:24:14","guid":{"rendered":"https:\/\/www.europesays.com\/no\/124211\/"},"modified":"2025-12-29T20:24:14","modified_gmt":"2025-12-29T20:24:14","slug":"nordland-brann-funnet-dod-i-bobil","status":"publish","type":"post","link":"https:\/\/www.europesays.com\/no\/124211\/","title":{"rendered":"Nordland, Brann | Funnet d\u00f8d i bobil"},"content":{"rendered":"\n<p>Politiet rykket ut etter melding om brann i en bobil klokken 09.25 mandag morgen.<\/p>\n<p>&#8211; Bobilen brant helt ned, og politiet fant en d\u00f8d person p\u00e5 stedet. Det jobbes n\u00e5 med \u00e5 f\u00e5 identifisert vedkommende, som vil bli obdusert. Kj\u00f8ret\u00f8yet ser ut til \u00e5 v\u00e6re registrert i utlandet, og politiet jobber videre med \u00e5 f\u00e5 avklart sikker registrering p\u00e5 dette, sier politiadvokat Eirik Magnus Blomli i ei pressemelding fra Nordland politidistrikt. <\/p>\n","protected":false},"excerpt":{"rendered":"Politiet rykket ut etter melding om brann i en bobil klokken 09.25 mandag morgen. &#8211; Bobilen brant helt&hellip;\n","protected":false},"author":2,"featured_media":4133,"comment_status":"","ping_status":"","sticky":false,"template":"","format":"standard","meta":{"footnotes":""},"categories":[5],"tags":[36,367,20,21,24,25,15,19,22,23,17,18,13,30,687,28,29,14,16,254,1510,26,27],"class_list":{"0":"post-124211","1":"post","2":"type-post","3":"status-publish","4":"format-standard","5":"has-post-thumbnail","7":"category-overskrifter","8":"tag-art","9":"tag-brann","10":"tag-breaking-news","11":"tag-breakingnews","12":"tag-featured-news","13":"tag-featurednews","14":"tag-headlines","15":"tag-hovedoppslag","16":"tag-latest-news","17":"tag-latestnews","18":"tag-main-news","19":"tag-mainnews","20":"tag-news","21":"tag-no","22":"tag-nordland","23":"tag-norge","24":"tag-norway","25":"tag-nyheter","26":"tag-overskrifter","27":"tag-politi","28":"tag-story","29":"tag-top-stories","30":"tag-topstories"},"share_on_mastodon":{"url":"https:\/\/pubeurope.com\/@no\/115804731026732763","error":""},"_links":{"self":[{"href":"https:\/\/www.europesays.com\/no\/wp-json\/wp\/v2\/posts\/124211","targetHints":{"allow":["GET"]}}],"collection":[{"href":"https:\/\/www.europesays.com\/no\/wp-json\/wp\/v2\/posts"}],"about":[{"href":"https:\/\/www.europesays.com\/no\/wp-json\/wp\/v2\/types\/post"}],"author":[{"embeddable":true,"href":"https:\/\/www.europesays.com\/no\/wp-json\/wp\/v2\/users\/2"}],"replies":[{"embeddable":true,"href":"https:\/\/www.europesays.com\/no\/wp-json\/wp\/v2\/comments?post=124211"}],"version-history":[{"count":0,"href":"https:\/\/www.europesays.com\/no\/wp-json\/wp\/v2\/posts\/124211\/revisions"}],"wp:featuredmedia":[{"embeddable":true,"href":"https:\/\/www.europesays.com\/no\/wp-json\/wp\/v2\/media\/4133"}],"wp:attachment":[{"href":"https:\/\/www.europesays.com\/no\/wp-json\/wp\/v2\/media?parent=124211"}],"wp:term":[{"taxonomy":"category","embeddable":true,"href":"https:\/\/www.europesays.com\/no\/wp-json\/wp\/v2\/categories?post=124211"},{"taxonomy":"post_tag","embeddable":true,"href":"https:\/\/www.europesays.com\/no\/wp-json\/wp\/v2\/tags?post=124211"}],"curies":[{"name":"wp","href":"https:\/\/api.w.org\/{rel}","templated":true}]}}