{"id":124214,"date":"2025-12-29T20:30:33","date_gmt":"2025-12-29T20:30:33","guid":{"rendered":"https:\/\/www.europesays.com\/no\/124214\/"},"modified":"2025-12-29T20:30:33","modified_gmt":"2025-12-29T20:30:33","slug":"koloniseringen-av-palestina-var-et-europeisk-prosjekt-ikke-et-jodisk","status":"publish","type":"post","link":"https:\/\/www.europesays.com\/no\/124214\/","title":{"rendered":"Koloniseringen av Palestina var et europeisk prosjekt, ikke et j\u00f8disk"},"content":{"rendered":"<p class=\"kicker font-weight-bold m-font-weight-bold\" style=\"\">| Debatt<\/p>\n<p>\n        SAN REMO: Internasjonale ledere samlet i 1920. Vi ser blant andre statsministrene David Lloyd George (Storbritannia), Alexandre Millerand (Frankrike) og Francesco Nitti (Italia). Til h\u00f8yre skribent Shoaib Sultan.<br \/>\n        NTB og arkiv\n    <\/p>\n<p>Per Arne Isaksen skriver\u00a0<a href=\"https:\/\/www.dagen.no\/meninger\/det-har-alltid-vaert-et-jodisk-naervaer-i-palestina\/1528503\" style=\"font-size: 1.125rem;\" rel=\"nofollow noopener\" target=\"_blank\">innsiktsfullt\u00a0<\/a>n\u00e5r han p\u00e5peker at konflikten mellom Israel og Palestina ikke kan forst\u00e5s gjennom enkeltmomenter l\u00f8srevet fra sin historiske og normative sammenheng.\u00a0<\/p>\n<p>Jeg er enig med ham og setter pris p\u00e5 hans presisering av at verken San Remo konferansen eller mandattekstene eksplisitt vedtok en j\u00f8disk stat. Det er korrekt, viktig og et viktig utgangspunkt. Samtidig er det n\u00f8dvendig \u00e5 fastholde at tekstn\u00e6r korrekthet alene ikke l\u00f8ser de grunnleggende sp\u00f8rsm\u00e5lene. Historiske dokumenter m\u00e5 vurderes i lys av hvordan de faktisk ble anvendt, og hvordan de forholder seg til senere rettsutvikling.\u00a0<\/p>\n<p>Mandatsystemet var ment som en overgangsordning, etablert av europeiske stormakter i en tid der kolonial forvaltning var normen. Det var ikke en evigvarende rettsorden som kunne fryses i 1920 og gis forrang over all senere folkerett.<\/p>\n","protected":false},"excerpt":{"rendered":"| Debatt SAN REMO: Internasjonale ledere samlet i 1920. Vi ser blant andre statsministrene David Lloyd George (Storbritannia),&hellip;\n","protected":false},"author":2,"featured_media":124215,"comment_status":"","ping_status":"","sticky":false,"template":"","format":"standard","meta":{"footnotes":""},"categories":[12],"tags":[20,21,24,25,15,22,23,13,30,28,29,14,16,26,27,42,43,44,45],"class_list":{"0":"post-124214","1":"post","2":"type-post","3":"status-publish","4":"format-standard","5":"has-post-thumbnail","7":"category-verden","8":"tag-breaking-news","9":"tag-breakingnews","10":"tag-featured-news","11":"tag-featurednews","12":"tag-headlines","13":"tag-latest-news","14":"tag-latestnews","15":"tag-news","16":"tag-no","17":"tag-norge","18":"tag-norway","19":"tag-nyheter","20":"tag-overskrifter","21":"tag-top-stories","22":"tag-topstories","23":"tag-verden","24":"tag-world","25":"tag-world-news","26":"tag-worldnews"},"share_on_mastodon":{"url":"https:\/\/pubeurope.com\/@no\/115804754656873575","error":""},"_links":{"self":[{"href":"https:\/\/www.europesays.com\/no\/wp-json\/wp\/v2\/posts\/124214","targetHints":{"allow":["GET"]}}],"collection":[{"href":"https:\/\/www.europesays.com\/no\/wp-json\/wp\/v2\/posts"}],"about":[{"href":"https:\/\/www.europesays.com\/no\/wp-json\/wp\/v2\/types\/post"}],"author":[{"embeddable":true,"href":"https:\/\/www.europesays.com\/no\/wp-json\/wp\/v2\/users\/2"}],"replies":[{"embeddable":true,"href":"https:\/\/www.europesays.com\/no\/wp-json\/wp\/v2\/comments?post=124214"}],"version-history":[{"count":0,"href":"https:\/\/www.europesays.com\/no\/wp-json\/wp\/v2\/posts\/124214\/revisions"}],"wp:featuredmedia":[{"embeddable":true,"href":"https:\/\/www.europesays.com\/no\/wp-json\/wp\/v2\/media\/124215"}],"wp:attachment":[{"href":"https:\/\/www.europesays.com\/no\/wp-json\/wp\/v2\/media?parent=124214"}],"wp:term":[{"taxonomy":"category","embeddable":true,"href":"https:\/\/www.europesays.com\/no\/wp-json\/wp\/v2\/categories?post=124214"},{"taxonomy":"post_tag","embeddable":true,"href":"https:\/\/www.europesays.com\/no\/wp-json\/wp\/v2\/tags?post=124214"}],"curies":[{"name":"wp","href":"https:\/\/api.w.org\/{rel}","templated":true}]}}