{"id":124216,"date":"2025-12-29T20:31:19","date_gmt":"2025-12-29T20:31:19","guid":{"rendered":"https:\/\/www.europesays.com\/no\/124216\/"},"modified":"2025-12-29T20:31:19","modified_gmt":"2025-12-29T20:31:19","slug":"rykket-ut-til-roykutvikling-i-trondheim-det-lukter-ribbe-adressa-no","status":"publish","type":"post","link":"https:\/\/www.europesays.com\/no\/124216\/","title":{"rendered":"Rykket ut til r\u00f8ykut\u00advikling i Trond\u00adheim: &#8211; Det lukter ribbe &#8211; adressa.no"},"content":{"rendered":"<ol>\n<li><a href=\"https:\/\/news.google.com\/rss\/articles\/CBMijgFBVV95cUxPZFRjaXVURi1KbjBraDEtZnJvZnM4WDhoVjZuVktfUk1zVXJWRGFjTy0yZ0JmQ1g4TTIxN2Z0U0lxQU1fR0VmeVF4aERUcGl3ajRnS0dhSWdfbTlwWDBmWHV0NHVLVl94RVl0dFpfeWhhZkdiMllRX3hvRnlfVlZuNG0zMUNCS05Sdzk5TnFB?oc=5\" target=\"_blank\" rel=\"nofollow noopener\">Rykket ut til r\u00f8ykut\u00advikling i Trond\u00adheim: &#8211; Det lukter ribbe<\/a>&nbsp;&nbsp;adressa.no<\/li>\n<li><a href=\"https:\/\/news.google.com\/rss\/articles\/CBMimwFBVV95cUxQM2lCRTRuc1J4aEFvZktCV3B5aVphR0VaOVBxTHFqWUtXZW1WckRQWFc5azNqWU1RWjZsY2J0UDU3aEt2aUdEeENmdGx1TGZBSkhIRm5rU0hpS3hOY3VZb2FfVkNRMW42RWNNN3Jua250N2d2VkNFN3RkVTNldE54WW1nSXQtMWVOd29vZklvbE5iNVNabkhfTldqVQ?oc=5\" target=\"_blank\" rel=\"nofollow noopener\">Takplater l\u00f8snet &#8211; fikk hjelp av brann\u00advesenet<\/a>&nbsp;&nbsp;adressa.no<\/li>\n<li><a href=\"https:\/\/news.google.com\/rss\/articles\/CBMilAFBVV95cUxPeUdGOXJNSk1XbzR0dFdQNXZQNTA5TjNYQ3Z6M0xvNjNza2VrNEh6WVRRaFRmVDJRbDhpd0h5M2hvYXJkQ3ZtZFB2NTBmbDV1YU9uTFJ0OXc2Zk9rRmhIN29pQ3BZT2JkT0xLOUdnMUFvbXBpbm1OOWNydkdRaDJfWlBqT0QwUHlqTzlvd2FpNnY4MzRP?oc=5\" target=\"_blank\" rel=\"nofollow noopener\">Her g\u00e5r de opp i lift: \u2013 Kunne v\u00e6rt en fare for folk<\/a>&nbsp;&nbsp;bladet.no<\/li>\n<li><a href=\"https:\/\/news.google.com\/rss\/articles\/CBMickFVX3lxTE9XUENGOWJDY25sSFd0aWdQY0hYTEFqQ1VrbzhUamd6TklXU2RQdjBreHBmWkgyTHphT1dCUEMyZ3Jvb2ZJT1ptY0xyQ0xpSDFaQ29haEpySnRkQVNPR25aWHFNeEFRaVV5dDVVdEFVS1RFdw?oc=5\" target=\"_blank\" rel=\"nofollow noopener\">M\u00e5tte sikre taket f\u00f8r det bl\u00e5ste bort<\/a>&nbsp;&nbsp;adressa.no<\/li>\n<li><a href=\"https:\/\/news.google.com\/rss\/articles\/CBMijwFBVV95cUxPYWJtUDhoV1Z4X25uQnJMeF9jXzltU3lMUTBzQndNUVRqcDVrb3Z5WUpEVXJOaHRxa1BuVDhsQl95UjBLRWZxNWZVSDhkS21wRmVvR1M4ak9idlI3bDFHdjVXbWNnLXdSenFJcWdsSUdTRkhJejNkUmhCeE9CdzdKWjYzbTkybHlJcFUyU3BNQQ?oc=5\" target=\"_blank\" rel=\"nofollow noopener\">Holder stengt: \u2013 Det er heftig vind her oppe<\/a>&nbsp;&nbsp;adressa.no<\/li>\n<\/ol>\n","protected":false},"excerpt":{"rendered":"Rykket ut til r\u00f8ykut\u00advikling i Trond\u00adheim: &#8211; Det lukter ribbe&nbsp;&nbsp;adressa.no Takplater l\u00f8snet &#8211; fikk hjelp av brann\u00advesenet&nbsp;&nbsp;adressa.no Her&hellip;\n","protected":false},"author":2,"featured_media":124217,"comment_status":"","ping_status":"","sticky":false,"template":"","format":"standard","meta":{"footnotes":""},"categories":[10],"tags":[20,21,24,25,15,22,23,13,30,28,29,14,16,26,27],"class_list":{"0":"post-124216","1":"post","2":"type-post","3":"status-publish","4":"format-standard","5":"has-post-thumbnail","7":"category-norge","8":"tag-breaking-news","9":"tag-breakingnews","10":"tag-featured-news","11":"tag-featurednews","12":"tag-headlines","13":"tag-latest-news","14":"tag-latestnews","15":"tag-news","16":"tag-no","17":"tag-norge","18":"tag-norway","19":"tag-nyheter","20":"tag-overskrifter","21":"tag-top-stories","22":"tag-topstories"},"share_on_mastodon":{"url":"https:\/\/pubeurope.com\/@no\/115804758604197819","error":""},"_links":{"self":[{"href":"https:\/\/www.europesays.com\/no\/wp-json\/wp\/v2\/posts\/124216","targetHints":{"allow":["GET"]}}],"collection":[{"href":"https:\/\/www.europesays.com\/no\/wp-json\/wp\/v2\/posts"}],"about":[{"href":"https:\/\/www.europesays.com\/no\/wp-json\/wp\/v2\/types\/post"}],"author":[{"embeddable":true,"href":"https:\/\/www.europesays.com\/no\/wp-json\/wp\/v2\/users\/2"}],"replies":[{"embeddable":true,"href":"https:\/\/www.europesays.com\/no\/wp-json\/wp\/v2\/comments?post=124216"}],"version-history":[{"count":0,"href":"https:\/\/www.europesays.com\/no\/wp-json\/wp\/v2\/posts\/124216\/revisions"}],"wp:featuredmedia":[{"embeddable":true,"href":"https:\/\/www.europesays.com\/no\/wp-json\/wp\/v2\/media\/124217"}],"wp:attachment":[{"href":"https:\/\/www.europesays.com\/no\/wp-json\/wp\/v2\/media?parent=124216"}],"wp:term":[{"taxonomy":"category","embeddable":true,"href":"https:\/\/www.europesays.com\/no\/wp-json\/wp\/v2\/categories?post=124216"},{"taxonomy":"post_tag","embeddable":true,"href":"https:\/\/www.europesays.com\/no\/wp-json\/wp\/v2\/tags?post=124216"}],"curies":[{"name":"wp","href":"https:\/\/api.w.org\/{rel}","templated":true}]}}