{"id":124218,"date":"2025-12-29T20:32:19","date_gmt":"2025-12-29T20:32:19","guid":{"rendered":"https:\/\/www.europesays.com\/no\/124218\/"},"modified":"2025-12-29T20:32:19","modified_gmt":"2025-12-29T20:32:19","slug":"vaer-saltdal-sibir-kulde-pa-vei-avisa-nordland","status":"publish","type":"post","link":"https:\/\/www.europesays.com\/no\/124218\/","title":{"rendered":"V\u00e6r, Saltdal | Sibir-kulde p\u00e5 vei &#8211; Avisa Nordland"},"content":{"rendered":"<ol>\n<li><a href=\"https:\/\/news.google.com\/rss\/articles\/CBMiX0FVX3lxTE5iRjRwSHJKRnRfYmlfVlpITGR1cmdrajZUOTMxQlpZbGllSTZPT095SjFHbGVERHFKMm8tcmZ2LXpfMjI4WC1TdDByc1NySU9kd0M4TGh4RnRVeXFWRjFZ?oc=5\" target=\"_blank\" rel=\"nofollow noopener\">V\u00e6r, Saltdal | Sibir-kulde p\u00e5 vei<\/a>&nbsp;&nbsp;Avisa Nordland<\/li>\n<li><a href=\"https:\/\/news.google.com\/rss\/articles\/CBMiekFVX3lxTE9zUnBpVGJHS2hKMkk0cUJRYk4yX3ladWpTYzFsQjBqbU5QbTA1cjBvMC1TTjFKa3NoYWhOcVdHeU5pX25VZzR0YXFrWFZsbUllOGhfVGpsWktKNXFUcF9odVBYTHlvc0Y2OXBvLVNZeHVYSGJ3VmFfNWpR?oc=5\" target=\"_blank\" rel=\"nofollow noopener\">V\u00e6r, Nyheter | N\u00e5 blir det kaldt: \u2013 Ganske lav sn\u00f8grense<\/a>&nbsp;&nbsp;Bergensavisen<\/li>\n<li><a href=\"https:\/\/news.google.com\/rss\/articles\/CBMigAFBVV95cUxPeGNpNHp6dm5YTERrS3RDYnpWd0JnQWVETWVPSWlIa0NLM2QxYTRra3V5cjNLbnE0WElldmJ2aF9GcS1hSE5xc3Z0OEVKUDNDMzJRT0lKUGw2ampENzJmM19xMzhUZUsyTG5iV1hSZmhuRkFhdVVyb1NYeU9teDU5VA?oc=5\" target=\"_blank\" rel=\"nofollow noopener\">N\u00e5 kommer kulden og sn\u00f8en: \u2013 Vanskelig \u00e5 nyte<\/a>&nbsp;&nbsp;Drammens Tidende<\/li>\n<li><a href=\"https:\/\/news.google.com\/rss\/articles\/CBMijAFBVV95cUxQLW9ZdFN1NWNUenhIZ18zRkZ5SGRnMmlrMlBSWTR1QnZMUGM0al9mVW5SeXFYWk5yeWRXY0Q2allBdDZYMHl1UDBvTFZLZ1h6Mzg1czZQS0JLZ0htQ01RaWVvZzhYSlF0clA0MFV6ZTRKak5MVGhJVmtpVGkyZWtFMWw0cEo1V1VqV2Z6dg?oc=5\" target=\"_blank\" rel=\"nofollow noopener\">Brrrr &#8211; n\u00e5 kommer sprengkulda: \u2013 Det blir grusomt<\/a>&nbsp;&nbsp;varden.no<\/li>\n<li><a href=\"https:\/\/news.google.com\/rss\/articles\/CBMilgFBVV95cUxNU2RqSEV6VlRpcmNQWkY4b3RSWUV0VWNRWXhvMHFEN1Q3MTFWT1hiQ3BHQWVaR01BT1k3VHdDRVBjblJhcWdrVUlJa2xIY2RSUjF0QWZfeUNoN2xjZ2xCdU0wbjYxUmdMYnVWcHlrSGNqYllzOXRSbHhMQnZDY0FQdVViYk5aSXlaN1Q3Q0tXVlJDVjNZSFE?oc=5\" target=\"_blank\" rel=\"nofollow noopener\">Marka, V\u00e6r | N\u00e5 blir det kaldt: \u2013 Forbereder oss p\u00e5 mange gjester<\/a>&nbsp;&nbsp;Akersposten<\/li>\n<\/ol>\n","protected":false},"excerpt":{"rendered":"V\u00e6r, Saltdal | Sibir-kulde p\u00e5 vei&nbsp;&nbsp;Avisa Nordland V\u00e6r, Nyheter | N\u00e5 blir det kaldt: \u2013 Ganske lav sn\u00f8grense&nbsp;&nbsp;Bergensavisen&hellip;\n","protected":false},"author":2,"featured_media":124219,"comment_status":"","ping_status":"","sticky":false,"template":"","format":"standard","meta":{"footnotes":""},"categories":[5],"tags":[20,21,24,25,15,19,22,23,17,18,13,30,28,29,14,16,26,27],"class_list":{"0":"post-124218","1":"post","2":"type-post","3":"status-publish","4":"format-standard","5":"has-post-thumbnail","7":"category-overskrifter","8":"tag-breaking-news","9":"tag-breakingnews","10":"tag-featured-news","11":"tag-featurednews","12":"tag-headlines","13":"tag-hovedoppslag","14":"tag-latest-news","15":"tag-latestnews","16":"tag-main-news","17":"tag-mainnews","18":"tag-news","19":"tag-no","20":"tag-norge","21":"tag-norway","22":"tag-nyheter","23":"tag-overskrifter","24":"tag-top-stories","25":"tag-topstories"},"share_on_mastodon":{"url":"https:\/\/pubeurope.com\/@no\/115804762630990832","error":""},"_links":{"self":[{"href":"https:\/\/www.europesays.com\/no\/wp-json\/wp\/v2\/posts\/124218","targetHints":{"allow":["GET"]}}],"collection":[{"href":"https:\/\/www.europesays.com\/no\/wp-json\/wp\/v2\/posts"}],"about":[{"href":"https:\/\/www.europesays.com\/no\/wp-json\/wp\/v2\/types\/post"}],"author":[{"embeddable":true,"href":"https:\/\/www.europesays.com\/no\/wp-json\/wp\/v2\/users\/2"}],"replies":[{"embeddable":true,"href":"https:\/\/www.europesays.com\/no\/wp-json\/wp\/v2\/comments?post=124218"}],"version-history":[{"count":0,"href":"https:\/\/www.europesays.com\/no\/wp-json\/wp\/v2\/posts\/124218\/revisions"}],"wp:featuredmedia":[{"embeddable":true,"href":"https:\/\/www.europesays.com\/no\/wp-json\/wp\/v2\/media\/124219"}],"wp:attachment":[{"href":"https:\/\/www.europesays.com\/no\/wp-json\/wp\/v2\/media?parent=124218"}],"wp:term":[{"taxonomy":"category","embeddable":true,"href":"https:\/\/www.europesays.com\/no\/wp-json\/wp\/v2\/categories?post=124218"},{"taxonomy":"post_tag","embeddable":true,"href":"https:\/\/www.europesays.com\/no\/wp-json\/wp\/v2\/tags?post=124218"}],"curies":[{"name":"wp","href":"https:\/\/api.w.org\/{rel}","templated":true}]}}