{"id":124220,"date":"2025-12-29T20:33:12","date_gmt":"2025-12-29T20:33:12","guid":{"rendered":"https:\/\/www.europesays.com\/no\/124220\/"},"modified":"2025-12-29T20:33:12","modified_gmt":"2025-12-29T20:33:12","slug":"kristine-stavas-skistad-konnerud-brutal-opplevelse-for-skistad-grusomt","status":"publish","type":"post","link":"https:\/\/www.europesays.com\/no\/124220\/","title":{"rendered":"Kristine Stav\u00e5s Skistad, Konnerud | Brutal opplevelse for Skistad: \u2013 Grusomt"},"content":{"rendered":"\n<p>   <img decoding=\"async\" width=\"1500\" height=\"440\" fetchpriority=\"low\"  loading=\"lazy\"  src=\"https:\/\/www.europesays.com\/no\/wp-content\/uploads\/2025\/12\/1767040392_395_tour+de+ski+byline+simen+l%C3%B8nning+sjur+tveito.jpg\" alt=\"\" class=\"brick-c-cFOWSL\" style=\"--brick-image-ratio: 1500 \/ 440;\"\/><\/p>\n<p>TOBLACH (<a href=\"https:\/\/www.nettavisen.no\/sport\/brutal-opplevelse-i-tour-de-ski-for-kristine-stavas-skistad-grusomt\/s\/5-95-2800953\" rel=\"Follow nofollow noopener\" target=\"_blank\">Nettavisen<\/a>): Mens Astrid \u00d8yre Slind <a href=\"https:\/\/www.nettavisen.no\/sport\/nrk-profiler-reagerer-her-har-det-skjedd-noe\/s\/5-95-2800854\" rel=\"Follow nofollow noopener\" target=\"_blank\">kunne juble for seier p\u00e5 den andre etappen av Tour de ski<\/a>, skulle det bli alt annet enn lystig for landskvinne Kristine Stav\u00e5s Skistad.<\/p>\n<p>Vinneren av s\u00f8ndagens sprint i Toblach endte helt nede p\u00e5 en 62. plass p\u00e5 mandagens 10-kilometer.<\/p>\n<p>Stav\u00e5s Skistad prioriterer riktignok ikke distanserenn i s\u00e6rlig stor grad, men avsl\u00f8rer at opplevelsen p\u00e5 den andre etappen av Tour de ski ble langt tyngre enn fryktet.<\/p>\n<p>\u2013 Det var en blytung dag og ikke noe g\u00f8y. Jeg hadde gledet meg til \u00e5 g\u00e5, men det varte ikke lenge, sier Skistad til Nettavisen.<\/p>\n<p>\u2013 Det gikk s\u00e5 tungt. Jeg skj\u00f8nner ikke at det kan bli s\u00e5 tungt. Det var ikke noe g\u00f8y, forteller hun.<\/p>\n<p><b>Les ogs\u00e5: <a href=\"https:\/\/www.nettavisen.no\/sport\/russland-trener-dukket-opp-i-tour-de-ski-nektet-adgang\/s\/5-95-2798913\" rel=\"Follow nofollow noopener\" target=\"_blank\">Russer dukket opp p\u00e5 Tour de ski: Nektes adgang<\/a><\/b><\/p>\n<p>\u2013 Grusomt<\/p>\n<p>Hun finner imidlertid noe positivt i at l\u00f8pet tyder p\u00e5 at hun fortsatt er et stykke unna toppformen &#8211; det kun en dag etter hun alts\u00e5 vant sprinten i Toblach.<\/p>\n<p>\u2013 S\u00e5 det er et godt tegn, men det er grusomt \u00e5 g\u00e5 distanserenn i dag, sier hun.<\/p>\n<p><b>Les ogs\u00e5: <a href=\"https:\/\/www.nettavisen.no\/sport\/ol-i-fare-for-mathilde-myhrvold-det-er-ikke-noe-goy\/s\/5-95-2800190\" rel=\"Follow nofollow noopener\" target=\"_blank\">OL i fare for norsk profil<\/a><\/b><\/p>\n<p>Skistad har etablert seg til \u00e5 bli en av verdens klart beste sprintere, men hun ser ikke lyst p\u00e5 fremtiden som en distansel\u00f8per.<\/p>\n<p>\u2013 I dag s\u00e5 det stygt ut og jeg blir bekymret p\u00e5 egne vegne, sier Skistad og vil ikke bekrefte at hun fullf\u00f8rer touren.<\/p>\n<p>Landslagstreneren: \u2013 Ikke noe g\u00f8y<\/p>\n<p>Landslagstrener Sjur Ole Svarstad snakket med Skistad kort tid etter hun var ferdig med l\u00f8pet. Ogs\u00e5 da ga Skistad en brutal dom.<\/p>\n<p>\u2013 Jeg snakket s\u00e5 vidt med henne etter m\u00e5lgang, og hun sa vel omtrent det samme til meg. Det var ikke s\u00e5 veldig g\u00f8y \u00e5 g\u00e5 10 kilometer klassisk, sier Svarstad til Nettavisen.<\/p>\n<p><b>Les ogs\u00e5: <a href=\"https:\/\/www.nettavisen.no\/sport\/rasende-brite-jeg-er-javlig-forbanna\/s\/5-95-2799625\" rel=\"Follow nofollow noopener\" target=\"_blank\">Briten i harnisk under Tour de Ski: \u2013 J\u00e6vlig forbannet!<\/a><\/b><\/p>\n<p>Han mener man ikke trenger legge altfor mye i at mandagens 10 kilometer gikk tungt for Skistad.<\/p>\n<p>\u2013 Hun hadde sikkert litt forventinger til \u00e5 g\u00e5 et bra l\u00f8p, og s\u00e5 er det litt vanskelig \u00e5 vite hva som er et bra l\u00f8p for Kristine. Hun har sin kompetanse p\u00e5 sprint, s\u00e5 jeg tenker at n\u00e5r hun kommer seg tilbake p\u00e5 hotellet s\u00e5 gleder hun seg over det hun fikk til i g\u00e5r. Og s\u00e5 er dette uansett en bra hard\u00f8kt for henne, sier Svarstad.<\/p>\n<p><b>Les ogs\u00e5: <a href=\"https:\/\/www.nettavisen.no\/sport\/program-for-tour-de-ski-2025-2026\/s\/5-95-2798023\" rel=\"Follow nofollow noopener\" target=\"_blank\">Program for Tour de ski 2025\/26<\/a><\/b><\/p>\n","protected":false},"excerpt":{"rendered":"TOBLACH (Nettavisen): Mens Astrid \u00d8yre Slind kunne juble for seier p\u00e5 den andre etappen av Tour de ski,&hellip;\n","protected":false},"author":2,"featured_media":123992,"comment_status":"","ping_status":"","sticky":false,"template":"","format":"standard","meta":{"footnotes":""},"categories":[59],"tags":[36,10648,794,30,28,29,83,82,1510,12662],"class_list":{"0":"post-124220","1":"post","2":"type-post","3":"status-publish","4":"format-standard","5":"has-post-thumbnail","7":"category-sport","8":"tag-art","9":"tag-konnerud","10":"tag-kristine-stavas-skistad","11":"tag-no","12":"tag-norge","13":"tag-norway","14":"tag-sport","15":"tag-sports","16":"tag-story","17":"tag-tour-de-ski"},"share_on_mastodon":{"url":"https:\/\/pubeurope.com\/@no\/115804766529801315","error":""},"_links":{"self":[{"href":"https:\/\/www.europesays.com\/no\/wp-json\/wp\/v2\/posts\/124220","targetHints":{"allow":["GET"]}}],"collection":[{"href":"https:\/\/www.europesays.com\/no\/wp-json\/wp\/v2\/posts"}],"about":[{"href":"https:\/\/www.europesays.com\/no\/wp-json\/wp\/v2\/types\/post"}],"author":[{"embeddable":true,"href":"https:\/\/www.europesays.com\/no\/wp-json\/wp\/v2\/users\/2"}],"replies":[{"embeddable":true,"href":"https:\/\/www.europesays.com\/no\/wp-json\/wp\/v2\/comments?post=124220"}],"version-history":[{"count":0,"href":"https:\/\/www.europesays.com\/no\/wp-json\/wp\/v2\/posts\/124220\/revisions"}],"wp:featuredmedia":[{"embeddable":true,"href":"https:\/\/www.europesays.com\/no\/wp-json\/wp\/v2\/media\/123992"}],"wp:attachment":[{"href":"https:\/\/www.europesays.com\/no\/wp-json\/wp\/v2\/media?parent=124220"}],"wp:term":[{"taxonomy":"category","embeddable":true,"href":"https:\/\/www.europesays.com\/no\/wp-json\/wp\/v2\/categories?post=124220"},{"taxonomy":"post_tag","embeddable":true,"href":"https:\/\/www.europesays.com\/no\/wp-json\/wp\/v2\/tags?post=124220"}],"curies":[{"name":"wp","href":"https:\/\/api.w.org\/{rel}","templated":true}]}}