{"id":124286,"date":"2025-12-29T21:59:22","date_gmt":"2025-12-29T21:59:22","guid":{"rendered":"https:\/\/www.europesays.com\/no\/124286\/"},"modified":"2025-12-29T21:59:22","modified_gmt":"2025-12-29T21:59:22","slug":"emil-iversen-skaper-kaos-i-jakten-pa-ol-plass-under-tour-de-ski","status":"publish","type":"post","link":"https:\/\/www.europesays.com\/no\/124286\/","title":{"rendered":"Emil Iversen Skaper Kaos i Jakten p\u00e5 OL-plass under Tour de Ski"},"content":{"rendered":"<p>\u2013 Det er OL som gjelder, og jeg har meldt meg p\u00e5 s\u00e5 til de grader, slo Emil Iversen fast til TV 2 etter \u00e5 ha g\u00e5tt inn til pallplass p\u00e5 skiathlon i Trondheim.\u00a0<\/p>\n<p>Det var veteranens f\u00f8rste pallplass i verdenscupen siden 2021, og kom kort tid etter at han <a href=\"https:\/\/www.tv2.no\/sport\/vintersport\/hudfletter-forbundet-etter-vraking-skremt-og-lei-meg\/18325953\/\" rel=\"nofollow noopener\" target=\"_blank\">totalslaktet uttakskriteriene til Skiforbundet<\/a>. Det manglet noe cowboymusikk og blodsprut ut av kruttr\u00f8yk, men ellers kunne ikke\u00a0Quentin Tarantino\u00a0ha regissert det bedre.\u00a0<\/p>\n<p>Det har ogs\u00e5\u00a0HBO Max-ekspert Martin Johnsrud Sundby f\u00e5tt med seg:\u00a0<\/p>\n<p>\u2013 Snakket\u00f8yet er i gang, og det er ogs\u00e5 et formtegn hos Emil. Han g\u00e5r knallhardt ut og jeg skj\u00f8nner at han ofte er humoristisk. Han har nok skj\u00f8nt at han har skapt et helvetes kaos i rekkene, sier Martin Johnsrud Sundby i et intervju med <a href=\"https:\/\/www.eurosport.no\/langrenn\/milano-cortina-2026\/2026\/sundby-tar-ut-emil-iversen-pa-ol-laget-har-skapt-et-hlvetes-kaos_sto23249276\/story.shtml?fbclid=IwY2xjawOtSJFleHRuA2FlbQIxMQBzcnRjBmFwcF9pZBAyMjIwMzkxNzg4MjAwODkyAAEeEQ4-9UQimpNARlREDRZr_JPDEDvW5dTp094enCQ1c8NZOzaN1b51m0h5CdA_aem_TB2lojq3liRJbEToXEoFIA\" rel=\"nofollow noopener\" target=\"_blank\">Eurosport<\/a>.<\/p>\n<p>        <img class=\"image__img lazyload\" itemprop=\"image\" title=\"Foto: Geir Olsen \/ NTB\" alt=\"LIKER DET HAN SER AV IVERSEN: Martin Johnsrud Sundby. Foto: Geir Olsen \/ NTB\" width=\"607\" height=\"340\" bad-src=\"https:\/\/www.europesays.com\/no\/wp-content\/uploads\/2025\/12\/17515057.webp.jpeg\" fetchpriority=\"auto\" \/><\/p>\n<p>      LIKER DET HAN SER AV IVERSEN: Martin Johnsrud Sundby.<br \/>\n         Foto: Geir Olsen \/ NTB<\/p>\n<p>Han har tidligere v\u00e6rt lagkamerat med Iversen, og kjenner godt til ingrediensene som h\u00f8rer til en Iversen-cocktail.\u00a0<\/p>\n<p>Den meritterte eksperten har selv tatt Iversen inn p\u00e5 sitt OL-lag, men han tror ikke at femmilsvinneren fra 2021 kommer til \u00e5 kjempe som en gladiator n\u00e5r OL-ilden tennes i februar.\u00a0<\/p>\n<p>\u2013 Jeg tror det er for mange snubletr\u00e5der og feller p\u00e5 veien til at det blir et scenario. S\u00e5 h\u00e5per jeg jo p\u00e5 det motsatte i form av at Emil gj\u00f8r fryktelig gode konkurranser og at det er umulig \u00e5 komme utenom han, sier Sundby, og fortsetter:<\/p>\n<p>\u2013 Men det faller nok ned til den sportslige diskusjonen, og jeg tror landslagsledelsen tenker at de har mer troen p\u00e5 sine egne. Kanskje med rette, men det tror jeg er realiteten. Til syvende og sist, hvis han fortsetter \u00e5 levere s\u00e5nn som han har gjort til n\u00e5, s\u00e5 kommer han til \u00e5 bli umulig \u00e5 komme utenom. Og det blir kaos, alts\u00e5 \u2026<\/p>\n<p>        TOUR DE SKI-PROGRAMMET<\/p>\n<p>Onsdag 31. desember: 5km heat fellesstart, Toblach<\/p>\n<p>Torsdag 1. januar: 20km klassisk jaktstart, Toblach<\/p>\n<p>L\u00f8rdag 3. januar, 2026: Sprint klassisk, Val di Fiemme<\/p>\n<p>S\u00f8ndag 4. januar, 2026: 10km fristil fellesstart opp Alpe Cermis, Val di Fiemme<\/p>\n<p>Emil Iversen selv er klar p\u00e5 at han er i kjempeform, og at han g\u00e5r inn i \u00e5rets Tour de Ski med selvtillit.\u00a0<\/p>\n<p>\u00c5pningssprinten ble en tragedie, men mandagens 10 kilometer klassisk var vi tilbake i feelgood-landskap \u00e0 la\u00a0Little Miss Sunshine. Han ble bare sl\u00e5tt av Mattis Stenshagen og Johannes H\u00f8sflot Kl\u00e6bo.<\/p>\n<p>      <img class=\"image__img lazyload\" itemprop=\"image\" title=\"Foto: Terje Pedersen\" alt=\"Toblach, Italia 20251229. IIvo Niskanen og Emil Iversen t.v. under 10 km klassisk  i Tour de ski i Toblach.Foto: Terje Pedersen \/ NTB\" width=\"607\" height=\"486\" bad-src=\"https:\/\/www.europesays.com\/no\/wp-content\/uploads\/2025\/12\/18419325.webp.jpeg\" fetchpriority=\"auto\" \/><\/p>\n<p>      NY PALLPLASS: Emil Iversen ble nummer tre p\u00e5 andre etappe av Tour de Ski. Foto: NTB<\/p>\n<p>      <img class=\"image__img lazyload\" itemprop=\"image\" title=\"Foto: Terje Pedersen\" alt=\"Toblach, Italia 20251229. Emil Iversen under 10 km klassisk for menn i Toblach.Foto: Terje Pedersen \/ NTB\" width=\"978\" height=\"653\" bad-src=\"https:\/\/www.europesays.com\/no\/wp-content\/uploads\/2025\/12\/18419324.webp.jpeg\" fetchpriority=\"auto\" \/><\/p>\n<p>      NY PALLPLASS: Emil Iversen ble nummer tre p\u00e5 andre etappe av Tour de Ski. Foto: NTB<\/p>\n<p>      <img class=\"image__img lazyload\" itemprop=\"image\" title=\"Foto: Terje Pedersen\" alt=\"Toblach, Italia 20251229. Emil Iversen under 10 km klassisk for menn i Toblach.Foto: Terje Pedersen \/ NTB\" width=\"978\" height=\"652\" bad-src=\"https:\/\/www.europesays.com\/no\/wp-content\/uploads\/2025\/12\/18419326.webp.jpeg\" fetchpriority=\"auto\" \/><\/p>\n<p>      NY PALLPLASS: Emil Iversen ble nummer tre p\u00e5 andre etappe av Tour de Ski. Foto: NTB<\/p>\n<p>      <img class=\"image__img lazyload\" itemprop=\"image\" title=\"Foto: Terje Pedersen\" alt=\"Toblach 20251228. Emil Iversen etter sprint prologen i Toblach.Foto: Terje Pedersen \/ NTB\" width=\"607\" height=\"486\" bad-src=\"https:\/\/www.europesays.com\/no\/wp-content\/uploads\/2025\/12\/18419328.webp.jpeg\" fetchpriority=\"auto\" \/><\/p>\n<p>      NY PALLPLASS: Emil Iversen ble nummer tre p\u00e5 andre etappe av Tour de Ski. Foto: NTB<\/p>\n<p>      <img class=\"image__img lazyload\" itemprop=\"image\" title=\"Foto: Terje Pedersen\" alt=\"Toblach, Italia 20251229. (F.v.) Johannes H\u00f8sflot Kl\u00e6bo tar andre plass, Mattis Stenshagen tar 1. plass og Emil Iversen tar 3. plass i 10 km klassisk for menn i Toblach.Foto: Terje Pedersen \/ NTB\" width=\"607\" height=\"474\" bad-src=\"https:\/\/www.europesays.com\/no\/wp-content\/uploads\/2025\/12\/18419327.webp.jpeg\" fetchpriority=\"auto\" \/><\/p>\n<p>      NY PALLPLASS: Emil Iversen ble nummer tre p\u00e5 andre etappe av Tour de Ski. Foto: NTB<\/p>\n<p>\u2013 Jeg er veldig stolt og forn\u00f8yd. Ett sekund bak Kl\u00e6bo \u2013 et toppl\u00f8p, rett og slett, sier Iversen til TV 2 i str\u00e5lende hum\u00f8r.<\/p>\n<p>Ha legger til:<\/p>\n<p>\u2013 Det er \u00e5r og dag siden jeg var p\u00e5 pallen sist. N\u00e5 har jeg to tredjeplasser og en fjerdeplass og g\u00e5r fort hver dag, s\u00e5 jeg er veldig stolt. Jeg er veldig forn\u00f8yd og har jobbet hardt.<\/p>\n<ul>\n<li class=\"lab-bodytext-line italic m-italic\" data-lab-italic=\"italic\">Mattis Stenshagen vant mandagens renn \u2013 og slo til med denne feiringen:\u00a0<\/li>\n<\/ul>\n<p class=\"bold m-bold no_italic m-no_italic\" data-lab-font_weight=\"bold\" data-lab-italic=\"\">F\u00f8r \u00e5rets Tour de Ski utfordret vi ham p\u00e5 Sundbys p\u00e5stand om at han skaper kaos i rekkene:\u00a0<\/p>\n<p>\u2013 Det er artig. Jeg har jobbet hardt for dette, og pr\u00f8ver \u00e5 fortsette der. M\u00e5let mitt er \u00e5 gj\u00f8re det enkelt for dem, ikke vanskelig. F\u00e5r jeg til et par gode renn til, er det enkelt med tanke p\u00e5 OL, sier Iversen selvsikkert.<\/p>\n<p class=\"bold m-bold\" data-lab-font_weight=\"bold\">Iversens renessanse har ogs\u00e5 f\u00f8rt til diskusjoner innad i landslaget. Men herretrener Arild Monsen vil ikke h\u00f8re p\u00e5 at det skaper noe kaos:\u00a0<\/p>\n<p>\u2013 Det er hyggelig \u00e5 ha Emil Iversen tilbake i godt slag. Han har et godt hum\u00f8r og bidrar sosialt.<\/p>\n<p>\u2013 Det er bra \u00e5 se Emil. Jeg har ikke sett han s\u00e5 sprudlende siden jeg kom inn i landslaget i 2021. Han s\u00e5 rapp ut p\u00e5 sprintpreppen i dag til og med. Det ser veldig bra ut for han, sier Harald \u00d8stberg Amundsen til TV 2.<\/p>\n","protected":false},"excerpt":{"rendered":"\u2013 Det er OL som gjelder, og jeg har meldt meg p\u00e5 s\u00e5 til de grader, slo Emil&hellip;\n","protected":false},"author":2,"featured_media":124287,"comment_status":"","ping_status":"","sticky":false,"template":"","format":"standard","meta":{"footnotes":""},"categories":[59],"tags":[30,28,29,83,82],"class_list":{"0":"post-124286","1":"post","2":"type-post","3":"status-publish","4":"format-standard","5":"has-post-thumbnail","7":"category-sport","8":"tag-no","9":"tag-norge","10":"tag-norway","11":"tag-sport","12":"tag-sports"},"share_on_mastodon":{"url":"https:\/\/pubeurope.com\/@no\/115805104545146556","error":""},"_links":{"self":[{"href":"https:\/\/www.europesays.com\/no\/wp-json\/wp\/v2\/posts\/124286","targetHints":{"allow":["GET"]}}],"collection":[{"href":"https:\/\/www.europesays.com\/no\/wp-json\/wp\/v2\/posts"}],"about":[{"href":"https:\/\/www.europesays.com\/no\/wp-json\/wp\/v2\/types\/post"}],"author":[{"embeddable":true,"href":"https:\/\/www.europesays.com\/no\/wp-json\/wp\/v2\/users\/2"}],"replies":[{"embeddable":true,"href":"https:\/\/www.europesays.com\/no\/wp-json\/wp\/v2\/comments?post=124286"}],"version-history":[{"count":0,"href":"https:\/\/www.europesays.com\/no\/wp-json\/wp\/v2\/posts\/124286\/revisions"}],"wp:featuredmedia":[{"embeddable":true,"href":"https:\/\/www.europesays.com\/no\/wp-json\/wp\/v2\/media\/124287"}],"wp:attachment":[{"href":"https:\/\/www.europesays.com\/no\/wp-json\/wp\/v2\/media?parent=124286"}],"wp:term":[{"taxonomy":"category","embeddable":true,"href":"https:\/\/www.europesays.com\/no\/wp-json\/wp\/v2\/categories?post=124286"},{"taxonomy":"post_tag","embeddable":true,"href":"https:\/\/www.europesays.com\/no\/wp-json\/wp\/v2\/tags?post=124286"}],"curies":[{"name":"wp","href":"https:\/\/api.w.org\/{rel}","templated":true}]}}