{"id":124290,"date":"2025-12-29T22:04:07","date_gmt":"2025-12-29T22:04:07","guid":{"rendered":"https:\/\/www.europesays.com\/no\/124290\/"},"modified":"2025-12-29T22:04:07","modified_gmt":"2025-12-29T22:04:07","slug":"fem-ar-siden-skredet-i-gjerdrum","status":"publish","type":"post","link":"https:\/\/www.europesays.com\/no\/124290\/","title":{"rendered":"Fem \u00e5r siden skredet i Gjerdrum"},"content":{"rendered":"<p>30. desember 2020. Klokken 03.56.<\/p>\n<p><strong>Lyden av jord i bevegelse river mennesker ut av s\u00f8vnen.<\/strong><\/p>\n<p>Kort tid senere er et nabolag i Gjerdrum forandret for alltid.<\/p>\n<p>Tirsdag er det fem \u00e5r sida kvikkleireskredet rammet bygda.<\/p>\n<p>\u2013 Det sl\u00e5r en hvor fort fem \u00e5r g\u00e5r, sier ordf\u00f8rer Karl-Arne Johannessen (H) til NTB.<\/p>\n<p>P\u00e5 fem\u00e5rsdagen g\u00e5r det fakkeltog fra Gjerdrum kulturhus til det nye minnestedet.<\/p>\n<p><img decoding=\"async\"   src=\"data:image\/gif;base64,R0lGODlhAQABAIAAAAAAAP\/\/\/yH5BAEAAAAALAAAAAABAAEAAAIBRAA7\" loading=\"eager\" alt=\"Dronebilde tatt over nabolag i n\u00e6rheten av skredomr\u00e5det i Gjerdrum. M\u00f8rklagt nabolag, lyshjerte i midten. Tente lys ved hvert hus.\" title=\"Foto: Truls Antonsen \/ NRK\"\/><\/p>\n<p class=\"\">\u00c5rlig har det v\u00e6rt arrangert fakkeltog til minne om de d\u00f8de etter jordskredet i 2020. \u00c5rets fakkeltog g\u00e5r til en nyetablert minnepark.<\/p>\n<p>Foto: Truls Antonsen \/ NRK<\/p>\n<p>Ti personer mistet livet<\/p>\n<p>Minnestedet er i en helt ny park som er laget over skredstedet.<\/p>\n<p><strong>Johannessen sier de har arbeidet systematisk med \u00e5 ta tilbake omr\u00e5det og gj\u00f8re det p\u00e5 en m\u00e5te som respekterer alle, med hensyn til flere behov.<\/strong><\/p>\n<p>\u2013 Vi har n\u00e5 etablert en park der. I den parken har vi laget et minnested, et minnegulv og en l\u00e6ringsvegg n\u00e5r du kommer inn i parken. Det minnegulvet skal minne oss om dem vi mistet. Samtidig s\u00e5 blir det ogs\u00e5 et utgangspunkt for \u00e5 se veien videre, sier ordf\u00f8reren.<\/p>\n<p><img decoding=\"async\"   src=\"data:image\/gif;base64,R0lGODlhAQABAIAAAAAAAP\/\/\/yH5BAEAAAAALAAAAAABAAEAAAIBRAA7\" loading=\"eager\" alt=\"En gruppe hus i et sn\u00f8dekt omr\u00e5de\" title=\"Foto: NRK\"\/><\/p>\n<p class=\"\">Flere hus ble begravd i leirskredet.<\/p>\n<p>Foto: NRK<\/p>\n<p>Omr\u00e5det hvor raset gikk var p\u00e5 rundt 300 ganger 700 meter.<\/p>\n<p>Mer enn 30 boenheter i boligfeltet Nystulia ble dratt med.<\/p>\n<p>1600 innbyggere ble evakuert.<\/p>\n<p>Planet Labs satelitt fanget opp raset 30.desember p\u00e5 satellitt.<\/p>\n<p>Planet Labs Inc<\/p>\n<p>Store deler av omr\u00e5det ble erkl\u00e6rt rasfarlig, noe som gjorde s\u00f8k og redning krevende.<\/p>\n<p>Politiet, brannvesenet, Sivilforsvaret, Forsvaret og frivillige deltok.<\/p>\n<p>Redningsarbeidet p\u00e5gikk i flere dager, f\u00f8r omr\u00e5det ble ansett som for ustabilt.<\/p>\n<p>Letingen etter savnede ble avsluttet 5. januar 2021.<\/p>\n<p><strong><a href=\"https:\/\/www.nrk.no\/dokumentar\/dette-er-de-omkomne-og-savnede-etter-skredet-i-gjerdrum-1.15309985\" ec-id=\"pp:article:1.15309985\" ec-name=\"Ti personer mistet livet\" rel=\"nofollow noopener\" target=\"_blank\">Ti personer mistet livet<\/a>, og et uf\u00f8dt barn.<\/strong><\/p>\n<p>Satte dype spor<\/p>\n<p>Flere familier mistet hjemmene sine og ble langvarig evakuert.<\/p>\n<p>I tiden etter har omr\u00e5det gjennomg\u00e5tt omfattende sikring, opprydding og gjenoppbygging.<\/p>\n<p>Men skredet satte dype spor i lokalsamfunnet.<\/p>\n<p><img decoding=\"async\"   src=\"data:image\/gif;base64,R0lGODlhAQABAIAAAAAAAP\/\/\/yH5BAEAAAAALAAAAAABAAEAAAIBRAA7\" loading=\"eager\" alt=\"Graven til familien Grymyr Jansen var full av lys p\u00e5 ett\u00e5rsmarkeringen etter skredet. Alma, Bj\u00f8rn Ivar, Charlotte og uf\u00f8dte Isak Grymyr Jansen d\u00f8de alle i skredet som tok tilsammen ti liv. Her graven deres p\u00e5 Gjerdrum kirkeg\u00e5rd. \" title=\"Foto: Christopher Isachsen Sand\u00f8y \/ NRK\"\/><\/p>\n<p>Foto: Christopher Isachsen Sand\u00f8y \/ NRK<\/p>\n<p>Fremdeles er mange preget, selv om hverdagen er i gang igjen i bygda.<\/p>\n<p>\u2013 S\u00e5 er det naturlig nok forskjell p\u00e5 hvor fort og hvor godt mennesker kommer seg videre etter en s\u00e5nn katastrofe. Men det \u00e5pne s\u00e5ret dette laget i bygda v\u00e5r, det er i ferd med \u00e5 gro, sier ordf\u00f8rer Johannessen til NTB.<\/p>\n<p>F\u00f8rte til \u00f8kt nasjonalt fokus<\/p>\n<p>I tiden etter gransket b\u00e5de Norges Geotekniske Institutt og Statens havarikommisjon skredet.<\/p>\n<p>Rapportene pekte p\u00e5 sammensatte \u00e5rsaker som kvikkleire i grunnen, terrengendring over tid og mangelfull oversikt over grunnforholdene.<\/p>\n<p><strong>Skredet f\u00f8rte ogs\u00e5 til \u00f8kt nasjonalt fokus p\u00e5 kartlegging av kvikkleire, arealplanlegging og risikoutsatte omr\u00e5der.<\/strong><\/p>\n<p>Publisert<\/p>\n<p>29.12.2025, kl. 22.33<\/p>\n","protected":false},"excerpt":{"rendered":"30. desember 2020. Klokken 03.56. Lyden av jord i bevegelse river mennesker ut av s\u00f8vnen. Kort tid senere&hellip;\n","protected":false},"author":2,"featured_media":124291,"comment_status":"","ping_status":"","sticky":false,"template":"","format":"standard","meta":{"footnotes":""},"categories":[10],"tags":[20,21,24,25,15,22,23,13,30,28,29,14,16,26,27],"class_list":{"0":"post-124290","1":"post","2":"type-post","3":"status-publish","4":"format-standard","5":"has-post-thumbnail","7":"category-norge","8":"tag-breaking-news","9":"tag-breakingnews","10":"tag-featured-news","11":"tag-featurednews","12":"tag-headlines","13":"tag-latest-news","14":"tag-latestnews","15":"tag-news","16":"tag-no","17":"tag-norge","18":"tag-norway","19":"tag-nyheter","20":"tag-overskrifter","21":"tag-top-stories","22":"tag-topstories"},"share_on_mastodon":{"url":"https:\/\/pubeurope.com\/@no\/115805124278535053","error":""},"_links":{"self":[{"href":"https:\/\/www.europesays.com\/no\/wp-json\/wp\/v2\/posts\/124290","targetHints":{"allow":["GET"]}}],"collection":[{"href":"https:\/\/www.europesays.com\/no\/wp-json\/wp\/v2\/posts"}],"about":[{"href":"https:\/\/www.europesays.com\/no\/wp-json\/wp\/v2\/types\/post"}],"author":[{"embeddable":true,"href":"https:\/\/www.europesays.com\/no\/wp-json\/wp\/v2\/users\/2"}],"replies":[{"embeddable":true,"href":"https:\/\/www.europesays.com\/no\/wp-json\/wp\/v2\/comments?post=124290"}],"version-history":[{"count":0,"href":"https:\/\/www.europesays.com\/no\/wp-json\/wp\/v2\/posts\/124290\/revisions"}],"wp:featuredmedia":[{"embeddable":true,"href":"https:\/\/www.europesays.com\/no\/wp-json\/wp\/v2\/media\/124291"}],"wp:attachment":[{"href":"https:\/\/www.europesays.com\/no\/wp-json\/wp\/v2\/media?parent=124290"}],"wp:term":[{"taxonomy":"category","embeddable":true,"href":"https:\/\/www.europesays.com\/no\/wp-json\/wp\/v2\/categories?post=124290"},{"taxonomy":"post_tag","embeddable":true,"href":"https:\/\/www.europesays.com\/no\/wp-json\/wp\/v2\/tags?post=124290"}],"curies":[{"name":"wp","href":"https:\/\/api.w.org\/{rel}","templated":true}]}}