{"id":124296,"date":"2025-12-29T22:07:10","date_gmt":"2025-12-29T22:07:10","guid":{"rendered":"https:\/\/www.europesays.com\/no\/124296\/"},"modified":"2025-12-29T22:07:10","modified_gmt":"2025-12-29T22:07:10","slug":"flukten-fra-bolivia-bolivia-bak-kulissene-pa-flukten-fra-bolivia-facetime-med-bolivia-madeleine","status":"publish","type":"post","link":"https:\/\/www.europesays.com\/no\/124296\/","title":{"rendered":"Flukten fra Bolivia, Bolivia | Bak kulissene p\u00e5 \u00abFlukten fra Bolivia\u00bb: \u2013 Facetime med Bolivia-Madeleine"},"content":{"rendered":"\n<p>F\u00f8rste juledag var det premiere p\u00e5 TV 2s nye dramaserie, \u00abFlukten fra Bolivia\u00bb, basert p\u00e5 de virkelige hendelsene som rystet Norge i 2008.<\/p>\n<p>Serien har p\u00e5 f\u00e5 dager blitt en snakkis, og Bolivia-saken er igjen p\u00e5 alles lepper.<\/p>\n<p><b>Les ogs\u00e5: <a rel=\"Follow nofollow noopener\" href=\"https:\/\/www.nettavisen.no\/kjendis\/janne-formoe-om-flukten-fra-bolivia-parallellene-hadde-satt-himmel-og-jord-i-bevegelse\/s\/5-95-2797320\" target=\"_blank\">Janne Formoe: \u2013 Hadde satt himmel og jord i bevegelse<\/a><\/b><\/p>\n<p>P\u00e5 skuespillerlisten finner man store navn som Ella \u00d8verbye (21), kjent fra filmene \u00abBarn\u00bb og \u00abDr\u00f8mmer\u00bb, og nykommerne Josephine Tetlie (30) og Lisa Hovden (26).<\/p>\n<p>   <img decoding=\"async\" width=\"6720\" height=\"4480\" fetchpriority=\"low\"  loading=\"lazy\"  src=\"https:\/\/www.europesays.com\/no\/wp-content\/uploads\/2025\/12\/2808084e-e060-42ef-a05d-517a3e982318_1.jpg\" alt=\"Josephine Tetlie, Ella \u00d8verbye og Lisa Hovden har rollene som de tre jentene i \u00abFlukten fra Bolivia\u00bb. Foto: Malin Gutke\/TV 2.\" class=\"brick-c-cFOWSL\" style=\"--brick-image-ratio: 6720 \/ 4480;\"\/><\/p>\n<p>Nettavisen m\u00f8tte skuespillerne i forkant av premieren. De kunne da avsl\u00f8re at innspillingen var b\u00e5de f\u00f8lelsesladet, krevende og surrealistisk.<\/p>\n<p>\u2013 Mye tunge f\u00f8lelser<\/p>\n<p>Skuespillerne er samstemte om at \u00abFlukten fra Bolivia\u00bb har v\u00e6rt en gavepakke, men ogs\u00e5 fysisk og mentalt krevende.<\/p>\n<p>\u2013 For meg er det en dr\u00f8m som har kommet til virkelighet. Det har v\u00e6rt veldig surrealistisk, g\u00f8y, og ikke minst fullt av masse f\u00f8lelser og mye forberedelser. Det \u00e5 v\u00e6re i et helt nytt land langt hjemmefra og spille inn noe s\u00e5 omfattende har v\u00e6rt en reise. Virkelig en reise, sier Tetlie til Nettavisen.<\/p>\n<p>   <img decoding=\"async\" width=\"2535\" height=\"3800\" fetchpriority=\"low\"  loading=\"lazy\"  src=\"https:\/\/www.europesays.com\/no\/wp-content\/uploads\/2025\/12\/NTB_P-FpT9rdve4.jpg\" alt=\"Premierefest \u00abFlutken fra Bolivia\u00bb TV 2 Foto: Espen Solli \/TV 2&#10;&#10;Skuespillere,&#10;Josephine Tetlie, Lisa Hovden, Ella \u00d8verbye\" class=\"brick-c-cFOWSL\" style=\"--brick-image-ratio: 2535 \/ 3800;\"\/><\/p>\n<p>      REISE: Josephine Tetlie, Lisa Hovden og Ella \u00d8verbye beskriver innspilling til \u00abFlukten fra Bolivia\u00bb som en reise.<br \/>\n      Foto: TV 2\n    <\/p>\n<p>Ogs\u00e5 \u00d8verbye trekker fram de lange dagene \u00abbak murene\u00bb.<\/p>\n<p>\u2013 Det har v\u00e6rt s\u00e5 g\u00f8y og l\u00e6rerikt, men veldig omfattende p\u00e5 en m\u00e5te. Det er ikke en lett jobb egentlig, for noen \u00e5 v\u00e6re der nede. Vi jobber veldig lange dager med kjempeproffe folk, og det er jo bare en gave. Alt der nede har v\u00e6rt en gave, samtidig som det har v\u00e6rt utfordrende ogs\u00e5, sier hun.<\/p>\n<p><b>Les ogs\u00e5: <a rel=\"Follow nofollow noopener\" href=\"https:\/\/www.nettavisen.no\/kjendis\/pilotfrue-om-luksusvillaen-vi-har-tomt-alle-pengene\/s\/5-95-2797311\" target=\"_blank\">Sprengt budsjettet: \u2013 Blir kvalm av \u00e5 tenke p\u00e5 det<\/a><\/b><\/p>\n<p>Hovden peker p\u00e5 alvoret i den historien som inspirerte serien.<\/p>\n<p>\u2013 Det er mye tunge f\u00f8lelser \u00e5 sette seg inn i, og det m\u00e5 man f\u00f8le p\u00e5 som skuespiller for \u00e5 formidle det. Som debutant, \u00e5 f\u00e5 lov til \u00e5 v\u00e6re med p\u00e5 et s\u00e5 sinnssykt samarbeidsprosjekt som en serie er, har v\u00e6rt utrolig kult. B\u00e5de l\u00e6ringsrikt og spennende. Det har virkelig v\u00e6rt en reise.<\/p>\n<p>\u2013 De hadde kniv i h\u00e5nden<\/p>\n<p>Store deler av serien viser hovedkarakterene Ida, Michelle og Cecilie bak murene i kvinnefengselet i Cochabamba, Bolivia.<\/p>\n<p><b>Les ogs\u00e5: <a rel=\"Follow nofollow noopener\" href=\"https:\/\/www.nettavisen.no\/kjendis\/charter-svein-arrestert-jeg-er-sjokkert\/s\/5-95-2793138\" target=\"_blank\">\u00abCharter-Svein\u00bb arrestert: \u2013 Jeg er sjokkert<\/a><\/b><\/p>\n<p>Fengselet er en rekonstruksjon av det originale fengselet hvor de tre kvinnene fra den ekte Bolivia-saken satt inne.<\/p>\n<p>\u2013 Det er et kjempeprofesjonelt fengsel. Serieskaper Emilie Beck har v\u00e6rt nede i det originale fengselet, s\u00e5 det du ser p\u00e5 TV er en rekonstruksjon av det originale fengselet. Det var enormt realistisk, sier Tetlie til Nettavisen.<\/p>\n<p>   <img decoding=\"async\" width=\"960\" height=\"540\" fetchpriority=\"low\"  loading=\"lazy\"  src=\"https:\/\/www.europesays.com\/no\/wp-content\/uploads\/2025\/12\/1767046029_280_bolivia4.jpg\" alt=\"\" class=\"brick-c-cFOWSL\" style=\"--brick-image-ratio: 960 \/ 540;\"\/><\/p>\n<p>      BAK MURENE: I \u00abFlukten fra Bolivia\u00bb f\u00f8lger vi de tre jentene Ida, Michelle og Cecilie bak murene i Bolivia.<br \/>\n      Foto: Charlie Sperring (TV 2)\n    <\/p>\n<p>Da de f\u00f8rste scenene i fengselet skulle spilles inn, var det ogs\u00e5 f\u00f8rste gang skuespillerne m\u00f8tte statistene.<\/p>\n<p>\u2013 Vi ante ikke hvor mange de var f\u00f8r de sa \u00abaction\u00bb. De hadde f\u00e5tt regi om \u00e5 skremme oss og sto bare \u00e5 kikket p\u00e5 oss, og hadde kniv i h\u00e5nden. Det var brutalt, sier Hovden.<\/p>\n<p>\u2013 Samtidig er de verdens snilleste mennesker. De som spiller de slemme er ofte de s\u00f8teste folka, men fy s\u00f8ren, de kan skremme ogs\u00e5. Det var g\u00f8y, legger \u00d8verbye til.<\/p>\n<p><b>Anmeldelse: <\/b><a class=\"simple-relation related-teaser article--c-eRUmMG article--c-eRUmMG-fZoQSp-design-nettavisen article--c-eRUmMG-iYqjuU-model-review article--c-eRUmMG-dVRqVF-cv article--c-eRUmMG-gwthdJ-cv\" href=\"https:\/\/www.nettavisen.no\/flukten-fra-bolivia-reddes-av-gode-skuespillere\/r\/5-95-2792934\" rel=\"nofollow noopener\" target=\"_blank\">Flukten fra Bolivia: Reddes av gode skuespillere<\/a><\/p>\n<p>Facetime med Bolivia-Madeleine<\/p>\n<p>\u00d8verbye, Tetlie og Hovden var alle tre sm\u00e5 barn da Bolivia-saken rystet Norge i 2008, og m\u00e5tte gj\u00f8re omfattende research i forkant av innspillingen.<\/p>\n<p>\u2013 Jeg m\u00e5tte jo bygge karakteren min, og da gikk jeg gjennom alt av gamle klipp av disse jentene, leste artikler. Det var da den virkelige researchen begynte, sier Tetlie.<\/p>\n<p>   <img decoding=\"async\" width=\"3800\" height=\"2535\" fetchpriority=\"low\"  loading=\"lazy\"  src=\"https:\/\/www.europesays.com\/no\/wp-content\/uploads\/2025\/12\/NTB_SbOf8wkfABc.jpg\" alt=\"TV 2: V\u00e5rslipp. Foto: Espen Solli&#10;&#10;Lisa Hovden Ingvild Lien Josephine Tetlie\" class=\"brick-c-cFOWSL\" style=\"--brick-image-ratio: 3800 \/ 2535;\"\/><\/p>\n<p>      KONTAKT MED MADELEINE: Skuespillerne avsl\u00f8rer at de har hatt en facetime-samtale med Madeleine Rodriguez.<br \/>\n      Foto: TV 2\n    <\/p>\n<p>Da Nettavisen sp\u00f8r om de har hatt kontakt med noen av jentene fra Bolivia-saken under innspilling, begynner de \u00e5 le.<\/p>\n<p>\u2013 Ja, vi har jo det, sier Tetlie.<\/p>\n<p>\u2013 Meg og Josephine kom jo inn i prosjektet for tre \u00e5r siden snart. Da hadde vi en liten facetime med Madeleine Rodriguez. Hun har vi snakket litt med, forklarer Hovden.<\/p>\n<p>   <img decoding=\"async\" width=\"2453\" height=\"1643\" fetchpriority=\"low\"  loading=\"lazy\"  src=\"https:\/\/www.europesays.com\/no\/wp-content\/uploads\/2025\/12\/NTB__Q4jqPfVjYI.jpg\" alt=\"Norway's Stina Bredema Hagen, right, gestures as Madeleine Alicia Rodriguez looks on during their trial at the Superior Justice Court in Cochabamba, Bolivia, Friday, Dec. 11, 2009. Hagen and Rodriguez, along with one other Norwegian woman, are on trial for alleged drug trafficking. (AP Photo\/Nano Cartagena)\" class=\"brick-c-cFOWSL\" style=\"--brick-image-ratio: 2453 \/ 1643;\"\/><\/p>\n<p>      BOLIVIA: Madeleine Rodriguez og Stina Brendemo Hagen i retten i Cochabamba, Bolivia i 2009.<br \/>\n      Foto: Nano Cartagena\n    <\/p>\n<p>Madeleine Rodriguez er den eneste av de tre kvinnene fra Bolivia-saken som sitter igjen i Cochabamba.<\/p>\n<p>\u2013 Utrolig trist og tragisk<\/p>\n<p>Til tross for research og kontakt, understreker skuespillerne at de aldri fullt ut kan sette seg inn i hva de tre jentene faktisk opplevde.<\/p>\n<p>\u2013 Jeg kan aldri virkelig sette meg inn i hva de tre jentene gikk gjennom. Ingen kan realisere hvor alvorlig og dramatisk det var. Det f\u00f8ler jeg heller ikke at jeg har retten til \u00e5 gj\u00f8re, sier \u00d8verbye.<\/p>\n<p>   <img decoding=\"async\" width=\"1024\" height=\"683\" fetchpriority=\"low\"  loading=\"lazy\"  src=\"https:\/\/www.europesays.com\/no\/wp-content\/uploads\/2025\/12\/1767046030_606_bolivia2.jpg\" alt=\"\" class=\"brick-c-cFOWSL\" style=\"--brick-image-ratio: 1024 \/ 683;\"\/><\/p>\n<p>      TANKEVEKKER: Skuespillerne h\u00e5per seerne tenker over hvorfor Madeleine Rodriguez fortsatt sitter igjen i Bolivia.<br \/>\n      Foto: TV 2\n    <\/p>\n<p>Hovden mener historien er langt mer kompleks enn mange tror.<\/p>\n<p>\u2013 Det er mye mer komplekst enn det offentligheten ser. P\u00e5 mange m\u00e5ter skj\u00f8nner jeg ogs\u00e5 at man kan havne i en s\u00e5nn situasjon. Og s\u00e5 blir det utrolig trist og tragisk.<\/p>\n<p>\u2013 Det er sjokkerende hvordan livet kan forandre seg. Historien og serien legger ogs\u00e5 press p\u00e5 hva det gj\u00f8r med psykisk helse \u00e5 st\u00e5 helt alene s\u00e5 ung, sier \u00d8verbye.<\/p>\n<p><b>Les ogs\u00e5: <a rel=\"Follow nofollow noopener\" href=\"https:\/\/www.nettavisen.no\/kjendis\/david-eriksen-om-barn-nar-han-skal-konfirmeres-er-jeg-75-ar\/s\/5-95-2793530\" target=\"_blank\">David Eriksen om barn: \u2013 Jeg blir han gamle pappaen<\/a><\/b><\/p>\n<p>Skuespillerne sitter igjen med ett sp\u00f8rsm\u00e5l.<\/p>\n<p>\u00abHvorfor sitter Madeleine Rodriguez igjen i Bolivia?\u00bb<\/p>\n<p>\u2013 Jeg h\u00e5per folk som ser serien ogs\u00e5 tenker litt p\u00e5 det, avslutter \u00d8verbye.<\/p>\n","protected":false},"excerpt":{"rendered":"F\u00f8rste juledag var det premiere p\u00e5 TV 2s nye dramaserie, \u00abFlukten fra Bolivia\u00bb, basert p\u00e5 de virkelige hendelsene&hellip;\n","protected":false},"author":2,"featured_media":119904,"comment_status":"","ping_status":"","sticky":false,"template":"","format":"standard","meta":{"footnotes":""},"categories":[58],"tags":[71,30,28,29,72],"class_list":{"0":"post-124296","1":"post","2":"type-post","3":"status-publish","4":"format-standard","5":"has-post-thumbnail","7":"category-underholdning","8":"tag-entertainment","9":"tag-no","10":"tag-norge","11":"tag-norway","12":"tag-underholdning"},"share_on_mastodon":{"url":"https:\/\/pubeurope.com\/@no\/115805136053051993","error":""},"_links":{"self":[{"href":"https:\/\/www.europesays.com\/no\/wp-json\/wp\/v2\/posts\/124296","targetHints":{"allow":["GET"]}}],"collection":[{"href":"https:\/\/www.europesays.com\/no\/wp-json\/wp\/v2\/posts"}],"about":[{"href":"https:\/\/www.europesays.com\/no\/wp-json\/wp\/v2\/types\/post"}],"author":[{"embeddable":true,"href":"https:\/\/www.europesays.com\/no\/wp-json\/wp\/v2\/users\/2"}],"replies":[{"embeddable":true,"href":"https:\/\/www.europesays.com\/no\/wp-json\/wp\/v2\/comments?post=124296"}],"version-history":[{"count":0,"href":"https:\/\/www.europesays.com\/no\/wp-json\/wp\/v2\/posts\/124296\/revisions"}],"wp:featuredmedia":[{"embeddable":true,"href":"https:\/\/www.europesays.com\/no\/wp-json\/wp\/v2\/media\/119904"}],"wp:attachment":[{"href":"https:\/\/www.europesays.com\/no\/wp-json\/wp\/v2\/media?parent=124296"}],"wp:term":[{"taxonomy":"category","embeddable":true,"href":"https:\/\/www.europesays.com\/no\/wp-json\/wp\/v2\/categories?post=124296"},{"taxonomy":"post_tag","embeddable":true,"href":"https:\/\/www.europesays.com\/no\/wp-json\/wp\/v2\/tags?post=124296"}],"curies":[{"name":"wp","href":"https:\/\/api.w.org\/{rel}","templated":true}]}}