{"id":124298,"date":"2025-12-29T22:11:19","date_gmt":"2025-12-29T22:11:19","guid":{"rendered":"https:\/\/www.europesays.com\/no\/124298\/"},"modified":"2025-12-29T22:11:19","modified_gmt":"2025-12-29T22:11:19","slug":"20-sporsmal-notodden-damian-17-kunne-gjerne-feiret-jul-i-berlin-og-hadde-ikke-sagt-nei-takk-til-en-lamborghini-huracan","status":"publish","type":"post","link":"https:\/\/www.europesays.com\/no\/124298\/","title":{"rendered":"20 sp\u00f8rsm\u00e5l, Notodden | Damian (17) kunne gjerne feiret jul i Berlin og hadde ikke sagt nei takk til en Lamborghini Hurac\u00e1n"},"content":{"rendered":"\n<p><b>Navn:<\/b> Damian Bergom.<\/p>\n<p><b>Alder:<\/b> 17.<\/p>\n<p><b>Bosted:<\/b> Notodden.<\/p>\n<p><b>Yrke:<\/b> Butikkmedarbeider.<\/p>\n<p><b>Aktuell med:<\/b> Leder av Notodden og Omegn FpU, avtroppende leder av ungdomsr\u00e5det og representant i Statsforvalterns barne- og ungdomspanel.<\/p>\n<p><b>1. Hvilken julel\u00e5t er din favoritt?<\/b><\/p>\n<p>&#8211; For \u00e5 f\u00e5 julestemning m\u00e5 det v\u00e6re \u00abStjernesludd\u00bb av Kurt Nilsen, men \u00abHey Ho\u00bb av Freddy Kalas er ogs\u00e5 en favoritt.<\/p>\n<p><b>2. Hvilken l\u00e5t havnet \u00f8verst p\u00e5 topplista p\u00e5 Spotify i 2025?<\/b><\/p>\n<p>&#8211; \u00abAlle vil v\u00e6re med\u00bb av Golf. Den h\u00f8rte jeg mye p\u00e5, spesielt p\u00e5 starten av \u00e5ret.<\/p>\n<p><b>3. Hva husker du best fra 2025 og hvorfor?<\/b><\/p>\n<p>&#8211; Det er mange ting, men jeg fikk dra til Etiopia for \u00e5 se hvordan organisasjonen Children burn &amp; wounded care foundation jobber med \u00e5 behandle pasienter med brannskader. Det var en veldig l\u00e6rerik tur. Jeg fikk ogs\u00e5 se forskjellen mellom det etiopiske og det norske samfunnet. En annen ting jeg husker godt, er da jeg ble valgt til leder av Notodden og Omegn FpU.<\/p>\n<p>   <img decoding=\"async\" width=\"2048\" height=\"1536\" fetchpriority=\"low\"  loading=\"lazy\"  src=\"https:\/\/www.europesays.com\/no\/wp-content\/uploads\/2025\/12\/Damian3_1.jpeg\" alt=\"\" class=\"brick-c-cFOWSL\" style=\"--brick-image-ratio: 2048 \/ 1536;\"\/><\/p>\n<p>      ETIOPIA: Noe av det Damian husker best fra dette \u00e5ret er turen til Etiopa, hvor han blant annet fikk se hvordan pasienter med brannskader ble behandlet og de norske hjelpearbeiderne.<br \/>\n      Foto: Privat\n    <\/p>\n<p><b>4. Hva gj\u00f8r deg gladest?<\/b><\/p>\n<p>&#8211; Det \u00e5 v\u00e6re sammen med kompisene mine. De f\u00e5r meg alltid til \u00e5 le.<\/p>\n<p><b>5. Hva har oppr\u00f8rt deg i 2025?<\/b><\/p>\n<p>&#8211; Som ungdomspolitiker, er det mye som har oppr\u00f8rt meg dette \u00e5ret. Blant annet at eldre mennesker skriver ufyselige kommentarer til ungdom i kommentarfelt. Og at kommunen vedtok \u00e5 stenge Storgata, gj\u00f8r meg mest oppgitt og irritert. Det m\u00e5 v\u00e6re mulig \u00e5 finne en l\u00f8sning som b\u00e5de sentrumsbeboere og brukere av Storgata er forn\u00f8yde med.<\/p>\n<p>   <img decoding=\"async\" width=\"4032\" height=\"3024\" fetchpriority=\"low\"  loading=\"lazy\"  src=\"https:\/\/www.europesays.com\/no\/wp-content\/uploads\/2025\/12\/Damian1_1.jpeg\" alt=\"\" class=\"brick-c-cFOWSL\" style=\"--brick-image-ratio: 4032 \/ 3024;\"\/><\/p>\n<p>      FORBILDE: Her er Damian passasjer i bilen med sitt politiske forbilde, B\u00e5rd Hoksrud.<br \/>\n      Foto: Privat\n    <\/p>\n<p><b>6. Hva sl\u00f8ser du mest penger p\u00e5?<\/b><\/p>\n<p>&#8211; Sl\u00f8sing og sl\u00f8sing, men pengene mine g\u00e5r mest til drivstoff.<\/p>\n<p><b>7. Hvilken film m\u00e5 du se i jula?<\/b><\/p>\n<p>&#8211; Jeg er ikke en veldig filmtype, men jeg er veldig glad i Grinchen-filmen.<\/p>\n<p><b>8. Hvilken innbygger \u00f8nsker du \u00e5 spise middag med og hvorfor?<\/b><\/p>\n<p>&#8211; Det hadde v\u00e6rt interessant \u00e5 hatt et juleselskap med lederne av partiene i kommunestyret. Tror det kunne blitt noen fine diskusjoner, enigheter og mer forst\u00e5else overfor politikken til de ulike partiene. Da kunne vi f\u00e5tt en bredere forklaring p\u00e5 hvordan og hvorfor politikere velger \u00e5 stemme slik de gj\u00f8r i enkelte saker.<\/p>\n<p><b>9. Hvis du kunne feire jul hvor som helst i verden, hvor ville det ha v\u00e6rt?<\/b><\/p>\n<p>&#8211; Berlin. Jeg var i Berlin i 2023, og har lengtet tilbake. Det er s\u00e5 fin en by, og jeg fascinerer meg over det tyske spr\u00e5ket ogs\u00e5.<\/p>\n<p>   <img decoding=\"async\" width=\"3024\" height=\"4032\" fetchpriority=\"low\"  loading=\"lazy\"  src=\"https:\/\/www.europesays.com\/no\/wp-content\/uploads\/2025\/12\/Damian2_1.jpeg\" alt=\"\" class=\"brick-c-cFOWSL\" style=\"--brick-image-ratio: 3024 \/ 4032;\"\/><\/p>\n<p>      VANDREHALLEN: Under et bes\u00f8k p\u00e5 Stortinget fikk Damian blant annet m\u00f8te andre unge Frp-politikere.<br \/>\n      Foto: Privat\n    <\/p>\n<p><b>10. Hvilke juletradisjoner har du?<\/b><\/p>\n<p>&#8211; Jeg har veldig folkelige og tradisjonelle juletradisjoner. Og s\u00e5 henger jeg og mamma opp engler p\u00e5 juletreet med navn p\u00e5 dem som har g\u00e5tt bort. En veldig fin og minneverdig tradisjon.<\/p>\n<p><b>11. Hvis du bare fikk et \u00f8nske oppfylt for lokalsamfunnet i det nye \u00e5ret, hva ville det v\u00e6rt?<\/b><\/p>\n<p>&#8211; At den nye skolestrukturen blir bra for elevene, foresatte og l\u00e6rere. Jeg gleder meg virkelig til \u00e5 se hvordan den nye ungdomsskolen blir.<\/p>\n<p><b>12. Hvis du kunne mestre en ny ferdighet over natta, hva ville du ha valgt \u00e5 l\u00e6re?<\/b><\/p>\n<p>&#8211; \u00c5 kunne snakke og forst\u00e5 flere spr\u00e5k.<\/p>\n<p><b>13. Hva betyr mest for deg i jula?<\/b><\/p>\n<p>&#8211; \u00c5 v\u00e6re sammen med familien og venner. B\u00e5de de jeg ser regelmessig og de som jeg ikke ser s\u00e5 ofte. Jeg har familie og venner i Kongsberg, og gleder meg til \u00e5 se dem igjen.<\/p>\n<p><b>14. Hva er den st\u00f8rste tabben du har gjort i 2025?<\/b><\/p>\n<p>&#8211; F\u00f8ler ikke at jeg har gjort s\u00e5 mange tabber i \u00e5r, men en tabbe jeg gjorde i 2024 har p\u00e5virket halve 2025. Jeg valgte nemlig studiespesialisering p\u00e5 videreg\u00e5ende, men fikk heldigvis rettet dette opp n\u00e5r skolen startet igjen. Da byttet jeg til helse- og oppvekstfag.<\/p>\n<p>   <img decoding=\"async\" width=\"4032\" height=\"3024\" fetchpriority=\"low\"  loading=\"lazy\"  src=\"https:\/\/www.europesays.com\/no\/wp-content\/uploads\/2025\/12\/Damian4.jpeg\" alt=\"\" class=\"brick-c-cFOWSL\" style=\"--brick-image-ratio: 4032 \/ 3024;\"\/><\/p>\n<p>      GLAD: Damian liker \u00e5 v\u00e6re sammen med venner, og sier de gj\u00f8r ham glad og f\u00e5r ham til \u00e5 le.<br \/>\n      Foto: Privat\n    <\/p>\n<p><b>15. Hvis du var ordf\u00f8rer for en dag og kunne bestemme det du ville, hva ville det ha blitt?<\/b><\/p>\n<p>&#8211; Enkelt \u00e5 svare p\u00e5. Gjen\u00e5pne Storgata. S\u00f8rge for en bedre dialog mellom r\u00e5nerne, alts\u00e5 brukerne, og sentrumsbeboerne, slik at vi kan f\u00e5 til en ordning som begge parter blir forn\u00f8yde med.<\/p>\n<p><b>16. Hva gj\u00f8r du n\u00e5r du ikke er p\u00e5 skole\/jobb?<\/b><\/p>\n<p>&#8211; Da er jeg ofte med venner, spiller h\u00e5ndball og oppdaterer meg p\u00e5 politikk.<\/p>\n<p><b>17. Hvis du kunne velge fritt av bilmodeller, hva ville det ha blitt?<\/b><\/p>\n<p>&#8211; I 2026 f\u00e5r jeg lappen, og da er planen \u00e5 f\u00e5 seg en Volvo V60 eller V90. Men det hadde v\u00e6rt kult \u00e5 kj\u00f8re rundt i en Lamborghini Hurac\u00e1n ogs\u00e5.<\/p>\n<p><b>18. Er du ferdig med julegavehandelen?<\/b><\/p>\n<p>&#8211; Absolutt ikke. Jeg har ikke startet engang. Det har v\u00e6rt for mye jobb med ungdomsr\u00e5det, FpU, budsjettforslag, jobb og s\u00e5 videre.<\/p>\n<p><b>19. Hva er det teiteste du vet om?<\/b><\/p>\n<p>&#8211; Regjeringen, hvis det er lov \u00e5 si.<\/p>\n<p><b>20. Hva er ditt st\u00f8rste \u00f8nske for 2026?<\/b><\/p>\n<p>&#8211; At jeg kommer inn p\u00e5 ambulanselinja p\u00e5 Skogmo videreg\u00e5ende skole.<\/p>\n","protected":false},"excerpt":{"rendered":"Navn: Damian Bergom. Alder: 17. Bosted: Notodden. Yrke: Butikkmedarbeider. Aktuell med: Leder av Notodden og Omegn FpU, avtroppende&hellip;\n","protected":false},"author":2,"featured_media":124299,"comment_status":"","ping_status":"","sticky":false,"template":"","format":"standard","meta":{"footnotes":""},"categories":[12],"tags":[14689,36,20,21,1839,24,25,15,5593,22,23,13,30,28,29,523,14,16,26,27,42,43,44,45],"class_list":{"0":"post-124298","1":"post","2":"type-post","3":"status-publish","4":"format-standard","5":"has-post-thumbnail","7":"category-verden","8":"tag-20-sporsmal","9":"tag-art","10":"tag-breaking-news","11":"tag-breakingnews","12":"tag-feature","13":"tag-featured-news","14":"tag-featurednews","15":"tag-headlines","16":"tag-jul","17":"tag-latest-news","18":"tag-latestnews","19":"tag-news","20":"tag-no","21":"tag-norge","22":"tag-norway","23":"tag-notodden","24":"tag-nyheter","25":"tag-overskrifter","26":"tag-top-stories","27":"tag-topstories","28":"tag-verden","29":"tag-world","30":"tag-world-news","31":"tag-worldnews"},"share_on_mastodon":{"url":"https:\/\/pubeurope.com\/@no\/115805151866191459","error":""},"_links":{"self":[{"href":"https:\/\/www.europesays.com\/no\/wp-json\/wp\/v2\/posts\/124298","targetHints":{"allow":["GET"]}}],"collection":[{"href":"https:\/\/www.europesays.com\/no\/wp-json\/wp\/v2\/posts"}],"about":[{"href":"https:\/\/www.europesays.com\/no\/wp-json\/wp\/v2\/types\/post"}],"author":[{"embeddable":true,"href":"https:\/\/www.europesays.com\/no\/wp-json\/wp\/v2\/users\/2"}],"replies":[{"embeddable":true,"href":"https:\/\/www.europesays.com\/no\/wp-json\/wp\/v2\/comments?post=124298"}],"version-history":[{"count":0,"href":"https:\/\/www.europesays.com\/no\/wp-json\/wp\/v2\/posts\/124298\/revisions"}],"wp:featuredmedia":[{"embeddable":true,"href":"https:\/\/www.europesays.com\/no\/wp-json\/wp\/v2\/media\/124299"}],"wp:attachment":[{"href":"https:\/\/www.europesays.com\/no\/wp-json\/wp\/v2\/media?parent=124298"}],"wp:term":[{"taxonomy":"category","embeddable":true,"href":"https:\/\/www.europesays.com\/no\/wp-json\/wp\/v2\/categories?post=124298"},{"taxonomy":"post_tag","embeddable":true,"href":"https:\/\/www.europesays.com\/no\/wp-json\/wp\/v2\/tags?post=124298"}],"curies":[{"name":"wp","href":"https:\/\/api.w.org\/{rel}","templated":true}]}}