{"id":124310,"date":"2025-12-29T22:20:13","date_gmt":"2025-12-29T22:20:13","guid":{"rendered":"https:\/\/www.europesays.com\/no\/124310\/"},"modified":"2025-12-29T22:20:13","modified_gmt":"2025-12-29T22:20:13","slug":"innbruddsbolgen-i-fana-tyveri-innbruddsbolgen-i-fana-store-mengder-tyvegods-av-hoy-verdi-pa-avveie","status":"publish","type":"post","link":"https:\/\/www.europesays.com\/no\/124310\/","title":{"rendered":"Innbruddsb\u00f8lgen i Fana, Tyveri | Innbruddsb\u00f8lgen i Fana: \u2013 Store mengder tyvegods av h\u00f8y verdi p\u00e5 avveie"},"content":{"rendered":"\n<p>For flere beboere i Fana har senh\u00f8sten og f\u00f8rjulstiden<a href=\"https:\/\/www.ba.no\/elleve-innbrudd-i-fana-jeg-er-skrekkslagen\/s\/5-8-3245493\" rel=\"Follow nofollow noopener\" target=\"_blank\"> v\u00e6rt preget av en utrygghet oppi all hyggen.<\/a><\/p>\n<p><a href=\"https:\/\/www.ba.no\/nytt-innbrudd-anmeldt-totalt-elleve-innbrudd\/s\/5-8-3243358\" rel=\"Follow nofollow noopener\" target=\"_blank\">Her har nemlig noen innbruddstyver herjet de siste m\u00e5nedene, <\/a>noe bergenspressen og nasjonale medier har omtalt ved flere anledninger.<\/p>\n<p>Til sammen etterforsker politiet 20 innbrudd, og 14 av dem har skjedd i Bergen s\u00f8r. De resterende i \u00c5lesund og Trondheim.<\/p>\n<p>Politiet lette lenge etter tyvene, samtidig som stadig nye innbrudd skjedde. Den 16. desember<a rel=\"Follow nofollow noopener\" href=\"https:\/\/www.ba.no\/etterlyser-disse-to-mennene-etter-innbruddsbolge\/s\/5-8-3256883\" target=\"_blank\"> gikk de ut og etterlyste to menn.<\/a><\/p>\n<p>P\u00e5 ettermiddagen to dager senere, ble to mistenkte p\u00e5grepet i Stavanger.<\/p>\n<p>Store verdier p\u00e5 avveie<\/p>\n<p>De to utenlandske statsborgerne var uskrevne blad hos politiet fra f\u00f8r.<\/p>\n<p>To dager etter p\u00e5gripelsen ble mennene fremstilt<a href=\"https:\/\/www.ba.no\/innbruddsbolgen-han-stiller-seg-uforstaende-til-anklagene\/s\/5-8-3263383\" rel=\"Follow nofollow noopener\" target=\"_blank\"> for varetektsfengsling i Hordaland tingrett. <\/a><\/p>\n<p>Politiet ville ha dem fengslet i fire uker med brev- og bes\u00f8ksforbud mens de etterforsket innbruddene, og fikk medhold i dette. I tillegg ba de om full isolasjon for mennene i to uker.<\/p>\n<p>   <img decoding=\"async\" width=\"1200\" height=\"755\" fetchpriority=\"low\"  loading=\"lazy\"  src=\"https:\/\/www.europesays.com\/no\/wp-content\/uploads\/2025\/12\/innbrudd%2Bsladd.png\" alt=\"\" class=\"brick-c-cFOWSL\" style=\"--brick-image-ratio: 1200 \/ 755;\"\/><\/p>\n<p>      To menn ble etterlyst i forbindelse med en rekke innbrudd. F\u00e5 dager senere var de p\u00e5grepet.<br \/>\n      Foto: Politiet\n    <\/p>\n<p>Fengslingsavgj\u00f8relsen og isolasjonskravet ble anket til Gulating lagmannsrett.<\/p>\n<p>Her har de kommet frem til at b\u00e5de varetektsfengsling og isolasjon er n\u00f8dvendig for begge to, og vektlegger hva p\u00e5talemyndigheten har anf\u00f8rt.<\/p>\n<p><b>De har nemlig p\u00e5pekt at etterforskningen er i en kritisk innledende fase, i tillegg til f\u00f8lgende:<\/b><\/p>\n<p><b>\u2013 Store mengder tyvegods av h\u00f8y verdi er p\u00e5 avveie, og det er forel\u00f8pig uvisst om de to siktede i saken har operert alene, eller om de har hatt medhjelpere, refereres det i rettsdokumentet.<\/b><\/p>\n<p>   <img decoding=\"async\" width=\"1200\" height=\"799\" fetchpriority=\"low\"  loading=\"lazy\"  src=\"https:\/\/www.europesays.com\/no\/wp-content\/uploads\/2025\/12\/DSC_6986%2Bkopi.jpg\" alt=\"\" class=\"brick-c-cFOWSL\" style=\"--brick-image-ratio: 1200 \/ 799;\"\/><\/p>\n<p>      P\u00e5 soverommet til rammede Anne Karin Haarvei (79) p\u00e5 Hops\u00e5sen, var alle skuffene endevendt etter innbruddet.<br \/>\n      Foto: SKJALG EKELAND (Arkiv)\n    <\/p>\n<p>Politiet og retten mener ogs\u00e5 at ved kun delvis isolasjon kan de siktede fritt snakke med andre innsatte, som kan formidle beskjeder videre. Dette vil v\u00e6re til fare for bevisene i saken, p\u00e5pekes det.<\/p>\n<p>Flere millioner kroner<\/p>\n<p>Den ene mannen, som er i midten av 30-\u00e5rene, har if\u00f8lge rettsboken erkjent straffskyld. If\u00f8lge <a rel=\"Follow nofollow noopener\" href=\"https:\/\/www.bt.no\/krim\/i\/7p04A3\/innbruddsboelgen-i-bergen-gulating-lagmannsrett-avviste-anken\" target=\"_blank\">BT<\/a>, som har pratet med hans forsvarer, stemmer ikke dette.<\/p>\n<p>\u2013 Jeg har f\u00e5tt opplyst at det som st\u00e5r i avgj\u00f8relsen om dette er feil, sier advokat Ann Turid Bugge til avisen.<\/p>\n<p>Den andre mannen, som er i starten av 40-\u00e5rene, stiller seg uforst\u00e5ende til siktelsen og mistanken, if\u00f8lge kjennelsen fra lagmannsretten.<\/p>\n<p><b>Retten mener p\u00e5 sin side at mistankegrunnlaget er styrket gjennom de siktedes sprikende forklaringer om form\u00e5l, varighet og reisesteder ved oppholdet i Norge.<\/b><\/p>\n<p>   <img decoding=\"async\" width=\"1200\" height=\"675\" fetchpriority=\"low\"  loading=\"lazy\"  src=\"https:\/\/www.europesays.com\/no\/wp-content\/uploads\/2025\/12\/Innbrudd%2Bmontasje.jpg\" alt=\"\" class=\"brick-c-cFOWSL\" style=\"--brick-image-ratio: 1200 \/ 675;\"\/><\/p>\n<p>De titalls innbruddene er satt i sammenheng p\u00e5 bakgrunn av m\u00e5ten de er utf\u00f8rt: Utebelysning er blitt kappet, og deretter har gjerningspersonene sk\u00e5ret ut et vindu for \u00e5 unng\u00e5 at alarmen g\u00e5r.<\/p>\n<p><b>Til sammen er det stj\u00e5let verdier <a href=\"https:\/\/www.ba.no\/bt-to-personer-pagrepet-for-innbrudd-i-fana\/s\/5-8-3261793\" rel=\"Follow nofollow noopener\" target=\"_blank\">for flere millioner kroner, if\u00f8lge politiet i Bergen s\u00f8r.<\/a><\/b><\/p>\n<p>Mennene m\u00e5 sitte i varetekt frem til 17. januar i f\u00f8rste omgang. De er siktet for innbruddene i Bergen og \u00c5lesund, og det er snakk om elleve forhold.<\/p>\n","protected":false},"excerpt":{"rendered":"For flere beboere i Fana har senh\u00f8sten og f\u00f8rjulstiden v\u00e6rt preget av en utrygghet oppi all hyggen. Her&hellip;\n","protected":false},"author":2,"featured_media":124311,"comment_status":"","ping_status":"","sticky":false,"template":"","format":"standard","meta":{"footnotes":""},"categories":[10],"tags":[36,10513,20,21,24,25,15,3258,14140,983,22,23,13,30,28,29,14,16,1510,26,27,1063],"class_list":{"0":"post-124310","1":"post","2":"type-post","3":"status-publish","4":"format-standard","5":"has-post-thumbnail","7":"category-norge","8":"tag-art","9":"tag-bergen-sor","10":"tag-breaking-news","11":"tag-breakingnews","12":"tag-featured-news","13":"tag-featurednews","14":"tag-headlines","15":"tag-innbrudd","16":"tag-innbruddsbolgen-i-fana","17":"tag-krim","18":"tag-latest-news","19":"tag-latestnews","20":"tag-news","21":"tag-no","22":"tag-norge","23":"tag-norway","24":"tag-nyheter","25":"tag-overskrifter","26":"tag-story","27":"tag-top-stories","28":"tag-topstories","29":"tag-tyveri"},"share_on_mastodon":{"url":"https:\/\/pubeurope.com\/@no\/115805187278526583","error":""},"_links":{"self":[{"href":"https:\/\/www.europesays.com\/no\/wp-json\/wp\/v2\/posts\/124310","targetHints":{"allow":["GET"]}}],"collection":[{"href":"https:\/\/www.europesays.com\/no\/wp-json\/wp\/v2\/posts"}],"about":[{"href":"https:\/\/www.europesays.com\/no\/wp-json\/wp\/v2\/types\/post"}],"author":[{"embeddable":true,"href":"https:\/\/www.europesays.com\/no\/wp-json\/wp\/v2\/users\/2"}],"replies":[{"embeddable":true,"href":"https:\/\/www.europesays.com\/no\/wp-json\/wp\/v2\/comments?post=124310"}],"version-history":[{"count":0,"href":"https:\/\/www.europesays.com\/no\/wp-json\/wp\/v2\/posts\/124310\/revisions"}],"wp:featuredmedia":[{"embeddable":true,"href":"https:\/\/www.europesays.com\/no\/wp-json\/wp\/v2\/media\/124311"}],"wp:attachment":[{"href":"https:\/\/www.europesays.com\/no\/wp-json\/wp\/v2\/media?parent=124310"}],"wp:term":[{"taxonomy":"category","embeddable":true,"href":"https:\/\/www.europesays.com\/no\/wp-json\/wp\/v2\/categories?post=124310"},{"taxonomy":"post_tag","embeddable":true,"href":"https:\/\/www.europesays.com\/no\/wp-json\/wp\/v2\/tags?post=124310"}],"curies":[{"name":"wp","href":"https:\/\/api.w.org\/{rel}","templated":true}]}}