{"id":124312,"date":"2025-12-29T22:21:14","date_gmt":"2025-12-29T22:21:14","guid":{"rendered":"https:\/\/www.europesays.com\/no\/124312\/"},"modified":"2025-12-29T22:21:14","modified_gmt":"2025-12-29T22:21:14","slug":"zelenskyj-om-angrepspastand-ren-logn-dagbladet","status":"publish","type":"post","link":"https:\/\/www.europesays.com\/no\/124312\/","title":{"rendered":"Zelenskyj om angrepsp\u00e5stand: &#8211; Ren l\u00f8gn &#8211; Dagbladet"},"content":{"rendered":"<ol>\n<li><a href=\"https:\/\/news.google.com\/rss\/articles\/CBMihAFBVV95cUxOVVRMWjdBSktjOEFlbkR4dGRsTThIVzhjREFfZzNYckFwSXZQcmhGT0VVZk0tZnV5ejhQcVREWVpVb01BVkZtZVAzWXFXRWJBVXh2eXBGdENITTJiRWJ4WVdlU01SakN4dFhIdHYzUHJkMW5RbnZINUdDb3Y1ODZpSnQ1ZnE?oc=5\" target=\"_blank\" rel=\"nofollow noopener\">Zelenskyj om angrepsp\u00e5stand: &#8211; Ren l\u00f8gn<\/a>&nbsp;&nbsp;Dagbladet<\/li>\n<li><a href=\"https:\/\/news.google.com\/rss\/articles\/CBMiiAFBVV95cUxQM0V2clRQR3B4bHRWbF9uNFpKRWE5dWVJalY5UjdoNk0wY1VSOFdLWTlia3otMlV2QXMwazZlLUNsemFFMlY0bDVfdUVkRHY1TlF3WnFvS3Nfa3Z6blNvalVsbm0zcUtKVFpEckNuY2Fzd2o5LWowTUdoVkpJc1dDY0phQkdjYlM0?oc=5\" target=\"_blank\" rel=\"nofollow noopener\">Interfax: Hevder Ukraina fors\u00f8kte \u00e5 angripe Putins hus<\/a>&nbsp;&nbsp;VG<\/li>\n<li><a href=\"https:\/\/news.google.com\/rss\/articles\/CBMipwFBVV95cUxQbFAtSF84TkxPU3U0bXo1RXZmaXF6TG1jUUdUWGdsWXFQeEd2cWY1VUNEbm1paXBKWHE4bjZwTDVIT3JvRlJOQmFld1pNN2ZmOTlLSWJoOVYySGluWktndEN4c3pOZVhnWUV3R2NEZ2wtV1lNUFZhYUVKNUl5VEJpTlMtMUt4Si1EUDZlcFdTOTJsM3pGN1YxdDZkREJxRUVCQU1hLUNwUQ?oc=5\" target=\"_blank\" rel=\"nofollow noopener\">Hevder Ukraina har fors\u00f8kt \u00e5 angripe Putins bolig: \u2013 Dette er l\u00f8gner<\/a>&nbsp;&nbsp;NRK<\/li>\n<li><a href=\"https:\/\/news.google.com\/rss\/articles\/CBMizgFBVV95cUxQYW9VcnZQM3FxeGRXVTU2cjdJeXdncGlqRFFmUi1iX240ZV9Db2RkTHFnRnc0bVFjWjcwSndXUjVmXzVJaXlqTExGOXFKb2VfMDJQalI0LVI4Z3I1SzZEVmZWRDhpZ1dYWUR4Y2FTVzlvdmxUQWt4VGRHSXRDUExTbFd3NE1JZnM1TXYyd2xZVXIzTE4wQ1N1Zkw5NGI2cWM5dGFnM0hta2Z4U0RjazdDeVJsaFZsWlc4djFlSDU0OGVlcEhpTGxrMFdmb3c0QQ?oc=5\" target=\"_blank\" rel=\"nofollow noopener\">Russland hevder Ukraina fors\u00f8kte \u00e5 angripe Putins bolig i Novgorod. \u2013 L\u00f8gn, svarer Zelenskyj<\/a>&nbsp;&nbsp;Aftenposten<\/li>\n<li><a href=\"https:\/\/news.google.com\/rss\/articles\/CBMikwFBVV95cUxNNlc0WkZINWVLLWRudG9jM2FxS0w5emM0bWhKYmhLYnlPdGZyaUtVdGhqNFdrU1hubWdKWmNBU2RucC12LUU5T2dSaDJCQkI4MjRzV3NNNEk4RnctaUM1VkJRb3Y0YmpvTmlBOHltV25ESUZNdU1sdmFvX1ozNHY5MHdyZVMtR1ItbzJ3U2F6RmZmelk?oc=5\" target=\"_blank\" rel=\"nofollow noopener\">Hevder at Ukraina fors\u00f8kte \u00e5 angripe Putins residens<\/a>&nbsp;&nbsp;TV2.no<\/li>\n<\/ol>\n","protected":false},"excerpt":{"rendered":"Zelenskyj om angrepsp\u00e5stand: &#8211; Ren l\u00f8gn&nbsp;&nbsp;Dagbladet Interfax: Hevder Ukraina fors\u00f8kte \u00e5 angripe Putins hus&nbsp;&nbsp;VG Hevder Ukraina har fors\u00f8kt&hellip;\n","protected":false},"author":2,"featured_media":124313,"comment_status":"","ping_status":"","sticky":false,"template":"","format":"standard","meta":{"footnotes":""},"categories":[5],"tags":[20,21,24,25,15,19,179,22,23,17,18,13,30,28,29,14,16,188,26,27,489,412,186],"class_list":{"0":"post-124312","1":"post","2":"type-post","3":"status-publish","4":"format-standard","5":"has-post-thumbnail","7":"category-overskrifter","8":"tag-breaking-news","9":"tag-breakingnews","10":"tag-featured-news","11":"tag-featurednews","12":"tag-headlines","13":"tag-hovedoppslag","14":"tag-krigen-i-ukraina","15":"tag-latest-news","16":"tag-latestnews","17":"tag-main-news","18":"tag-mainnews","19":"tag-news","20":"tag-no","21":"tag-norge","22":"tag-norway","23":"tag-nyheter","24":"tag-overskrifter","25":"tag-russland","26":"tag-top-stories","27":"tag-topstories","28":"tag-ukraina","29":"tag-utenriks","30":"tag-vladimir-putin"},"share_on_mastodon":{"url":"https:\/\/pubeurope.com\/@no\/115805191035829731","error":""},"_links":{"self":[{"href":"https:\/\/www.europesays.com\/no\/wp-json\/wp\/v2\/posts\/124312","targetHints":{"allow":["GET"]}}],"collection":[{"href":"https:\/\/www.europesays.com\/no\/wp-json\/wp\/v2\/posts"}],"about":[{"href":"https:\/\/www.europesays.com\/no\/wp-json\/wp\/v2\/types\/post"}],"author":[{"embeddable":true,"href":"https:\/\/www.europesays.com\/no\/wp-json\/wp\/v2\/users\/2"}],"replies":[{"embeddable":true,"href":"https:\/\/www.europesays.com\/no\/wp-json\/wp\/v2\/comments?post=124312"}],"version-history":[{"count":0,"href":"https:\/\/www.europesays.com\/no\/wp-json\/wp\/v2\/posts\/124312\/revisions"}],"wp:featuredmedia":[{"embeddable":true,"href":"https:\/\/www.europesays.com\/no\/wp-json\/wp\/v2\/media\/124313"}],"wp:attachment":[{"href":"https:\/\/www.europesays.com\/no\/wp-json\/wp\/v2\/media?parent=124312"}],"wp:term":[{"taxonomy":"category","embeddable":true,"href":"https:\/\/www.europesays.com\/no\/wp-json\/wp\/v2\/categories?post=124312"},{"taxonomy":"post_tag","embeddable":true,"href":"https:\/\/www.europesays.com\/no\/wp-json\/wp\/v2\/tags?post=124312"}],"curies":[{"name":"wp","href":"https:\/\/api.w.org\/{rel}","templated":true}]}}