{"id":124316,"date":"2025-12-29T22:27:47","date_gmt":"2025-12-29T22:27:47","guid":{"rendered":"https:\/\/www.europesays.com\/no\/124316\/"},"modified":"2025-12-29T22:27:47","modified_gmt":"2025-12-29T22:27:47","slug":"krf-vil-ha-nikab-debatt-det-gar-en-vind-av-nikab-forbud-over-europa-vart-land","status":"publish","type":"post","link":"https:\/\/www.europesays.com\/no\/124316\/","title":{"rendered":"KrF vil ha nikab-debatt: \u2013 Det g\u00e5r en vind av nikab-forbud over Europa &#8211; V\u00e5rt Land"},"content":{"rendered":"<ol>\n<li><a href=\"https:\/\/news.google.com\/rss\/articles\/CBMibkFVX3lxTE1maTVWQzJOb2NuOC1GYi1LN1hQblhKVjVDbkVMVWNvc3hGM0x6Q19kenZleUZtX3NkVnNmVTVaUnN1WmlGWm56dC05T2pVWDFPNmVESmk4TTlDTXFYMDRDMlBPSmFTOUVpMU8xckR3?oc=5\" target=\"_blank\" rel=\"nofollow noopener\">KrF vil ha nikab-debatt: \u2013 Det g\u00e5r en vind av nikab-forbud over Europa<\/a>&nbsp;&nbsp;V\u00e5rt Land<\/li>\n<li><a href=\"https:\/\/news.google.com\/rss\/articles\/CBMitAFBVV95cUxNZnJjQUJOcGRhYkVQNVNXbXFrZVZvRWRDOGxWR2hzendHWkJDd1V2TzZKOVExb0o1Z3BFakxyTVBPX1U2OGJvWVU5REhoZ1BSWWVOdXdkYl9oQzdpdnFKTGlWZW9lQlp0TDNpZHhLM2l1aGREMmF6YlhmUWN3NWZwdmtZeWR0c0tVRk9CWUNRajMtOC0yTW1CYnVxN0hUbUxuVVZMRS1lT0h2Q0tvNmtvZzBwaUM?oc=5\" target=\"_blank\" rel=\"nofollow noopener\">Nesten halve Sverige st\u00f8tter burka og nikab-forbud: \u2013 Islam m\u00e5 tilpasse seg i Sverige<\/a>&nbsp;&nbsp;inyheter.no<\/li>\n<li><a href=\"https:\/\/news.google.com\/rss\/articles\/CBMinAFBVV95cUxNX0ZRODZHMDRma2EtSjF5UDFPMG5CbndGQV96bTNiYWRTU0FweVJseVY0djZSQk1VaExZNm9yMEw0ZFh6Z0Uxb1gwcktHLXJaWFJiQU9wUnZ1bFNiVTF6eE0ybVdzaThSZHFTS3hURWpiRjFhclZqWU5OT2VHSmVlcUZvOGg3SThTaVVRbll1R1luSTI3bGtHZlE4bHQ?oc=5\" target=\"_blank\" rel=\"nofollow noopener\">(+) KrF om nikab og burka: \u2013 Me m\u00e5 diskutera dette grundig i Noreg<\/a>&nbsp;&nbsp;Dagen<\/li>\n<li><a href=\"https:\/\/news.google.com\/rss\/articles\/CBMiogFBVV95cUxNaElHdHhjUjVyQkp0SVo0anhsSExFc28temluV2hzdm5pYllabXpRclRPWmNuWGllMGRzZzhVYXdTQkhfaXpyVTR6Q3pZVnA3WGxDbVYzUkwxYlkzajdmTmVXeURWMjZMQW02NFU1OXJ6d0NoWFpCSDRBcHZkMWVZMW0zWXhoNEE4VzBMZ2xFakVmTXZYN3RXV29oMTJCY3JJX3c?oc=5\" target=\"_blank\" rel=\"nofollow noopener\">(+) Nesten halvparten av svenskene vil ha forbud mot burka og nikab<\/a>&nbsp;&nbsp;Dagen<\/li>\n<\/ol>\n","protected":false},"excerpt":{"rendered":"KrF vil ha nikab-debatt: \u2013 Det g\u00e5r en vind av nikab-forbud over Europa&nbsp;&nbsp;V\u00e5rt Land Nesten halve Sverige st\u00f8tter&hellip;\n","protected":false},"author":2,"featured_media":124317,"comment_status":"","ping_status":"","sticky":false,"template":"","format":"standard","meta":{"footnotes":""},"categories":[12],"tags":[20,21,24,25,15,22,23,13,30,28,29,14,16,26,27,42,43,44,45],"class_list":{"0":"post-124316","1":"post","2":"type-post","3":"status-publish","4":"format-standard","5":"has-post-thumbnail","7":"category-verden","8":"tag-breaking-news","9":"tag-breakingnews","10":"tag-featured-news","11":"tag-featurednews","12":"tag-headlines","13":"tag-latest-news","14":"tag-latestnews","15":"tag-news","16":"tag-no","17":"tag-norge","18":"tag-norway","19":"tag-nyheter","20":"tag-overskrifter","21":"tag-top-stories","22":"tag-topstories","23":"tag-verden","24":"tag-world","25":"tag-world-news","26":"tag-worldnews"},"share_on_mastodon":{"url":"https:\/\/pubeurope.com\/@no\/115805214768504356","error":""},"_links":{"self":[{"href":"https:\/\/www.europesays.com\/no\/wp-json\/wp\/v2\/posts\/124316","targetHints":{"allow":["GET"]}}],"collection":[{"href":"https:\/\/www.europesays.com\/no\/wp-json\/wp\/v2\/posts"}],"about":[{"href":"https:\/\/www.europesays.com\/no\/wp-json\/wp\/v2\/types\/post"}],"author":[{"embeddable":true,"href":"https:\/\/www.europesays.com\/no\/wp-json\/wp\/v2\/users\/2"}],"replies":[{"embeddable":true,"href":"https:\/\/www.europesays.com\/no\/wp-json\/wp\/v2\/comments?post=124316"}],"version-history":[{"count":0,"href":"https:\/\/www.europesays.com\/no\/wp-json\/wp\/v2\/posts\/124316\/revisions"}],"wp:featuredmedia":[{"embeddable":true,"href":"https:\/\/www.europesays.com\/no\/wp-json\/wp\/v2\/media\/124317"}],"wp:attachment":[{"href":"https:\/\/www.europesays.com\/no\/wp-json\/wp\/v2\/media?parent=124316"}],"wp:term":[{"taxonomy":"category","embeddable":true,"href":"https:\/\/www.europesays.com\/no\/wp-json\/wp\/v2\/categories?post=124316"},{"taxonomy":"post_tag","embeddable":true,"href":"https:\/\/www.europesays.com\/no\/wp-json\/wp\/v2\/tags?post=124316"}],"curies":[{"name":"wp","href":"https:\/\/api.w.org\/{rel}","templated":true}]}}