{"id":124318,"date":"2025-12-29T22:28:41","date_gmt":"2025-12-29T22:28:41","guid":{"rendered":"https:\/\/www.europesays.com\/no\/124318\/"},"modified":"2025-12-29T22:28:41","modified_gmt":"2025-12-29T22:28:41","slug":"redningsaksjon-sakna-sakna-mann-funnen-omkommen","status":"publish","type":"post","link":"https:\/\/www.europesays.com\/no\/124318\/","title":{"rendered":"Redningsaksjon, Sakna | Sakna mann funnen omkommen"},"content":{"rendered":"\n<p>Klokka 12.56 melde Vest politidistrikt at det var starta eit redningsoppdrag i samband med at ein eldre mann var sakna fr\u00e5 heimen sin i Stad. <\/p>\n<p>B\u00e5de frivillig mannskap og brann og redning blei kalla ut i s\u00f8k etter mannen. Det blei ogs\u00e5 s\u00f8kt med redningshelikopter. <\/p>\n<p><b>Klokka 16.15 melder politiet at mannen i 80-\u00e5ra er blitt funnen omkommen i Hornindalsvatnet. Dei n\u00e6rmaste p\u00e5r\u00f8rande er varsla. <\/b><\/p>\n<p>Det er ikkje mistanke om at mannen er utsett for noko kriminelt. Den omkomne vil bli obdusert. <\/p>\n","protected":false},"excerpt":{"rendered":"Klokka 12.56 melde Vest politidistrikt at det var starta eit redningsoppdrag i samband med at ein eldre mann&hellip;\n","protected":false},"author":2,"featured_media":231,"comment_status":"","ping_status":"","sticky":false,"template":"","format":"standard","meta":{"footnotes":""},"categories":[10],"tags":[36,20,21,24,25,15,22,23,13,30,28,29,14,16,254,111,14690,2027,1510,26,27],"class_list":{"0":"post-124318","1":"post","2":"type-post","3":"status-publish","4":"format-standard","5":"has-post-thumbnail","7":"category-norge","8":"tag-art","9":"tag-breaking-news","10":"tag-breakingnews","11":"tag-featured-news","12":"tag-featurednews","13":"tag-headlines","14":"tag-latest-news","15":"tag-latestnews","16":"tag-news","17":"tag-no","18":"tag-norge","19":"tag-norway","20":"tag-nyheter","21":"tag-overskrifter","22":"tag-politi","23":"tag-redningsaksjon","24":"tag-sakna","25":"tag-stad","26":"tag-story","27":"tag-top-stories","28":"tag-topstories"},"share_on_mastodon":{"url":"https:\/\/pubeurope.com\/@no\/115805218643505821","error":""},"_links":{"self":[{"href":"https:\/\/www.europesays.com\/no\/wp-json\/wp\/v2\/posts\/124318","targetHints":{"allow":["GET"]}}],"collection":[{"href":"https:\/\/www.europesays.com\/no\/wp-json\/wp\/v2\/posts"}],"about":[{"href":"https:\/\/www.europesays.com\/no\/wp-json\/wp\/v2\/types\/post"}],"author":[{"embeddable":true,"href":"https:\/\/www.europesays.com\/no\/wp-json\/wp\/v2\/users\/2"}],"replies":[{"embeddable":true,"href":"https:\/\/www.europesays.com\/no\/wp-json\/wp\/v2\/comments?post=124318"}],"version-history":[{"count":0,"href":"https:\/\/www.europesays.com\/no\/wp-json\/wp\/v2\/posts\/124318\/revisions"}],"wp:featuredmedia":[{"embeddable":true,"href":"https:\/\/www.europesays.com\/no\/wp-json\/wp\/v2\/media\/231"}],"wp:attachment":[{"href":"https:\/\/www.europesays.com\/no\/wp-json\/wp\/v2\/media?parent=124318"}],"wp:term":[{"taxonomy":"category","embeddable":true,"href":"https:\/\/www.europesays.com\/no\/wp-json\/wp\/v2\/categories?post=124318"},{"taxonomy":"post_tag","embeddable":true,"href":"https:\/\/www.europesays.com\/no\/wp-json\/wp\/v2\/tags?post=124318"}],"curies":[{"name":"wp","href":"https:\/\/api.w.org\/{rel}","templated":true}]}}