{"id":124323,"date":"2025-12-29T22:34:11","date_gmt":"2025-12-29T22:34:11","guid":{"rendered":"https:\/\/www.europesays.com\/no\/124323\/"},"modified":"2025-12-29T22:34:11","modified_gmt":"2025-12-29T22:34:11","slug":"karmoy-brann-brannen-blusset-opp-igjen","status":"publish","type":"post","link":"https:\/\/www.europesays.com\/no\/124323\/","title":{"rendered":"Karm\u00f8y, Brann | Brannen blusset opp igjen"},"content":{"rendered":"\n<p><b>KARM\u00d8Y:<\/b> Klokken 19.48 melder brannvesenet at brannen har blusset opp igjen i l\u00e5ven p\u00e5 Vea, hvor det tidligere i dag brant kraftig.<\/p>\n<p><b>\u2013 Det er \u00e5pne flammer p\u00e5 stedet, melder operasjonsleder Rune Tallaksen i S\u00f8r-Vest politidistrikt. <\/b><\/p>\n<p>Dette skjer tre timer etter at brannvesenet og politiet meldte at de hadde avsluttet p\u00e5 stedet. Den meldingen kom 16.56.<\/p>\n<p>    Vil du se neste video?<\/p>\n<p>    <a href=\"https:\/\/www.h-avis.no\/brann-vea\/v\/5-62-1969518\" class=\"recommend-poster\" data-adp-clicklabel=\"video-recommend\" data-adp-clickvalue=\"poster\" rel=\"nofollow noopener\" target=\"_blank\"><br \/>\n      <img decoding=\"async\" width=\"200\" height=\"200\" loading=\"lazy\" src=\"https:\/\/www.europesays.com\/no\/wp-content\/uploads\/2025\/12\/v-i-c4a6b9f3-b853-4086-b412-995b4189593c-1.jpg\" alt=\"\" class=\"brick-c-cFOWSL\" style=\"--brick-image-ratio: 200 \/ 200;\"\/><\/p>\n<p>Brann Vea0:37<\/p>\n<p>    <\/a><\/p>\n<p>\u2013 Det kan skje<\/p>\n<p>Klokken 20.45 har brannvesenet f\u00e5tt kontroll p\u00e5 stedet. Brannen er slukket igjen, og det vil bli etterslukking og kontroll en god periode framover.<\/p>\n<p><b>\u2013 Huseier hadde h\u00f8rt det knitre, og s\u00e5 at det brant i enden av bygget. Da vi kom fram m\u00f8tte vi flammer utvendig. N\u00e5 har vi sl\u00e5tt ned brannen, og driver etterslukking, sier vakthavende brannsjef i Haugaland brann og redning, Audun Matre. <\/b><\/p>\n<p>Han forteller at de gikk over bygget med varmes\u00f8kende kamera flere ganger f\u00f8r de dro tidligere i ettermiddag.<\/p>\n<p><b>\u2013 Det har nok v\u00e6rt noen gl\u00f8r igjen, og med den vinden som har v\u00e6rt med trekk fra nord har det nok blitt bl\u00e5st liv i gl\u00f8rne. Det kan forekomme. Vi pr\u00f8ver \u00e5 v\u00e6re sikre, men gl\u00f8r kan avgi ganske lite varme. Da kan det v\u00e6re vanskelig \u00e5 oppdage inne i en vegg, sier Matre. <\/b><\/p>\n<p>Han sier de vil bli v\u00e6rende en time eller to for \u00e5 v\u00e6re sikre p\u00e5 at det er slukket denne gangen.<\/p>\n<p>   <img decoding=\"async\" width=\"5712\" height=\"4284\" fetchpriority=\"low\"  loading=\"lazy\"  src=\"https:\/\/www.europesays.com\/no\/wp-content\/uploads\/2025\/12\/IMG_6108+(1)_1.jpg\" alt=\"\" class=\"brick-c-cFOWSL\" style=\"--brick-image-ratio: 5712 \/ 4284;\"\/><\/p>\n<p>      P\u00c5 PLASS: Brannvesenet er i gang med runde nummer to med slukkearbeid p\u00e5 Vea.<br \/>\n      Foto: Marius Amdal Haugen\n    <\/p>\n<p><b>Les mer om brannen her: <\/b><\/p>\n<p>  <a href=\"https:\/\/www.h-avis.no\/5-62-1969500\" class=\"related-teaser default-story-teaser article--c-eRUmMG article--c-eRUmMG-jKCPdD-design-default article--c-eRUmMG-kpKLOW-cv\" rel=\"nofollow noopener\" target=\"_blank\"><\/p>\n<p>\n            Les ogs\u00e5<\/p>\n<p>              Brann p\u00e5 Karm\u00f8y: \u2013 Situasjonen er under kontroll\n        <\/p>\n<p>  <\/a><br \/>\n  Ingen skadde personer<\/p>\n<p>Brannen startet klokken 11.47. Det ble meldt om full fyr i en l\u00e5ve som ikke ble brukt til dyrehold, men som selskapslokaler.<\/p>\n<p>Det skal ikke ha v\u00e6rt personer i bygningen.<\/p>\n<p><b>\u2013 Brannvesenet har g\u00e5tt gjennom bygget og ingen er utsatt for r\u00f8yk eller brann, sa politibetjent J\u00f8rn Meland tidligere i dag. <\/b><\/p>\n<p>Brann\u00e5rsaken er ukjent.<\/p>\n<p>    Vil du se neste video?<\/p>\n<p>    <a href=\"https:\/\/www.h-avis.no\/julekaos-folk-er-galne\/v\/5-62-1968490\" class=\"recommend-poster\" data-adp-clicklabel=\"video-recommend\" data-adp-clickvalue=\"poster\" rel=\"nofollow noopener\" target=\"_blank\"><br \/>\n      <img decoding=\"async\" width=\"200\" height=\"200\" loading=\"lazy\" src=\"https:\/\/www.europesays.com\/no\/wp-content\/uploads\/2025\/12\/v-i-69dde713-2876-4cca-a1bd-461c8ac08a1c-1.jpg\" alt=\"\" class=\"brick-c-cFOWSL\" style=\"--brick-image-ratio: 200 \/ 200;\"\/><\/p>\n<p>Julekaos: \u2013 Folk er galne1:06<\/p>\n<p>    <\/a><\/p>\n<p>Oppdateres<\/p>\n","protected":false},"excerpt":{"rendered":"KARM\u00d8Y: Klokken 19.48 melder brannvesenet at brannen har blusset opp igjen i l\u00e5ven p\u00e5 Vea, hvor det tidligere&hellip;\n","protected":false},"author":2,"featured_media":124324,"comment_status":"","ping_status":"","sticky":false,"template":"","format":"standard","meta":{"footnotes":""},"categories":[12],"tags":[36,367,5847,20,21,24,25,15,1761,22,23,13,30,28,29,14,16,1510,26,27,42,43,44,45],"class_list":{"0":"post-124323","1":"post","2":"type-post","3":"status-publish","4":"format-standard","5":"has-post-thumbnail","7":"category-verden","8":"tag-art","9":"tag-brann","10":"tag-branner","11":"tag-breaking-news","12":"tag-breakingnews","13":"tag-featured-news","14":"tag-featurednews","15":"tag-headlines","16":"tag-karmoy","17":"tag-latest-news","18":"tag-latestnews","19":"tag-news","20":"tag-no","21":"tag-norge","22":"tag-norway","23":"tag-nyheter","24":"tag-overskrifter","25":"tag-story","26":"tag-top-stories","27":"tag-topstories","28":"tag-verden","29":"tag-world","30":"tag-world-news","31":"tag-worldnews"},"share_on_mastodon":{"url":"https:\/\/pubeurope.com\/@no\/115805242288232510","error":""},"_links":{"self":[{"href":"https:\/\/www.europesays.com\/no\/wp-json\/wp\/v2\/posts\/124323","targetHints":{"allow":["GET"]}}],"collection":[{"href":"https:\/\/www.europesays.com\/no\/wp-json\/wp\/v2\/posts"}],"about":[{"href":"https:\/\/www.europesays.com\/no\/wp-json\/wp\/v2\/types\/post"}],"author":[{"embeddable":true,"href":"https:\/\/www.europesays.com\/no\/wp-json\/wp\/v2\/users\/2"}],"replies":[{"embeddable":true,"href":"https:\/\/www.europesays.com\/no\/wp-json\/wp\/v2\/comments?post=124323"}],"version-history":[{"count":0,"href":"https:\/\/www.europesays.com\/no\/wp-json\/wp\/v2\/posts\/124323\/revisions"}],"wp:featuredmedia":[{"embeddable":true,"href":"https:\/\/www.europesays.com\/no\/wp-json\/wp\/v2\/media\/124324"}],"wp:attachment":[{"href":"https:\/\/www.europesays.com\/no\/wp-json\/wp\/v2\/media?parent=124323"}],"wp:term":[{"taxonomy":"category","embeddable":true,"href":"https:\/\/www.europesays.com\/no\/wp-json\/wp\/v2\/categories?post=124323"},{"taxonomy":"post_tag","embeddable":true,"href":"https:\/\/www.europesays.com\/no\/wp-json\/wp\/v2\/tags?post=124323"}],"curies":[{"name":"wp","href":"https:\/\/api.w.org\/{rel}","templated":true}]}}