{"id":124325,"date":"2025-12-29T22:35:28","date_gmt":"2025-12-29T22:35:28","guid":{"rendered":"https:\/\/www.europesays.com\/no\/124325\/"},"modified":"2025-12-29T22:35:28","modified_gmt":"2025-12-29T22:35:28","slug":"ulykker-trafikk-kollisjon-mellom-to-biler","status":"publish","type":"post","link":"https:\/\/www.europesays.com\/no\/124325\/","title":{"rendered":"Ulykker, Trafikk | Kollisjon mellom to biler"},"content":{"rendered":"\n<p>Mandag formiddag rykker n\u00f8detatene ut etter \u00e5 ha f\u00e5tt melding om kollisjon p\u00e5 Helgelandsbrua.<\/p>\n<p>Det skal v\u00e6re snakk om to personbiler, med en person i hver bil.<\/p>\n<p>\u2013 Den ene sj\u00e5f\u00f8ren sier seg forsl\u00e5tt, ellers er alle p\u00e5 beina, melder operasjonsleder Kai Eriksen i politiloggen.<\/p>\n<p>Helgelandsbrua er stengt som f\u00f8lge av hendelsen.<\/p>\n<p>   <img decoding=\"async\" width=\"800\" height=\"600\" fetchpriority=\"low\"  loading=\"lazy\"  src=\"https:\/\/www.europesays.com\/no\/wp-content\/uploads\/2025\/12\/1800484_1.jpg\" alt=\"\" class=\"brick-c-cFOWSL\" style=\"--brick-image-ratio: 800 \/ 600;\"\/><\/p>\n<p><b>Oppdatert klokken 12.13: <\/b>Politiet melder at det fremdeles jobbes p\u00e5 brua som er stengt, og bilberger er bestilt.<\/p>\n<p><b>Oppdatert klokken 12:47:<\/b> Et felt er n\u00e5 \u00e5pnet.<\/p>\n<p>\u2013 Det vil bli redusert framkommelighet under bilbergingen som starter cirka 13:30, melder operasjonsleder Eriksen.<\/p>\n<p>   <img decoding=\"async\" width=\"800\" height=\"600\" fetchpriority=\"low\"  loading=\"lazy\"  src=\"https:\/\/www.europesays.com\/no\/wp-content\/uploads\/2025\/12\/1800484_1+%281%29.jpg\" alt=\"\" class=\"brick-c-cFOWSL\" style=\"--brick-image-ratio: 800 \/ 600;\"\/><\/p>\n<p><b>Oppdatert klokken 13:44: <\/b>En person er tatt med for en helsesjekk. Det er ikke snakk om promille p\u00e5 de to involverte sj\u00e5f\u00f8rene, melder operasjonslederen.<\/p>\n","protected":false},"excerpt":{"rendered":"Mandag formiddag rykker n\u00f8detatene ut etter \u00e5 ha f\u00e5tt melding om kollisjon p\u00e5 Helgelandsbrua. Det skal v\u00e6re snakk&hellip;\n","protected":false},"author":2,"featured_media":124326,"comment_status":"","ping_status":"","sticky":false,"template":"","format":"standard","meta":{"footnotes":""},"categories":[10],"tags":[2486,36,20,21,24,25,15,22,23,2688,13,30,28,29,14,16,1510,26,27,224,1204],"class_list":{"0":"post-124325","1":"post","2":"type-post","3":"status-publish","4":"format-standard","5":"has-post-thumbnail","7":"category-norge","8":"tag-alstahaug","9":"tag-art","10":"tag-breaking-news","11":"tag-breakingnews","12":"tag-featured-news","13":"tag-featurednews","14":"tag-headlines","15":"tag-latest-news","16":"tag-latestnews","17":"tag-leirfjord","18":"tag-news","19":"tag-no","20":"tag-norge","21":"tag-norway","22":"tag-nyheter","23":"tag-overskrifter","24":"tag-story","25":"tag-top-stories","26":"tag-topstories","27":"tag-trafikk","28":"tag-ulykker"},"share_on_mastodon":{"url":"https:\/\/pubeurope.com\/@no\/115805246195133612","error":""},"_links":{"self":[{"href":"https:\/\/www.europesays.com\/no\/wp-json\/wp\/v2\/posts\/124325","targetHints":{"allow":["GET"]}}],"collection":[{"href":"https:\/\/www.europesays.com\/no\/wp-json\/wp\/v2\/posts"}],"about":[{"href":"https:\/\/www.europesays.com\/no\/wp-json\/wp\/v2\/types\/post"}],"author":[{"embeddable":true,"href":"https:\/\/www.europesays.com\/no\/wp-json\/wp\/v2\/users\/2"}],"replies":[{"embeddable":true,"href":"https:\/\/www.europesays.com\/no\/wp-json\/wp\/v2\/comments?post=124325"}],"version-history":[{"count":0,"href":"https:\/\/www.europesays.com\/no\/wp-json\/wp\/v2\/posts\/124325\/revisions"}],"wp:featuredmedia":[{"embeddable":true,"href":"https:\/\/www.europesays.com\/no\/wp-json\/wp\/v2\/media\/124326"}],"wp:attachment":[{"href":"https:\/\/www.europesays.com\/no\/wp-json\/wp\/v2\/media?parent=124325"}],"wp:term":[{"taxonomy":"category","embeddable":true,"href":"https:\/\/www.europesays.com\/no\/wp-json\/wp\/v2\/categories?post=124325"},{"taxonomy":"post_tag","embeddable":true,"href":"https:\/\/www.europesays.com\/no\/wp-json\/wp\/v2\/tags?post=124325"}],"curies":[{"name":"wp","href":"https:\/\/api.w.org\/{rel}","templated":true}]}}