{"id":124327,"date":"2025-12-29T22:36:14","date_gmt":"2025-12-29T22:36:14","guid":{"rendered":"https:\/\/www.europesays.com\/no\/124327\/"},"modified":"2025-12-29T22:36:14","modified_gmt":"2025-12-29T22:36:14","slug":"ansatte-ved-flyskolen-far-ikke-lonn-nrk-vestfold-og-telemark-lokale-nyheter-tv-og-radio","status":"publish","type":"post","link":"https:\/\/www.europesays.com\/no\/124327\/","title":{"rendered":"Ansatte ved flyskolen f\u00e5r ikke l\u00f8nn \u2013 NRK Vestfold og Telemark \u2013 Lokale nyheter, TV og radio"},"content":{"rendered":"<p>Saken oppsummert<\/p>\n<ul>\n<li>Pilot Flight Academy p\u00e5 Torp st\u00e5r i fare for konkurs, med en avklaring ventet etter styrem\u00f8tet 1. januar.<\/li>\n<li>Skolen har 200 studenter og regnes som en av Europas st\u00f8rste og mest moderne flyskoler.<\/li>\n<li>\u00d8konomiske problemer har f\u00f8rt til et driftsunderskudd p\u00e5 37 millioner kroner i 2023 og en samlet gjeld p\u00e5 141,8 millioner kroner.<\/li>\n<li>Ansatte fikk ikke l\u00f8nn i desember, og fagforeningen Parat vurderer rettslige skritt p\u00e5 vegne av ni ansatte.<\/li>\n<li>Skolen har mottatt 31 betalingsanmerkninger, inkludert nesten 3 millioner kroner i gjeld til Torp Campus AS, som leier ut studentboliger. Skolen jobber med eksterne akt\u00f8rer og kreditorer for \u00e5 finne en l\u00f8sning for videre drift.<\/li>\n<\/ul>\n<p>Oppsummeringen er laget av en KI-tjeneste fra OpenAI. Innholdet er kvalitetssikret av NRKs journalister f\u00f8r publisering.<\/p>\n<p>Pilot Flight Academy p\u00e5 Torp i Sandefjord sier de vil komme med en avklaring om skolens fremtid etter et styrem\u00f8te 1. januar.<\/p>\n<p>Lille julaften sendte de ut en melding om det var en reell mulighet for at ansatte og studenter ikke lenger har en skole \u00e5 g\u00e5 til. Skolen har i dag rundt 200 studenter,<\/p>\n<p><strong>\u2013 Det p\u00e5g\u00e5r fortsatt et intenst arbeid i Pilot Flight Academy AS der m\u00e5let er \u00e5 ivareta studentenes interesser p\u00e5 best mulig vis, skriver skolen i en pressemelding til NRK mandag.<\/strong><\/p>\n<p>Flyskolen en av de st\u00f8rste i Europa.<\/p>\n<p>Hva en eventuell konkurs inneb\u00e6rer for de rundt 200 studentene er forel\u00f8pig uvisst.<\/p>\n<p><img decoding=\"async\"   src=\"data:image\/gif;base64,R0lGODlhAQABAIAAAAAAAP\/\/\/yH5BAEAAAAALAAAAAABAAEAAAIBRAA7\" loading=\"eager\" alt=\"Vedlikehold av fly ved Pilot Flight Academy\" title=\"Foto: Lars Tore Endresen \/ NRK\"\/><\/p>\n<p>Foto: Lars Tore Endresen \/ NRK<\/p>\n<p>Tungt \u00f8konomisk<\/p>\n<p>If\u00f8lge Proff.no har skolen g\u00e5tt titalls millioner i minus de siste fem regnskaps\u00e5rene.<\/p>\n<p><strong>I det siste tilgjengelige regnskapet, fra 2023, hadde selskapet et driftsresultat p\u00e5 minus 37 millioner kroner.<\/strong><\/p>\n<p>If\u00f8lge en oversikt <a href=\"https:\/\/www.sb.no\/desperat-kamp-for-a-finne-en-losning-frir-til-kreditorene\/s\/5-73-2090236\" ec-id=\"https:\/\/www.sb.no\/desperat-kamp-for-a-finne-en-losning-frir-til-kreditorene\/s\/5-73-2090236\" ec-name=\"Sandefjords Blad\" rel=\"nofollow noopener\" target=\"_blank\">Sandefjords Blad<\/a> har f\u00e5tt tak i, har selskapet 141,8 millioner kroner i utest\u00e5ende gjeld per 30. september 2025.<\/p>\n<p><strong>De er ogs\u00e5 avhengig av at kreditorene g\u00e5r med p\u00e5 \u00e5 stryke mye av gjelden for at flyskolen skal fortsette \u00e5 eksistere.<\/strong><\/p>\n<p>\u2013 Det gjenst\u00e5r fortsatt en del detaljer og formaliteter som skal avklares med eksterne akt\u00f8rer f\u00f8r det kan fattes endelige beslutninger, skriver M\u00f8ller Nielsen til NRK mandag.<\/p>\n<p>F\u00e5r ikke l\u00f8nn<\/p>\n<p>Fagforeningen Parat sier til NRK at de \u00f8konomiske problemene ved flyskolen har f\u00f8rt til at ansatte ikke fikk l\u00f8nn i desember.<\/p>\n<p><strong>S\u00f8ndag sendte de et brev til skolen om at det kan komme rettslige krav p\u00e5 vegne av ni ansatte.<\/strong><\/p>\n<p>If\u00f8lge Parats advokat Sigurd \u00d8yvind Kambestad har skolen tilbudt seg \u00e5 betale ut l\u00f8nn f\u00f8rst etter at skolens fremtid er avgjort. Det reagerer de sterkt p\u00e5.<\/p>\n<p><strong>\u2013 Det er rett og slett stygt \u00e5 holde p\u00e5 s\u00e5nn, sier han til NRK.<\/strong><\/p>\n<p>Mange av de ansatte ved flyskolen er ogs\u00e5 organisert gjennom Norsk Flygerforbund. P\u00e5 sp\u00f8rsm\u00e5l om deres medlemmer ikke har f\u00e5tt l\u00f8nn i desember svarer forbundsleder Synn\u00f8ve Egeness Lilleli slik i en SMS til NRK.<\/p>\n<p><strong>\u2013 Norsk Flygerforbund vil ikke uttale noe p\u00e5 dette punktet s\u00e5 lenge det er en p\u00e5g\u00e5ende prosess med \u00e5 finne l\u00f8sning p\u00e5 fortsatt drift.<\/strong><\/p>\n<p>\u2013 Krevende situasjon<\/p>\n<p>Skolens ledelse bekrefter at det ikke er utbetalt l\u00f8nn i den aktuelle perioden.<\/p>\n<p><strong>\u2013 Det er en kjent sak at skolen befinner seg i en meget krevende situasjon \u00f8konomisk, skriver Henriette M\u00f8ller Nielsen i en epost til NRK. <\/strong><\/p>\n<p>Hun er administrerende direkt\u00f8r i selskapet.<\/p>\n<p>\u2013 Vi beklager at vi som en konsekvens av dette ikke har hatt muligheten til \u00e5 utbetale l\u00f8nn til ansatte for desember m\u00e5ned. Det understreker alvoret i situasjonen, og vi er lei oss for den belastningen dette har f\u00f8rt til for v\u00e5re medarbeidere.<\/p>\n<p><img decoding=\"async\"   src=\"data:image\/gif;base64,R0lGODlhAQABAIAAAAAAAP\/\/\/yH5BAEAAAAALAAAAAABAAEAAAIBRAA7\" loading=\"eager\" alt=\"Fly fra Pilot Flight Academy\" title=\"Foto: Lars Tore Endresen \/ NRK\"\/><\/p>\n<p class=\"\">Pilot Flight Academy strever \u00f8konomisk.<\/p>\n<p>Foto: Lars Tore Endresen \/ NRK<\/p>\n<p>Nielsen opplyser videre at det har v\u00e6rt dialog mellom fagforeningene, en potensiell ny investor og skolen som arbeidsgiver.<\/p>\n<p><strong>\u2013 Vi finner det ikke riktig \u00e5 referere fra disse interne og fortrolige dr\u00f8ftelsene, men registrerer advokat Kambestads uttalelser som noe unyanserte.<\/strong><\/p>\n<p>Regningsbunken har hopet seg opp<\/p>\n<p>If\u00f8lge VG har skolen f\u00e5tt 31 betalingsanmerkninger med krav p\u00e5 til sammen snaue fire millioner kroner.<\/p>\n<p>En av kreditorene er Torp Campus AS, som leier ut studentboliger til flyskolestudentene. If\u00f8lge avisen skal flyskolen skylde selskapet nesten tre millioner.<\/p>\n<p>Det er det svenske eiendomsselskapet Studentbostader I Norden AB som eier Torp Campus AS.<\/p>\n<p><strong>\u2013 Vi er i l\u00f8pende dialog med leietakeren v\u00e5r og har gode forh\u00e5pninger om at situasjonen kan l\u00f8ses p\u00e5 best mulig m\u00e5te, skriver Daniel Olsson i en e-post til NRK mandag. Han er presseansvarlig i Studentbosteder I Norden AB.<\/strong><\/p>\n<p>Publisert<\/p>\n<p>29.12.2025, kl. 17.42<\/p>\n","protected":false},"excerpt":{"rendered":"Saken oppsummert Pilot Flight Academy p\u00e5 Torp st\u00e5r i fare for konkurs, med en avklaring ventet etter styrem\u00f8tet&hellip;\n","protected":false},"author":2,"featured_media":124328,"comment_status":"","ping_status":"","sticky":false,"template":"","format":"standard","meta":{"footnotes":""},"categories":[5],"tags":[20,21,24,25,15,19,22,23,17,18,13,30,28,29,14,16,26,27],"class_list":{"0":"post-124327","1":"post","2":"type-post","3":"status-publish","4":"format-standard","5":"has-post-thumbnail","7":"category-overskrifter","8":"tag-breaking-news","9":"tag-breakingnews","10":"tag-featured-news","11":"tag-featurednews","12":"tag-headlines","13":"tag-hovedoppslag","14":"tag-latest-news","15":"tag-latestnews","16":"tag-main-news","17":"tag-mainnews","18":"tag-news","19":"tag-no","20":"tag-norge","21":"tag-norway","22":"tag-nyheter","23":"tag-overskrifter","24":"tag-top-stories","25":"tag-topstories"},"share_on_mastodon":{"url":"https:\/\/pubeurope.com\/@no\/115805250118834235","error":""},"_links":{"self":[{"href":"https:\/\/www.europesays.com\/no\/wp-json\/wp\/v2\/posts\/124327","targetHints":{"allow":["GET"]}}],"collection":[{"href":"https:\/\/www.europesays.com\/no\/wp-json\/wp\/v2\/posts"}],"about":[{"href":"https:\/\/www.europesays.com\/no\/wp-json\/wp\/v2\/types\/post"}],"author":[{"embeddable":true,"href":"https:\/\/www.europesays.com\/no\/wp-json\/wp\/v2\/users\/2"}],"replies":[{"embeddable":true,"href":"https:\/\/www.europesays.com\/no\/wp-json\/wp\/v2\/comments?post=124327"}],"version-history":[{"count":0,"href":"https:\/\/www.europesays.com\/no\/wp-json\/wp\/v2\/posts\/124327\/revisions"}],"wp:featuredmedia":[{"embeddable":true,"href":"https:\/\/www.europesays.com\/no\/wp-json\/wp\/v2\/media\/124328"}],"wp:attachment":[{"href":"https:\/\/www.europesays.com\/no\/wp-json\/wp\/v2\/media?parent=124327"}],"wp:term":[{"taxonomy":"category","embeddable":true,"href":"https:\/\/www.europesays.com\/no\/wp-json\/wp\/v2\/categories?post=124327"},{"taxonomy":"post_tag","embeddable":true,"href":"https:\/\/www.europesays.com\/no\/wp-json\/wp\/v2\/tags?post=124327"}],"curies":[{"name":"wp","href":"https:\/\/api.w.org\/{rel}","templated":true}]}}