{"id":124340,"date":"2025-12-29T22:54:22","date_gmt":"2025-12-29T22:54:22","guid":{"rendered":"https:\/\/www.europesays.com\/no\/124340\/"},"modified":"2025-12-29T22:54:22","modified_gmt":"2025-12-29T22:54:22","slug":"christian-pulisic-svarer-pa-romanseryktene-med-sydney-sweeney","status":"publish","type":"post","link":"https:\/\/www.europesays.com\/no\/124340\/","title":{"rendered":"Christian Pulisic svarer p\u00e5 romanseryktene med Sydney Sweeney"},"content":{"rendered":"<p class=\"kicker \" style=\"\">Sydney Sweeney:<\/p>\n<p>  Det har svermet romanserykter mellom Hollywoodstjernen og en viss amerikansk fotballspiller. N\u00e5 svarer han p\u00e5 ryktene.\u00a0<\/p>\n<p>\n    NY FILM: Sydney Sweeney er sv\u00e6rt aktuell med hennes nye film \u00abThe Housemaid\u00bb sammen med skuespiller Amanda Seyfried. Foto: NTB\n  <\/p>\n<p>Nylig ble det kjent at det svermer romanserykter rundt den amerikanske AC-Milan fotballspilleren Christian Publisic (27) og Hollywood-stjernen Sydney Sweeney (28).\u00a0<\/p>\n<p>    <a itemprop=\"url\" href=\"https:\/\/www.seher.no\/kjendis\/glamouren-er-tilbake\/83989887\" rel=\"nofollow noopener\" target=\"_blank\"><\/p>\n<p>        <img loading=\"lazy\" decoding=\"async\" src=\"https:\/\/www.europesays.com\/no\/wp-content\/uploads\/2025\/12\/83990182.webp.webp\" width=\"980\" height=\"441\" title=\"Glamouren er tilbake\" alt=\"\" class=\"lazyload\" style=\"--aspect-ratio-image: 2.22; \"\/><\/p>\n<p>        Glamouren er tilbake<\/p>\n<p>    <\/a><\/p>\n<p>Ryktene stammer fra italienske medier, men verken Sweeney eller Pulisic har bekreftet dem.\u00a0<\/p>\n<p>N\u00e5 kommer derimot fotballspilleren med en uttalelse. S\u00f8ndag kveld delte han en historie p\u00e5 Instagram.\u00a0<\/p>\n<p class=\"font-weight-bold m-font-weight-bold\" data-lab-font_weight=\"font-weight-bold\">\u00abV\u00e6r s\u00e5 snill \u00e5 slutt \u00e5 dikt opp historier om mitt privatliv. Man m\u00e5 holde kildene ansvarlige, det kan p\u00e5virke folks liv.\u00bb Skrev 27-\u00e5ringen.\u00a0<\/p>\n<p>        <img loading=\"lazy\" decoding=\"async\" src=\"https:\/\/www.europesays.com\/no\/wp-content\/uploads\/2025\/12\/84035251.webp.webp\" width=\"686\" height=\"1297\" title=\"SVARER: Pulisic kommer med tydelig oppfordring til de som spekulerer i hans privatliv. Foto: Skjermdump Instagram \/ @cmpulisic\" alt=\"\" class=\"\" style=\"--aspect-ratio-image: 0.53; \"\/><\/p>\n<p>\n        SVARER: Pulisic kommer med tydelig oppfordring til de som spekulerer i hans privatliv. Foto: Skjermdump Instagram \/ @cmpulisic\n    <\/p>\n<p>Sweeney har fremdeles ikke kommet med noen kommentar rundt ryktene.\u00a0<\/p>\n<p>Skuespilleren har raskt blitt en av Hollywoods hotteste skuespillere og det har svermet mye rykter og spekulasjoner rundt hennes romantiske liv.\u00a0<\/p>\n<p>        <img loading=\"lazy\" decoding=\"async\" src=\"https:\/\/www.europesays.com\/no\/wp-content\/uploads\/2025\/12\/84035376.webp.webp\" width=\"686\" height=\"741\" title=\"NAKENKJOLE: Sydney Sweeney var en av \u00e6resgjestene p\u00e5 Varietys \u00abWomen of Power\u00bb ble arrangert. Kjole valget vekket oppsikt fordi skuespilleren ikke hadde p\u00e5 seg undert\u00f8y. Foto: Mario Anzuoni\/REUTERS\/NTB\" alt=\"\" class=\"\" style=\"--aspect-ratio-image: 0.93; \"\/><\/p>\n<p>\n        NAKENKJOLE: Sydney Sweeney var en av \u00e6resgjestene p\u00e5 Varietys \u00abWomen of Power\u00bb ble arrangert. Kjole valget vekket oppsikt fordi skuespilleren ikke hadde p\u00e5 seg undert\u00f8y. Foto: Mario Anzuoni\/REUTERS\/NTB\n    <\/p>\n<p><a href=\"https:\/\/www.seher.no\/kjendis\/klinte-til-foran-kameraene\/83821979\" rel=\"nofollow noopener\" target=\"_blank\">Tidlig i november ble hun og musikkmogulen Scooter Braun (44) avbildet i Central Park.\u00a0<\/a><\/p>\n<p> Samme dag som de ble sett kyssende i parken, ble et portrettintervju med skuespilleren, gjort i september, publisert i magasinet\u00a0<a href=\"https:\/\/www.gq.com\/story\/sydney-sweeney-gq-cover-story-interview-men-of-the-year-2025\" target=\"_blank\" rel=\"nofollow noopener\">GQ<\/a>. <\/p>\n<p>        <img loading=\"lazy\" decoding=\"async\" src=\"https:\/\/www.europesays.com\/no\/wp-content\/uploads\/2025\/12\/84035323.webp.webp\" width=\"667\" height=\"381\" title=\"NOVEMBER: Skuespiller Sydney Sweeney og musikkmogulen Scooter Braun delte et romantisk \u00f8yeblikket med alle skuelystne. Ogs\u00e5 de med kamera, i november. Foto: NTB\" alt=\"\" class=\"\" style=\"--aspect-ratio-image: 1.75; \"\/><\/p>\n<p>\n        NOVEMBER: Skuespiller Sydney Sweeney og musikkmogulen Scooter Braun delte et romantisk \u00f8yeblikket med alle skuelystne. Ogs\u00e5 de med kamera, i november. Foto: NTB\n    <\/p>\n<p> I portrettintervjuet fortalte Sweeney derimot at hun var singel og ikke p\u00e5 utkikk etter noen mann. Likevel la hun til: <\/p>\n<p> &#8211; Hvis kj\u00e6rligheten finner meg, s\u00e5 finner den meg. Jeg er egentlig en h\u00e5pl\u00f8s romantiker, s\u00e5 jeg h\u00e5per den gj\u00f8r det. <\/p>\n<p>    <a itemprop=\"url\" href=\"https:\/\/www.seher.no\/kjendis\/tatt-pa-fersken-i-bilen\/83801938\" rel=\"nofollow noopener\" target=\"_blank\"><\/p>\n<p>        <img loading=\"lazy\" decoding=\"async\" src=\"https:\/\/www.europesays.com\/no\/wp-content\/uploads\/2025\/12\/83802728.webp.webp\" width=\"980\" height=\"441\" title=\"Tatt p\u00e5 fersken i bilen\" alt=\"\" class=\"lazyload\" style=\"--aspect-ratio-image: 2.22; \"\/><\/p>\n<p>        Tatt p\u00e5 fersken i bilen<\/p>\n<p>    <\/a><\/p>\n<p>\u00a0Skuespilleren skal ogs\u00e5 ha v\u00e6rt observert sammen med sin eksforlovede, Jonathan Davino (42) rundt samme tid som bildene med Braun ble tatt.\u00a0<\/p>\n","protected":false},"excerpt":{"rendered":"Sydney Sweeney: Det har svermet romanserykter mellom Hollywoodstjernen og en viss amerikansk fotballspiller. N\u00e5 svarer han p\u00e5 ryktene.\u00a0&hellip;\n","protected":false},"author":2,"featured_media":124341,"comment_status":"","ping_status":"","sticky":false,"template":"","format":"standard","meta":{"footnotes":""},"categories":[58],"tags":[7705,14694,71,479,30,28,29,7851,3049,72],"class_list":{"0":"post-124340","1":"post","2":"type-post","3":"status-publish","4":"format-standard","5":"has-post-thumbnail","7":"category-underholdning","8":"tag-amanda-seyfried","9":"tag-christian-pulisic","10":"tag-entertainment","11":"tag-kjendis","12":"tag-no","13":"tag-norge","14":"tag-norway","15":"tag-scooter-braun","16":"tag-sydney-sweeney","17":"tag-underholdning"},"share_on_mastodon":{"url":"https:\/\/pubeurope.com\/@no\/115805320875071936","error":""},"_links":{"self":[{"href":"https:\/\/www.europesays.com\/no\/wp-json\/wp\/v2\/posts\/124340","targetHints":{"allow":["GET"]}}],"collection":[{"href":"https:\/\/www.europesays.com\/no\/wp-json\/wp\/v2\/posts"}],"about":[{"href":"https:\/\/www.europesays.com\/no\/wp-json\/wp\/v2\/types\/post"}],"author":[{"embeddable":true,"href":"https:\/\/www.europesays.com\/no\/wp-json\/wp\/v2\/users\/2"}],"replies":[{"embeddable":true,"href":"https:\/\/www.europesays.com\/no\/wp-json\/wp\/v2\/comments?post=124340"}],"version-history":[{"count":0,"href":"https:\/\/www.europesays.com\/no\/wp-json\/wp\/v2\/posts\/124340\/revisions"}],"wp:featuredmedia":[{"embeddable":true,"href":"https:\/\/www.europesays.com\/no\/wp-json\/wp\/v2\/media\/124341"}],"wp:attachment":[{"href":"https:\/\/www.europesays.com\/no\/wp-json\/wp\/v2\/media?parent=124340"}],"wp:term":[{"taxonomy":"category","embeddable":true,"href":"https:\/\/www.europesays.com\/no\/wp-json\/wp\/v2\/categories?post=124340"},{"taxonomy":"post_tag","embeddable":true,"href":"https:\/\/www.europesays.com\/no\/wp-json\/wp\/v2\/tags?post=124340"}],"curies":[{"name":"wp","href":"https:\/\/api.w.org\/{rel}","templated":true}]}}