{"id":124344,"date":"2025-12-29T23:01:12","date_gmt":"2025-12-29T23:01:12","guid":{"rendered":"https:\/\/www.europesays.com\/no\/124344\/"},"modified":"2025-12-29T23:01:12","modified_gmt":"2025-12-29T23:01:12","slug":"innsendt-konsert-julekonsert-med-andrea-dette-var-godt-for-sjelen","status":"publish","type":"post","link":"https:\/\/www.europesays.com\/no\/124344\/","title":{"rendered":"Innsendt, Konsert | Julekonsert med Andrea: \u2013 Dette var godt for sjelen!"},"content":{"rendered":"\n<p>Vi som var der fikk oppleve Andrea Bredesen Holm og hennes band, live.<\/p>\n<p>Andrea er \u00e5rets vinner av Norges The Voice, \u00e5rets vakreste nybegynnerstemme i artistlivet. Dette er en h\u00f8y tittel \u00e5 inneha i musikkbransjen, og det forplikter ved levering.<\/p>\n<p>Bandet besto av Linus Anderson p\u00e5 gitar, Sigurd Aurdal p\u00e5 bass, J\u00f8rgen Nordseth Karlsen p\u00e5 trommer og Gudbrand Aurdal p\u00e5 flygel og orgel.<\/p>\n<p>Andrea selv, og bandmedlemmene, har alle hatt sin musikalske utvikling ved Ringerike videreg\u00e5ende skoles musikklinje. Musikklinjens l\u00e6rere og skolens ledelse har v\u00e6rt dyktige veiledere!<\/p>\n<p>  <a href=\"https:\/\/www.ringblad.no\/5-45-2055734\" class=\"related-teaser has-image default-story-teaser article--c-eRUmMG article--c-eRUmMG-jKCPdD-design-default\" rel=\"nofollow noopener\" target=\"_blank\"><\/p>\n<p>    <img decoding=\"async\" loading=\"lazy\"  src=\"https:\/\/www.europesays.com\/no\/wp-content\/uploads\/2025\/12\/54539149227_e817eee26a_o.jpg\" alt=\"\" class=\"brick-c-cFOWSL\" style=\"\"\/><\/p>\n<p>\n            Les ogs\u00e5<\/p>\n<p>              Andrea (19) vant \u00abThe Voice\u00bb\n        <\/p>\n<p>  <\/a><\/p>\n<p>De har gitt dem romslighet og utfordringer. Dette har vist seg \u00e5 v\u00e6re sv\u00e6rt fruktbart.<\/p>\n<p>Som Andrea selv sa: \u00abVi gikk sammen p\u00e5 skole nedi gata her.\u00bb<\/p>\n<p>   <img decoding=\"async\" width=\"2048\" height=\"1536\" fetchpriority=\"low\"  loading=\"lazy\"  src=\"https:\/\/www.europesays.com\/no\/wp-content\/uploads\/2025\/12\/733cc927-193c-4998-82c0-1d40af504978.bin.jpeg\" alt=\"\" class=\"brick-c-cFOWSL\" style=\"--brick-image-ratio: 2048 \/ 1536;\"\/><\/p>\n<p>      Sceneoppsett.<br \/>\n      Foto: Marianne B\u00e5rdsgj\u00e6re Aurdal.\n    <\/p>\n<p>Andrea sier om seg selv:<\/p>\n<p>\u00abHelt siden jeg var liten har jeg dr\u00f8mt om \u00e5 f\u00e5 holde mine egne julekonserter \u2013 for jeg er innmari glad i julemusikk. Og n\u00e5, bare noen m\u00e5neder etter The Voice-seieren, er det endelig virkelighet! Denne kvelden h\u00e5per jeg \u00e5 fylle rommet med stemning, varme, ro \u2013 og ikke minst, musikk som betyr noe. Kjente og kj\u00e6re juletoner og kanskje noen overraskelser. Jeg h\u00e5per du vil dele denne kvelden med meg og bandet mitt, og v\u00e6re med p\u00e5 \u00e5 skape ekte julemagi. La oss sammen finne roen i den strevsomme desemberm\u00e5neden.\u00bb<\/p>\n<p>S\u00e5 g\u00e5r det mot adventstiden i 2025 og det settes sammen et repertoar for en turne\u2019.<\/p>\n<p>Bandet velges ut og det arrangeres for framf\u00f8relse av sang og instrumenter.<\/p>\n<p>Turneen bes\u00f8kte V\u00e5lerenga kirke, H\u00f8nefoss kirke, Grorud kirke og Hemsedal kirke.<\/p>\n<p>Fullsatte benkerader i samtlige kirker ble resultatet.<\/p>\n<p>Repertoaret inneholdt b\u00e5de kjente og, for noen av oss, litt ukjente sanger.<\/p>\n<p>Det hele var tilpasset hennes stemme, innrammet av bandets tonesetting i variasjon.<\/p>\n<p>Vi opplevde Andreas sv\u00e6rt behagelige stemme i framf\u00f8relse av julesangene, i b\u00e5de norske og engelske tekster. Hennes kommentarer mellom sangene var n\u00e6re, ekte og varme.<\/p>\n<p>   <img decoding=\"async\" width=\"1600\" height=\"1200\" fetchpriority=\"low\"  loading=\"lazy\"  src=\"https:\/\/www.europesays.com\/no\/wp-content\/uploads\/2025\/12\/5f8156ec-ed79-4bd1-b1af-f3e49c00d393.bin.jpeg\" alt=\"\" class=\"brick-c-cFOWSL\" style=\"--brick-image-ratio: 1600 \/ 1200;\"\/><\/p>\n<p>      Andrea.<br \/>\n      Foto: Kjell B\u00e5rdsgj\u00e6re.\n    <\/p>\n<p>Vi som tilh\u00f8rere har hver v\u00e5r opplevelse av hva Andrea og bandet framf\u00f8rte.<\/p>\n<p>Jeg sitter tilbake med en musikkopplevelse av h\u00f8y kvalitet. Alt kan ikke kommenteres, men noe.<\/p>\n<p>Hennes framf\u00f8relse og tolking av \u00abO helga natt\u00bb var en inderlig opplevelse. I framf\u00f8relsen av \u00abNordnorsk julesalme\u00bb trakk hun meg inn i nordboerens slit for \u00e5 overleve samtidig som budskapet fra julefeiringens Bethlehem ble en overbygning av lys og h\u00e5p.<\/p>\n<p>Andrea var kveldens artist, men presenterte ogs\u00e5 to duetter med Linus Anderson. Disse to var \u00abUnder m\u00e5nen\u00bb fra Den unge Fleksnes, og \u00abJula hjemme\u00bb av Maria Mena og Trygve Skaug. Det var praktfullt.<\/p>\n<p>Det var en fryd \u00e5 f\u00f8lge de fire bandmedlemmenes traktering av sine instrumenter, en framf\u00f8ring med trygghet og briljans. De omkranset Andrea b\u00e5de rent fysisk og med sin musikk.<\/p>\n<p>Dette var godt for sjelen.<\/p>\n<p>Takk til Andrea og hennes band for en fyldig og vakker musikalsk opplevelse !<\/p>\n","protected":false},"excerpt":{"rendered":"Vi som var der fikk oppleve Andrea Bredesen Holm og hennes band, live. Andrea er \u00e5rets vinner av&hellip;\n","protected":false},"author":2,"featured_media":124345,"comment_status":"","ping_status":"","sticky":false,"template":"","format":"standard","meta":{"footnotes":""},"categories":[58],"tags":[36,71,10028,683,5593,155,30,28,29,1510,72],"class_list":{"0":"post-124344","1":"post","2":"type-post","3":"status-publish","4":"format-standard","5":"has-post-thumbnail","7":"category-underholdning","8":"tag-art","9":"tag-entertainment","10":"tag-honefoss-kirke","11":"tag-innsendt","12":"tag-jul","13":"tag-konsert","14":"tag-no","15":"tag-norge","16":"tag-norway","17":"tag-story","18":"tag-underholdning"},"share_on_mastodon":{"url":"https:\/\/pubeurope.com\/@no\/115805348363429261","error":""},"_links":{"self":[{"href":"https:\/\/www.europesays.com\/no\/wp-json\/wp\/v2\/posts\/124344","targetHints":{"allow":["GET"]}}],"collection":[{"href":"https:\/\/www.europesays.com\/no\/wp-json\/wp\/v2\/posts"}],"about":[{"href":"https:\/\/www.europesays.com\/no\/wp-json\/wp\/v2\/types\/post"}],"author":[{"embeddable":true,"href":"https:\/\/www.europesays.com\/no\/wp-json\/wp\/v2\/users\/2"}],"replies":[{"embeddable":true,"href":"https:\/\/www.europesays.com\/no\/wp-json\/wp\/v2\/comments?post=124344"}],"version-history":[{"count":0,"href":"https:\/\/www.europesays.com\/no\/wp-json\/wp\/v2\/posts\/124344\/revisions"}],"wp:featuredmedia":[{"embeddable":true,"href":"https:\/\/www.europesays.com\/no\/wp-json\/wp\/v2\/media\/124345"}],"wp:attachment":[{"href":"https:\/\/www.europesays.com\/no\/wp-json\/wp\/v2\/media?parent=124344"}],"wp:term":[{"taxonomy":"category","embeddable":true,"href":"https:\/\/www.europesays.com\/no\/wp-json\/wp\/v2\/categories?post=124344"},{"taxonomy":"post_tag","embeddable":true,"href":"https:\/\/www.europesays.com\/no\/wp-json\/wp\/v2\/tags?post=124344"}],"curies":[{"name":"wp","href":"https:\/\/api.w.org\/{rel}","templated":true}]}}