{"id":124363,"date":"2025-12-29T23:54:35","date_gmt":"2025-12-29T23:54:35","guid":{"rendered":"https:\/\/www.europesays.com\/no\/124363\/"},"modified":"2025-12-29T23:54:35","modified_gmt":"2025-12-29T23:54:35","slug":"lise-karlsnes-apner-opp-om-arene-som-har-gatt","status":"publish","type":"post","link":"https:\/\/www.europesays.com\/no\/124363\/","title":{"rendered":"Lise Karlsnes \u00e5pner opp om \u00e5rene som har g\u00e5tt:"},"content":{"rendered":"<p>Hun kommer syklende etter \u00e5 ha levert datteren i barnehagen. Men hun ser ikke akkurat ut som en sliten sm\u00e5barnsmor, mer som en popstjerne. H\u00e5ret er satt opp, og hun er kledd i en svart bomberjakke med lyse jeans til. Stilfull, men samtidig nedp\u00e5. Og\u00a0det er nettopp derfor hun inspirerer oss.<\/p>\n<p>KK m\u00f8ter Lise Karlsnes p\u00e5 Kaffebrenneriet p\u00e5 Gr\u00fcnerl\u00f8kka. Det ble lettest, s\u00e5 hun kunne rekke \u00e5 levere i barnehagen f\u00f8r intervjuet.<\/p>\n<p>\u2013 Beklager at jeg er litt forsinket, sier hun etter at sykkelen er parkert utenfor.<\/p>\n<p>    <a itemprop=\"url\" href=\"https:\/\/www.kk.no\/livet\/roper-planer-sander-har-bestilt-det\/83987103\" rel=\"nofollow noopener\" target=\"_blank\"><\/p>\n<p>        <img loading=\"lazy\" decoding=\"async\" src=\"https:\/\/www.europesays.com\/no\/wp-content\/uploads\/2025\/12\/83862155.webp.webp\" width=\"980\" height=\"441\" title=\"R\u00f8per planer: - Sander har bestilt det\" alt=\"\" class=\"lazyload\" style=\"--aspect-ratio-image: 2.22; \"\/><\/p>\n<p>        R\u00f8per planer: &#8211; Sander har bestilt det<\/p>\n<p>    <\/a><\/p>\n<p>        <img loading=\"lazy\" decoding=\"async\" src=\"https:\/\/www.europesays.com\/no\/wp-content\/uploads\/2025\/12\/83991512.webp.webp\" width=\"686\" height=\"1029\" title=\"\u00c5RETS KVINNER: KK har k\u00e5ret Lise Karlsnes til \u00e5rets inspirator. FOTO: Ida Bj\u00f8rvik\/Hest agentur\" alt=\"\" class=\"\" style=\"--aspect-ratio-image: 0.67; \"\/><\/p>\n<p>\n        \u00c5RETS KVINNER: KK har k\u00e5ret Lise Karlsnes til \u00e5rets inspirator. FOTO: Ida Bj\u00f8rvik\/Hest agentur\n    <\/p>\n<p>Fra vinduet ser man h\u00f8stbladene ligge p\u00e5 bakken. Ogs\u00e5 luften er fylt av de oransje bladene som virvler rundt, tar et\u00a0par piruetter, f\u00f8r de omsider lander. S\u00e5 st\u00e5r tr\u00e6rne nakne, uten blader. Men bare for en stund. For kjernen er den samme, og snart er de klare for \u00e5 blomstre p\u00e5 ny. Litt som Lise Karlsnes selv har gjort. Men nerv\u00f8s som et aspel\u00f8v \u2013 det har hun ikke v\u00e6rt.<\/p>\n<p>Det var i mars 2000 at Lise Karlsnes, frontfigur i\u00a0Briskeby, sto p\u00e5 scenen under musikkfestivalen by:Larm i Bergen i en trang, r\u00f8d skinndress og sang \u00abThis is propaganda\u00bb, med h\u00f8yrearmen i sensuelle bevegelser over hodet, og vips hadde Norge f\u00e5tt en popstjerne p\u00e5 h\u00f8yde med det beste fra utlandet.<\/p>\n<p>I september samme \u00e5r slapp de debutalbumet \u00abJeans for Onassis\u00bb, og n\u00e5, 25 \u00e5r senere, blomstrer Lise p\u00e5 ny. Det s\u00e5 man tydelig da bandet i september markerte jubileet med en eksklusiv konsert i Den Norske Opera &amp; Ballett, der de spilte albumet i sin helhet.<\/p>\n<p>\u2013 Tenk, det er 25 \u00e5r siden. S\u00e5 mye er skjedd i l\u00f8pet av den tiden, og jeg har f\u00e5tt oppleve enormt mye. Samtidig f\u00f8les det som om alt har passert p\u00e5 et \u00f8yeblikk. Et raskt blunk bare.<\/p>\n<p>        <img loading=\"lazy\" decoding=\"async\" src=\"https:\/\/www.europesays.com\/no\/wp-content\/uploads\/2025\/12\/83991510.webp.webp\" width=\"686\" height=\"1029\" title=\"TILBAKEBLIKK: 25-\u00e5rsjubileet f\u00e5r Lise til \u00e5 se tilbake p\u00e5 karrieren. FOTO: Ida Bj\u00f8rvik\/Hest agentur\" alt=\"\" class=\"\" style=\"--aspect-ratio-image: 0.67; \"\/><\/p>\n<p>\n        TILBAKEBLIKK: 25-\u00e5rsjubileet f\u00e5r Lise til \u00e5 se tilbake p\u00e5 karrieren. FOTO: Ida Bj\u00f8rvik\/Hest agentur\n    <\/p>\n<p>    Lise Karlsnes (46)<\/p>\n<p>Popartist og gestaltterapeut<br \/>\n<br \/>Er vokalist i bandet Briskeby,<br \/>\nsom slo igjennom med et brak<br \/>\ni\u00a02000 med platen \u00abJeans for<br \/>\nOnassis\u00bb. Driver ogs\u00e5 sin egen<br \/>\npraksis som gestaltterapeut.<br \/>\n<br \/>Har kj\u00e6reste og er<br \/>\nmamma\u00a0til\u00a0en\u00a0jente.<br \/>\n<br \/>Aktuell: Feiret i h\u00f8st 25-\u00e5rsjubileum med Briskeby med<br \/>\nstor konsert i Operaen i Oslo.<br \/>\nEr en av deltakerne i tv-programmet \u00ab16 ukers helvete\u00bb<br \/>\nsom vises over nytt\u00e5r.<\/p>\n<p>      Vis mer<br \/>\n      Vis mindre<\/p>\n<p>    Juryens begrunnelse<\/p>\n<p>25 \u00e5r etter sitt store gjennombrudd som<br \/>\nfrontfigur i Briskeby fortsetter Lise<br \/>\nKarlsnes \u00e5 inspirere og imponere oss.<br \/>\nHun har v\u00e6rt \u00e5pen om opp- og nedturer<br \/>\ni karrieren, om det \u00e5 bli mor i voksen<br \/>\nalder, om \u00e5 leve i og med en voldsom<br \/>\nsuksess, men ogs\u00e5 om \u00e5 h\u00e5ndtere<br \/>\nskuffelser. Som 46-\u00e5ring st\u00e5r hun<br \/>\nst\u00f8digere enn noensinne, og det hele<br \/>\nkulminerte i et fullsatt operahus<br \/>\ni\u00a0september \u2013 en maktdemonstrasjon<br \/>\nsom viste hvem som fremdeles er<br \/>\nNorges st\u00f8rste popstjerne.<br \/>\n\u00abPropaganda\u00bb ble under samme konsert<br \/>\nlansert i en ny versjon p\u00e5 norsk sammen<br \/>\nmed Stig Brenner. At hun n\u00e5, mange \u00e5r<br \/>\nsenere, gj\u00f8r et sterkt comeback med<br \/>\nden samme l\u00e5ten hun i sin tid slo<br \/>\ngjennom med, inspirerer oss. Ringen<br \/>\nble\u00a0p\u00e5 mange m\u00e5ter sluttet. Vi fortsetter<br \/>\n\u00e5 la oss begeistre av Lises talent,<br \/>\nutholdenhet, styrke og \u00e5penhet.<\/p>\n<p>Vil gi pengene til<\/p>\n<p>Lise vil gi pengene til Kulturtanken,<br \/>\nsom er en statlig fagetat for kunst og<br \/>\nkultur til barn og unge, med visjon<br \/>\nom at alle barn og unge skal ha like<br \/>\nmuligheter til \u00e5\u00a0oppleve, delta i og<br \/>\nskape kunst og kultur.<\/p>\n<p>      Vis mer<br \/>\n      Vis mindre<\/p>\n<p>Det f\u00e5r henne til \u00e5 tenke tilbake p\u00e5 starten av karrieren. Hun beskriver seg selv som et uredd barn. En som lekte og snakket h\u00f8yt, en som tok rommet. Og lite visste hun at hun etter hvert skulle ta hele Norge med storm.<\/p>\n<p>\u2013 Som barn husker jeg at jeg spilte inn noen sanger p\u00e5 kassett, og at jeg hadde oppvisninger for familien. Men det var aldri en s\u00e5nn konkret dr\u00f8m om \u00e5 bli popstjerne.<\/p>\n<p>Men s\u00e5 fylte hun 14 \u00e5r. Hun og barndomsvenninnen, som bodde i samme gate, lagde egne l\u00e5ter og spilte inn coverversjoner p\u00e5 jenterommet hjemme p\u00e5 Husvik i T\u00f8nsberg. <\/p>\n<p>\u2013 Hun spilte gitar, og vi begge sang, forteller Lise, og legger til:<\/p>\n<p>\u2013 Vi spilte ogs\u00e5 sammen i\u00a0korpset p\u00e5 Husvik. Vi ble vel egentlig f\u00f8rst venner fordi jeg spurte om ikke jeg skulle b\u00e6re den tunge saksofonbagen hennes hjem fra \u00f8ving en kveld. Selv spilte jeg tverrfl\u00f8yte.<\/p>\n<p class=\"font-weight-bold m-font-weight-bold\" data-lab-font_weight=\"font-weight-bold\">Og s\u00e5 var det den kule stores\u00f8steren til venninnen. Hun inspirerte dem. I\u00a0hyllene hadde hun en platesamling som de fikk lov til \u00e5 bla gjennom og lytte p\u00e5.<\/p>\n<p>\u2013 Vi ble introdusert for nye sjangere og artister gjennom platesamlingen hennes.<\/p>\n<p>S\u00e5 bestemte de seg. De skulle delta i den lokale rockekonkurransen som T\u00f8nsbergs Blad arrangerte. Med eget band.<\/p>\n<p>\u2013 Det startet jo litt som en morsom hobby p\u00e5 jenterommet i ten\u00e5rene. Vi var nok litt definisjonen p\u00e5\u00a0emo den gangen.<\/p>\n<p>Med gitar, sang og mye \u00f8ving dukket det ogs\u00e5 opp nye f\u00f8lelser. B\u00e5de f\u00f8r og etter rockekonkurransen.<\/p>\n<p>\u2013 Jeg husker at jeg var ordentlig nerv\u00f8s, men i\u00a0etterkant fikk jeg et voldsomt adrenalinkick.<\/p>\n<p>Hun stopper opp litt, f\u00f8r hun fortsetter:<\/p>\n<p>\u2013 Det var kanskje da jeg inns\u00e5 det \u2013 at det \u00e5 st\u00e5 p\u00e5 scenen var min form for ekstremsport. At det er s\u00e5nn jeg f\u00e5r adrenalinpumpa til \u00e5 g\u00e5. Jeg s\u00f8ker fremdeles f\u00f8lelsen av ikke \u00e5 ha helt kontroll, og drives av nettopp dette. Det handler om \u00e5 oppleve mestring og v\u00e5ge seg litt utenfor komfortsonen.<\/p>\n<p>        <img loading=\"lazy\" decoding=\"async\" src=\"https:\/\/www.europesays.com\/no\/wp-content\/uploads\/2025\/12\/83991509.webp.webp\" width=\"686\" height=\"1029\" title=\"EKSTREMSPORT: For Lise Karlsnes ble det \u00e5 st\u00e5 p\u00e5 scenen hennes form for ekstremsport. FOTO: Ida Bj\u00f8rvik\/Hest agentur\" alt=\"\" class=\"\" style=\"--aspect-ratio-image: 0.67; \"\/><\/p>\n<p>\n        EKSTREMSPORT: For Lise Karlsnes ble det \u00e5 st\u00e5 p\u00e5 scenen hennes form for ekstremsport. FOTO: Ida Bj\u00f8rvik\/Hest agentur\n    <\/p>\n<p>Og da hun f\u00f8rst hadde opplevd f\u00f8lelsen det \u00e5 st\u00e5 p\u00e5 scenen foran publikum ga henne, \u00f8nsket hun mer av det. Men det var likevel aldri noe hun \u00f8nsket \u00e5 satse p\u00e5.<\/p>\n<p>\u2013 Planen var \u00e5 f\u00e5 en \u00abordentlig jobb\u00bb, studere og f\u00f8lge den tradisjonelle veien. Slik ble det ikke.<\/p>\n<p>Egentlig skulle hun jobbe et \u00e5r i Oslo, spare litt penger og deretter reise til London for \u00e5 studere grafisk design og illustrasjon. Men sommeren f\u00f8r Lise Karlsnes flyttet til hovedstaden, tok livet plutselig en\u00a0uventet vending. <\/p>\n<p>Hun hadde helgevakt p\u00e5 bensinstasjonen Shell p\u00e5 Teie. Det var en ganske rolig kveld \u2013 kanskje fordi mange hadde reist til Quart-festivalen i Kristiansand. En festival hun egentlig ville bli med p\u00e5, men som hun sto over for \u00e5 jobbe.<\/p>\n<p>\u2013 Jeg husker det var litt kjipt\u00a0at jeg ikke fikk dratt p\u00e5 festivalen, siden jeg m\u00e5tte jobbe. S\u00e5 p\u00e5 bakrommet, med en p\u00f8lse og dispenserbrus, satte jeg meg ned og bladde gjennom avisa.<\/p>\n<p class=\"font-weight-bold m-font-weight-bold\" data-lab-font_weight=\"font-weight-bold\">Om hun ikke kunne v\u00e6re med p\u00e5 festivalen, kunne hun i alle fall lese anmeldelser fra konsertene. S\u00e5 kom hun over oppslaget om et band som het Briskeby.<\/p>\n<p>\u2013 De hadde f\u00e5tt kjempegode anmeldelser for konserten sin. Jeg husker at jeg syntes det var g\u00f8y fordi de ogs\u00e5 var fra Vestfold, men utover det hadde jeg ikke noe forhold til dem.<\/p>\n<p data-lab-font_weight=\"\">Dagene gikk, og nok en gang var hun p\u00e5 jobb p\u00e5 bensinstasjonen. Lyden av kunder som pratet i munnen p\u00e5 hverandre blandet seg med den jevne summingen fra kj\u00f8lediskene, den monotone snurringen fra p\u00f8lsegrillen og det evige br\u00e5ket fra slushmaskinen. Midt i alt dette ringte plutselig telefonen til bensinstasjonen:<\/p>\n<p class=\"font-weight-bold m-font-weight-bold\" data-lab-font_weight=\"font-weight-bold\">\u00abDu kunne ikke v\u00e6rt interessert i \u00e5 pr\u00f8vesynge for oss i Briskeby?\u00bb<\/p>\n<p>Det var trommeslageren Claus Heiberg-Larsen som var p\u00e5 tr\u00e5den. Han og resten av bandet hadde h\u00f8rt om Lise Karlsnes gjennom en hun bodde sammen med \u2013 en tidligere medstudent fra kunstskolen som tilfeldigvis kom fra Larvik, hjembyen til Briskeby.<\/p>\n<p>\u2013 De hadde spurt henne om hun kjente noen som kunne synge, og hun hadde nevnt meg.<\/p>\n<p>Bandet skulle ha en spillejobb om to uker og trengte en vokalist. De hadde allerede fors\u00f8kt \u00e5 h\u00f8re med to andre de kunne tenke seg \u00e5 ha som vokalister.<\/p>\n<p>\u2013 Men f\u00f8rstemann p\u00e5 ringelista svarte ikke, og andremann skulle begynne \u00e5 studere i Paris, s\u00e5 hun kunne heller ikke. S\u00e5 da var det bare meg igjen.<\/p>\n<p>Alle gode ting er tre, er vel det de sier?<\/p>\n<p>\u2013 Ja, sant! S\u00e5 jeg takket ja til en audition, mot at Claus kunne hente meg og pakkelasset mitt og kj\u00f8re meg til Oslo. S\u00e5nn ble det. Jeg tror ikke jeg imponerte stort med sangen min, men de s\u00e5 noe i meg. I tillegg var de i beit, de hadde tross alt en ganske viktig jobb bare noen uker senere. At det ble meg som ble vokalist, var egentlig bare en tilfeldighet, sier Lise om bandet som i\u00a0tillegg til henne best\u00e5r av B\u00e5rd Helgeland p\u00e5 bass, Bj\u00f8rn \u00abBulle\u00bb Bergene p\u00e5 gitar og Claus Heiberg p\u00e5 trommer.<\/p>\n<p>\u2013 Det tok ikke lang tid etter at vi begynte \u00e5 henge og\u00a0spille sammen, f\u00f8r Bulle, l\u00e5tskriveren, kom med \u00abPropaganda\u00bb. Da skj\u00f8nte vi at vi var inne p\u00e5 noe.<\/p>\n<p>        <img loading=\"lazy\" decoding=\"async\" src=\"https:\/\/www.europesays.com\/no\/wp-content\/uploads\/2025\/12\/83991508.webp.webp\" width=\"686\" height=\"1029\" title=\"TILFELDIG: At hun endte opp som vokalist for Briskeby beskriver hun som tilfeldig. FOTO: Ida Bj\u00f8rvik\/Hest agentur\" alt=\"\" class=\"\" style=\"--aspect-ratio-image: 0.67; \"\/><\/p>\n<p>\n        TILFELDIG: At hun endte opp som vokalist for Briskeby beskriver hun som tilfeldig. FOTO: Ida Bj\u00f8rvik\/Hest agentur\n    <\/p>\n<p>    <a itemprop=\"url\" href=\"https:\/\/www.kk.no\/livet\/jeg-husker-hvordan-det-var-a-hore-skrik-og-grat-fra-stua-1\/83984508\" rel=\"nofollow noopener\" target=\"_blank\"><\/p>\n<p>        <img loading=\"lazy\" decoding=\"async\" src=\"https:\/\/www.europesays.com\/no\/wp-content\/uploads\/2025\/12\/83984604.webp.webp\" width=\"980\" height=\"441\" title=\"\u2013 Jeg husker hvordan det var \u00e5 h\u00f8re skrik og gr\u00e5t fra stua\" alt=\"\" class=\"lazyload\" style=\"--aspect-ratio-image: 2.22; \"\/><\/p>\n<p>        \u2013 Jeg husker hvordan det var \u00e5 h\u00f8re skrik og gr\u00e5t fra stua<\/p>\n<p>    <\/a><\/p>\n<p>Det var da ballen begynte \u00e5 rulle. Som en sn\u00f8ball ned bakkene i\u00a0kram sn\u00f8 ble de st\u00f8rre og st\u00f8rre.<\/p>\n<p>Debutalbumet \u00abJeans for Onassis\u00bb solgte i b\u00f8tter og spann, og \u00e5ret etter vant Briskeby hele fire Spellemannpriser.<\/p>\n<p class=\"italic m-italic\" data-lab-italic=\"italic\">\u2013 Hvordan var det n\u00e6rmest \u00e5\u00a0bli kjent over natten i s\u00e5 ung alder?<\/p>\n<p>\u2013 Jeg reflekterte ikke s\u00e5 mye over det mens jeg sto i det. Det er rart hvor fort noe kan bli den nye normalen. Der og da f\u00f8lte jeg\u00a0meg jo voksen og klar for det meste. Men frontal\u00adlappen er ikke ferdig utviklet f\u00f8r man er rundt 25, s\u00e5 konsekvens\u00adtenkingen hadde jeg nok ikke f\u00e5tt helt enn\u00e5. Men kanskje det var bra at jeg ikke tenkte s\u00e5 langt frem\u00a0i tid. Jeg tror det er helt n\u00f8dvendig ikke \u00e5 se begrensninger og \u00e5 v\u00e6re litt uredd i en s\u00e5nn situasjon.<\/p>\n<p>Hun stopper opp litt, r\u00f8rer i det hvite skummet i\u00a0cappuccinoen og tar en slurk, f\u00f8r hun refererer til en beskrivelse fra rockemusikeren Dave Grohl, kjent fra Nirvana og Foo Fighters.<\/p>\n<p>\u2013 Han beskrev det p\u00e5 en veldig fin m\u00e5te: N\u00e5r karrieren tar av, er det litt som en rakettoppskyting. Du f\u00f8ler at du st\u00e5r p\u00e5 bakken sammen med alle de andre og ser p\u00e5 at raketten skytes opp. Du skj\u00f8nner ikke helt selv at du er med p\u00e5 reisen f\u00f8r du har f\u00e5tt litt tid til \u00e5 ford\u00f8ye det.<\/p>\n<p>Det er n\u00e5 et kvart \u00e5rhundre siden raketten ble skutt opp. F\u00f8rst n\u00e5 kan hun se klarere hvilken reise hun har v\u00e6rt med p\u00e5. Og da var det p\u00e5 tide \u00e5 feire. Skyte opp noen nye raketter.<\/p>\n<p>\u2013 For \u00e5 feire debutskiva ville vi det skulle bli en stor feiring. En hyllest til alle som var og er med oss p\u00e5 reisen, b\u00e5de medvirkende og publikum. At vi p\u00e5 en m\u00e5te satte en strek, men samtidig markerte en ny start.<\/p>\n<p>For etter \u00e5 ha satt et punktum er det aldri for sent \u00e5\u00a0starte p\u00e5 en helt ny setning.<\/p>\n<p>\u2013 Vi hadde bestemt oss for at vi ville ha med oss en ung artist som inspirerer oss n\u00e5 i dag. Og Stig Brenner var en vi hadde veldig lyst til \u00e5 ha med.<\/p>\n<p>Svaret de fikk fra manageren hans, var at Stig gjerne ville bli med, men at han ikke synger p\u00e5 engelsk.<\/p>\n<p>\u00abMen han blir gjerne med og spiller inn \u2018Propaganda\u2019 p\u00e5 norsk.\u00bb<\/p>\n<p>\u2013 Det hadde vi ikke tenkt p\u00e5 engang, men det var jo en kjempekul id\u00e9. S\u00e5 den l\u00e5ten er egentlig et resultat av en slags misforst\u00e5else.<\/p>\n<p>S\u00e5 l\u00f8p de varme med ideen. Sammen med produsent Espen Berg og Ole Torjus Hofvind \u2013 to generasjoner produsenter som sammen var med p\u00e5 \u00e5 gi den nytt liv.<\/p>\n<p>\u2013 Det ble liksom den gamle lyden som m\u00f8tte noe nytt. Det var viktig for oss at vi ikke bare skulle covre oss selv, men at dette skulle v\u00e6re en l\u00e5t som sto litt for seg selv. En l\u00e5t som hadde livets rett. Men det ble jo en helt annen prosess enn vi hadde sett for oss.<\/p>\n<p>I motsetning til Stig Brenner hadde Lise Karlsnes aldri sunget p\u00e5 norsk f\u00f8r.<\/p>\n<p>\u2013 Det var litt spesielt \u00e5 skulle jobbe med teksten og oversette den til norsk. Dette var helt nytt for meg. Det ble plutselig s\u00e5 mye s\u00e5rere. Mer direkte, p\u00e5 en m\u00e5te.<\/p>\n<p>Hun forklarer at engelske tekster kan forsvinne litt i rim, rytme og synonymer. Spr\u00e5ket kan oppleves mer distansert, men ogs\u00e5 rikere. Da hun plutselig skulle synge p\u00e5 norsk, kjente hun seg mer s\u00e5rbar. Som en l\u00f8k, der de ytterste lagene var skrelt bort, sto hun igjen med kjernen \u2013 noe nytt. En naken, n\u00e6r og litt mer s\u00e5rbar kjerne.<\/p>\n<p>\u2013 \u00c5 synge p\u00e5 engelsk er og blir noe annet. Jeg kjenner meg fremdeles mer komfortabel med det. Det skjer noe helt annet n\u00e5r jeg skal utrykke meg p\u00e5 norsk, akkurat som at ordene blir enda tydeligere, veier noen gram mer og blir direkte p\u00e5 en annen m\u00e5te. S\u00e5 jeg m\u00e5tte ha noen runder med Stig i studio.<\/p>\n<p>\u2013 \u00abSkriv det slik du ville sagt det til din n\u00e6rmeste venn\u00bb, sa han. Det fikk meg til \u00e5 tenke p\u00e5 en annen m\u00e5te: For hva vil jeg egentlig si hvis jeg skal snakke om det som r\u00f8rer og treffer meg, til noen av mine aller n\u00e6rmeste?<\/p>\n<p>        <img loading=\"lazy\" decoding=\"async\" src=\"https:\/\/www.europesays.com\/no\/wp-content\/uploads\/2025\/12\/83991507.webp.webp\" width=\"686\" height=\"892\" title=\"NYTT: \u00c5 synge p\u00e5 norsk var nytt for Lise Karlsnes. FOTO: Ida Bj\u00f8rvik\/Hest agentur\" alt=\"\" class=\"\" style=\"--aspect-ratio-image: 0.77; \"\/><\/p>\n<p>\n        NYTT: \u00c5 synge p\u00e5 norsk var nytt for Lise Karlsnes. FOTO: Ida Bj\u00f8rvik\/Hest agentur\n    <\/p>\n<p>Det \u00e5pnet opp for en helt ny m\u00e5te \u00e5 skrive p\u00e5 for Lise. <\/p>\n<p>\u2013 Men det er som jeg sa tidligere. At jeg liker \u00e5 bli dyttet ut av komfortsonen, eller ja, kaste meg selv ut av den. For jeg trenger med jevne mellomrom \u00e5 kjenne litt p\u00e5 den pulsen og det adrenalinkicket det gir meg \u2013\u00a0selv om det er ubehagelig. Men det f\u00e5r meg til \u00e5\u00a0kjenne meg trygg p\u00e5 utrygg grunn, og det er noe ved\u00a0det jeg liker.<\/p>\n<p>Det er da hun henter frem sin indre Pippi Langstr\u00f8mpe, og tenker: \u00abDet har jeg aldri pr\u00f8vd f\u00f8r, s\u00e5 det klarer jeg sikkert.\u00bb<\/p>\n<p>Og hun klarte det. Operaen var fylt til randen av mennesker, og summingen av stemmer la seg som et teppe over salen. Men idet de gikk ut p\u00e5 scenen, stilnet alt \u2013 all oppmerksomhet var rettet mot dem.<\/p>\n<p class=\"italic m-italic\" data-lab-italic=\"italic\">\u2013 Hvordan var det \u00e5 se at salen i Operaen var helt full?<\/p>\n<p>\u2013 Jeg ble ikke nerv\u00f8s, slik som f\u00f8r, jeg kjente egentlig p\u00e5 en overraskende f\u00f8lelse av ro og tilstedev\u00e6relse. For er det \u00e9n ting jeg vet at jeg kan \u2013 s\u00e5 er det \u00e5 st\u00e5 p\u00e5 scenen som frontfigur for Briskeby.<\/p>\n<p>\u2013 Men det \u00e5 vite at alle disse menneskene var kommet kun for \u00e5 h\u00f8re p\u00e5 oss \u2013 det var ordentlig r\u00f8rende. S\u00e5nn skikkelig.<\/p>\n<p>\u2013 Det er noe annet \u00e5 spille p\u00e5 festival, for der kj\u00f8per folk billetter for \u00e5 h\u00f8re flere artister. Men her har folk brukt pengene og fritiden sin for \u00e5 komme og h\u00f8re p\u00e5 det vi har laget og vil gi dem.<\/p>\n<p>Hun tar meg med halvveis inn i konserten. De hadde flere l\u00e5ter igjen \u00e5 spille, men plutselig, helt ut av det bl\u00e5, kom en spontan st\u00e5ende applaus fra publikum.<\/p>\n<p>\u2013 Da ble jeg helt satt ut. Jeg pr\u00f8vde \u00e5 si noe, men fikk en klump i halsen og ordene stoppet opp. S\u00e5 kom t\u00e5rene. Jeg ble veldig overrasket og r\u00f8rt. Jeg kommer aldri til \u00e5 glemme den kvelden.<\/p>\n<p>Det er ikke bare en ny versjon av l\u00e5ten \u2013 den treffer ogs\u00e5 en ny, yngre generasjon. <\/p>\n<p>\u2013 Det viser at vi har pushet grensene for hva som er mulig, sier Lise, og fortsetter:<\/p>\n<p>\u2013 Det sies jo at ting g\u00e5r i 25-\u00e5rssykluser. Det er fint \u00e5\u00a0kunne tilf\u00f8ye noe nytt i nostalgimiksen. Skal man fortsette som band, m\u00e5 man t\u00f8rre \u00e5 utfordre seg selv og m\u00f8te b\u00e5de gammelt og nytt publikum.<\/p>\n<p>Har du h\u00f8rt l\u00e5ten \u00abPropaganda\u00bb, kjenner du kanskje igjen setningen: \u00abHver gang jeg l\u00f8ser et problem, ender jeg opp med enda flere.\u00bb<\/p>\n<p>For hun er ikke bare frontfigur i Briskeby. Hun er ogs\u00e5 Lise Karlsnes, mamma, kj\u00e6reste og gestaltterapeut \u2013 et menneske som m\u00f8ter p\u00e5 problemer, slik alle andre gj\u00f8r. Og hun kan kjenne seg igjen i setningen fra l\u00e5tteksten.<\/p>\n<p>\u2013 Livet er p\u00e5 ingen m\u00e5te line\u00e6rt. Livet bare fortsetter med alt det inneb\u00e6rer av oppturer og motgang, utfordringer og mestring. Det er ikke s\u00e5nn at det n\u00f8dvendigvis stopper opp bare fordi man trenger en pust i bakken.<\/p>\n<p>Lise forklarer at det p\u00e5 mange m\u00e5ter er nettopp det l\u00e5ten handler om \u2013 \u00e5 kjenne etter og resonnere rundt hva som faktisk betyr noe for en selv.<\/p>\n<p>\u2013 I tiden vi lever i n\u00e5, har vi s\u00e5 mange inntrykk. Det gj\u00f8r det vanskeligere \u00e5 vite hva man egentlig st\u00e5r for selv. I stedet blir det lettere bare \u00e5 f\u00f8lge massen og tro p\u00e5 andres propaganda. Men jeg tror at man ogs\u00e5 m\u00e5 v\u00e5ge \u00e5 kjenne p\u00e5 egen integritet.<\/p>\n<p class=\"italic m-italic\" data-lab-italic=\"italic\">\u2013 F\u00f8ler du at du har gjort det selv, klart \u00e5 kjenne etter?<\/p>\n<p>\u2013 Ja, det gj\u00f8r jeg. Det er noe som kom med det \u00e5 bli litt eldre, at jeg klarer \u00e5 gi litt mer f\u2026 Jeg blir ikke lenger vippet av pinnen av andres sterke meninger, men greier \u00e5 st\u00e5 st\u00f8tt i mine egne, samtidig som jeg er \u00e5pen for \u00e5 l\u00e6re noe nytt. Jeg er \u00e5pen for \u00e5 endre mening og\u00a0f\u00e5 nye perspektiver. Det er helt greit ikke \u00e5 v\u00e6re samstemt om alt her i livet. Det er ikke min jobb \u00e5\u00a0overbevise noen om noe, men jeg tar gjerne en prat.<\/p>\n<p>Selv har hun greid \u00e5 st\u00e5 st\u00f8tt i\u00a0egne meninger, ogs\u00e5 n\u00e5r meningene endres. For lenge skulle hun ikke ha barn. Det hadde hun bestemt seg for, allerede som 14-\u00e5ring. Men s\u00e5, juni i 2022, ble hun mor til en liten jente.<\/p>\n<p>\u2013 Jeg har jo tidligere uttalt offentlig at jeg ikke ville\u00a0ha barn. Det viser bare at man kan ha en id\u00e9 om\u00a0noe, men likevel endre retning. Det handler om \u00e5\u00a0akseptere at vi som mennesker har denne fantastiske evnen til \u00e5 kunne skifte mening, endre kurs og skape forandring.<\/p>\n<p>\u2013 Man blir ikke mindre tro mot seg selv ved endre mening. Det er noe vakkert ved \u00e5 t\u00f8rre det.<\/p>\n<p>    <a itemprop=\"url\" href=\"https:\/\/www.kk.no\/livet\/pa-julaften-i-fjor-tenkte-annika-hva-om-de-sammenligner-gavene-fra-meg-med-det-andre-har-gitt\/83972712\" rel=\"nofollow noopener\" target=\"_blank\"><\/p>\n<p>        <img loading=\"lazy\" decoding=\"async\" src=\"https:\/\/www.europesays.com\/no\/wp-content\/uploads\/2025\/12\/83975123.webp.webp\" width=\"980\" height=\"441\" title=\"P\u00e5 julaften i fjor tenkte Annika: \u00abHva om de sammenligner gavene fra meg med det andre har gitt?\u00bb\" alt=\"\" class=\"lazyload\" style=\"--aspect-ratio-image: 2.22; \"\/><\/p>\n<p>        P\u00e5 julaften i fjor tenkte Annika: \u00abHva om de sammenligner gavene fra meg med det andre har gitt?\u00bb<\/p>\n<p>    <\/a><\/p>\n<p>        <img loading=\"lazy\" decoding=\"async\" src=\"https:\/\/www.europesays.com\/no\/wp-content\/uploads\/2025\/12\/83991511.webp.webp\" width=\"686\" height=\"1029\" title=\"MOR: \u00c5 bli mor beskriver hun som noe av det vakreste som fins. FOTO: Ida Bj\u00f8rvik\/Hest agentur\" alt=\"\" class=\"\" style=\"--aspect-ratio-image: 0.67; \"\/><\/p>\n<p>\n        MOR: \u00c5 bli mor beskriver hun som noe av det vakreste som fins. FOTO: Ida Bj\u00f8rvik\/Hest agentur\n    <\/p>\n<p>Siden hun ble mor, har hun ikke angret et sekund.<\/p>\n<p>\u2013 Det \u00e5 bli mamma er det mest voldsomme, fantastiske, mest slitsomme, mest selvutslettende og den\u00a0mest egenvekstfremmende opplevelsen jeg har hatt i\u00a0hele mitt liv.<\/p>\n<p>Hun ser ogs\u00e5 seg selv i datteren, som er full av f\u00f8lelser, selvf\u00f8lelse og vilje.<\/p>\n<p>\u2013 Det er viktig for meg \u00e5 kunne v\u00e6re en trygg og kj\u00e6rlig person i livet hennes, s\u00e5nn at hun har best mulig utgangspunkt til \u00e5 bli t\u00f8ff og selvstendig. <\/p>\n<p>\u2013 \u00c5 ha et lite menneske som er s\u00e5 avhengig av meg og at jeg tar gode valg, har f\u00e5tt meg til ogs\u00e5 \u00e5 se meg selv. For det er enda viktigere at jeg passer p\u00e5 meg selv n\u00e5r jeg ogs\u00e5 har noen andre \u00e5 passe p\u00e5.<\/p>\n<p>Det gjorde at hun valgte \u00e5 bli i den kommende sesongen av tv-programmet \u00ab16 ukers helvete\u00bb, som vises p\u00e5 tv over nytt\u00e5r. Programmet g\u00e5r ut p\u00e5 at kjendisene f\u00e5r hjelp av mentorene Martin Johnsrud Sundby (40) og Anette Skarpaas Ramm (45) til \u00e5 endre b\u00e5de kosthold og aktivitetsniv\u00e5.<\/p>\n<p>Mange kan bli forn\u00e6rmet om de blir spurt om \u00e5\u00a0v\u00e6re med i dette tv-programmet, men Lise fikk ingen foresp\u00f8rsel. Hun spurte selv om hun kunne f\u00e5 v\u00e6re med.<\/p>\n<p>\u2013 Jeg trengte det. B\u00e5de for \u00e5 finne tid til \u00e5 prioritere og ta bedre vare p\u00e5 meg selv, men ogs\u00e5 for \u00e5 f\u00e5 tilbake treningsgleden.<\/p>\n<p>\u2013 Jeg var med i en annen tv-produksjon, og der overh\u00f8rte jeg en samtale om at det var vanskelig \u00e5 f\u00e5 med seg kvinner til programmet. Da tenkte jeg at dette var en fin mulighet til \u00e5 l\u00e6re mer om hvordan jeg kan prioritere meg selv. For det har v\u00e6rt vanskelig \u00e5 sette av tid til trening og alle disse tingene som gj\u00f8r at jeg f\u00e5r overskudd.<\/p>\n<p>Samtidig \u00f8nsket hun \u00e5 f\u00f8le mestring. En f\u00f8lelse som plutselig forsvant litt da starten p\u00e5 overgangs\u00adalderen kom snikende og hormonene var i ubalanse.<\/p>\n<p>\u2013 For meg er det viktig \u00e5\u00a0snakke \u00e5pent om perimeno-pause og overgangsalderen, for det er blitt snakket altfor lite om. \u00c5\u00a0begynne med hormon-terapi var som natt og dag for meg. Jeg ante ikke at alle de nye symptomene jeg kjente p\u00e5, hang sammen med dette. Ved \u00e5\u00a0v\u00e6re med i \u00ab16 ukers helvete\u00bb h\u00e5per jeg\u00a0at jeg kan bruke meg selv til \u00e5\u00a0tydeliggj\u00f8re hvilke utfordringer vi kvinner kan m\u00f8te p\u00e5 i denne fasen av livet.<\/p>\n<p>Selv hadde hun lenge trodd at det bare var litt hetetokter om natten og at menstruasjonen uteble. Symptomer hun selv ikke merket.<\/p>\n<p>\u2013 Men det er s\u00e5 mange sm\u00e5, subtile ting som ogs\u00e5 kan komme p\u00e5 kj\u00f8pet. Som for eksempel nedstemthet, lav energi, d\u00e5rlig s\u00f8vn, vondt i ledd, til og med tinnitus. Selv klarte jeg ikke \u00e5 sove om natten. Det var som om jeg hadde drukket seks kopper espresso hver kveld f\u00f8r jeg la meg. Jeg klarte ikke \u00e5 f\u00e5 ned stresset i\u00a0kroppen, og det p\u00e5virket meg b\u00e5de natt og dag.<\/p>\n<p>\u2013 I tillegg var jeg sint som et lemen, det var som om det brant inni meg. Jeg kjente ikke igjen meg selv.<\/p>\n<p>F\u00f8rst da hun fikk god hjelp til \u00e5 forst\u00e5 egen kropp, begynte det \u00e5 hjelpe.<\/p>\n<p>\u2013 Hormonterapi er ikke for alle, men for meg var det starten p\u00e5 hele denne reisen som jeg n\u00e5 har fortsatt med i \u00ab16 ukers helvete\u00bb. Hormoner er topp, men s\u00e5 er det vel s\u00e5 viktig med kosthold og trening. Det finnes ingen quick fix, dessverre, sier hun, og legger til:<\/p>\n<p>\u2013 Det er fint \u00e5 kunne g\u00e5 bedre rustet inn i den fasen av livet. N\u00e5 som jeg er i gang med \u00ab16 ukers helvete\u00bb, l\u00e6rer jeg ogs\u00e5 nye ting om meg selv. Jeg f\u00e5r igjen bekreftet at jeg vokser som mest n\u00e5r jeg t\u00f8r \u00e5 utfordre komfortsonen min. Jeg kjenner at jeg begynner \u00e5 f\u00e5 overskudd, og at jeg igjen kan kjenne den mestringen jeg har lengtet etter.<\/p>\n<p>N\u00e5 kjenner Lise seg mer som seg selv igjen, b\u00e5de i\u00a0hodet og i kroppen.<\/p>\n<p>\u2013 Det er veldig fint. Skal jeg klare b\u00e5de \u00e5 v\u00e6re mamma, kj\u00e6reste, artist og gestaltterapeut, s\u00e5 m\u00e5 jeg ogs\u00e5 sette av tid til \u00e5 prioritere meg selv.<\/p>\n<p>Mens vi ser tilbake p\u00e5 de 25 \u00e5rene som er g\u00e5tt, begynner hun \u00e5 tenke gjennom hva som har endret seg. Musikkbransjen er ikke lenger den samme som f\u00f8r. I dagens samfunn er det utfordringer fra flere kanter. Og er det \u00e9n ting som skremmer Lise med denne utviklingen, s\u00e5 er det bruken av ren KI-generert musikk.<\/p>\n<p>\u2013 Jeg mister ordforr\u00e5det mitt bare jeg skal beskrive hvor skummelt jeg synes det er. Og jeg blir bare fullstendig lei meg. Fordi &#8230; et samfunn uten kunst og kultur &#8230;<\/p>\n<p>Hun stopper opp litt. Det er tydelig at dette engasjerer og provoserer henne.<\/p>\n<p>\u2013 Jeg tror ikke folk er klar over hvor mye fattigere et samfunn er uten stemmene som t\u00f8r \u00e5 utfordre, provosere og v\u00e6re seg selv. Et sterkt og levende kulturliv er fundamentalt viktig i et demokratisk samfunn. Hvis alt bare skal bli en s\u00e5nn konform masse, s\u00e5 blir det veldig monotont. Vi trenger engasjementet, refleksjonene og tilh\u00f8righeten kunsten og kunstnerne gir oss. Vi mennesker trenger motstand, og vi trenger \u00e5 utfordre oss.<\/p>\n<p>Ikke bare er det musikk\u00adbransjen som har endret seg med\u00a0\u00e5rene. Det har ogs\u00e5 hun selv.\u00a0Det f\u00e5r henne til \u00e5 tenke tilbake p\u00e5 den unge jenta p\u00e5 bensinstasjonen som, blant brusdispenserne, satt ivrig og leste om ulike artister i\u00a0lokalavisen i pausene.<\/p>\n<p>\u2013 Jeg tror at hun hadde syntes det var dritkult. Hun hadde nok v\u00e6rt stolt over \u00e5 ha f\u00e5tt det til. Ikke minst hadde hun v\u00e6rt stolt over at jeg fremdeles er leken og uredd. At jeg fortsatte \u00e5 utfordre meg selv. For det er da man vokser.<\/p>\n<p>\u2013 At vi n\u00e5, 25 \u00e5r senere, har signert med Universal \u2013\u00a0det samme plateselskapet vi signerte med den gangen\u00a0\u2013 f\u00f8les som \u00e5 v\u00e6re tilbake der alt startet.<\/p>\n","protected":false},"excerpt":{"rendered":"Hun kommer syklende etter \u00e5 ha levert datteren i barnehagen. Men hun ser ikke akkurat ut som en&hellip;\n","protected":false},"author":2,"featured_media":124364,"comment_status":"","ping_status":"","sticky":false,"template":"","format":"standard","meta":{"footnotes":""},"categories":[58],"tags":[14695,2694,71,6755,4109,4016,30,28,29,7240,7161,72],"class_list":{"0":"post-124363","1":"post","2":"type-post","3":"status-publish","4":"format-standard","5":"has-post-thumbnail","7":"category-underholdning","8":"tag-arets-kvinner","9":"tag-artist","10":"tag-entertainment","11":"tag-jubileum","12":"tag-lise-karlsnes","13":"tag-livet","14":"tag-no","15":"tag-norge","16":"tag-norway","17":"tag-portrett","18":"tag-stig-brenner","19":"tag-underholdning"},"share_on_mastodon":{"url":"https:\/\/pubeurope.com\/@no\/115805556838942018","error":""},"_links":{"self":[{"href":"https:\/\/www.europesays.com\/no\/wp-json\/wp\/v2\/posts\/124363","targetHints":{"allow":["GET"]}}],"collection":[{"href":"https:\/\/www.europesays.com\/no\/wp-json\/wp\/v2\/posts"}],"about":[{"href":"https:\/\/www.europesays.com\/no\/wp-json\/wp\/v2\/types\/post"}],"author":[{"embeddable":true,"href":"https:\/\/www.europesays.com\/no\/wp-json\/wp\/v2\/users\/2"}],"replies":[{"embeddable":true,"href":"https:\/\/www.europesays.com\/no\/wp-json\/wp\/v2\/comments?post=124363"}],"version-history":[{"count":0,"href":"https:\/\/www.europesays.com\/no\/wp-json\/wp\/v2\/posts\/124363\/revisions"}],"wp:featuredmedia":[{"embeddable":true,"href":"https:\/\/www.europesays.com\/no\/wp-json\/wp\/v2\/media\/124364"}],"wp:attachment":[{"href":"https:\/\/www.europesays.com\/no\/wp-json\/wp\/v2\/media?parent=124363"}],"wp:term":[{"taxonomy":"category","embeddable":true,"href":"https:\/\/www.europesays.com\/no\/wp-json\/wp\/v2\/categories?post=124363"},{"taxonomy":"post_tag","embeddable":true,"href":"https:\/\/www.europesays.com\/no\/wp-json\/wp\/v2\/tags?post=124363"}],"curies":[{"name":"wp","href":"https:\/\/api.w.org\/{rel}","templated":true}]}}