{"id":124395,"date":"2025-12-30T02:12:14","date_gmt":"2025-12-30T02:12:14","guid":{"rendered":"https:\/\/www.europesays.com\/no\/124395\/"},"modified":"2025-12-30T02:12:14","modified_gmt":"2025-12-30T02:12:14","slug":"tv-profil-med-vagal-spadom-da-vinner-de-premier-league","status":"publish","type":"post","link":"https:\/\/www.europesays.com\/no\/124395\/","title":{"rendered":"TV-profil med v\u00e5gal sp\u00e5dom: &#8211; Da vinner de Premier League"},"content":{"rendered":"<p class=\"bold m-bold\" data-lab-font_weight=\"bold\">\u2013 Det er det spr\u00f8este vi har opplevd siden 1911. Da sier det seg selv at det er meget gode tider om dagen.<\/p>\n<p>TV-profil Erik Solbakken gnistrer til n\u00e5r han blir bedt om \u00e5 sette ord p\u00e5 hvordan det er \u00e5 f\u00f8lge favorittklubben Aston Villa om dagen.<\/p>\n<p>Unai Emery ble n\u00e6rmest latterliggjort da han mislyktes fullstendig med \u00e5 ta opp arven etter Ars\u00e8ne Wenger i Nord-London.<\/p>\n<p class=\"bold m-bold\" data-lab-font_weight=\"bold\">P\u00e5 Villa Park har den karismatiske spanjolen imidlertid gjort underverker siden han ble ansatt som Aston Villa-sjef h\u00f8sten 2022.<\/p>\n<p>\u2013 Du f\u00e5r s\u00e5 hjerte for ham, og s\u00e5 genierkl\u00e6rer du han i hver kamp. Det er det smarteste fotballhodet i en av de styggeste byene i Europa, sier Solbakken til TV 2.<\/p>\n<p>        <img class=\"image__img lazyload\" itemprop=\"image\" title=\"Foto: Andrew Couldridge \/ Reuters \/ NTB\" alt=\"HAR HATT STOR SUKSESS: Aston Villa-sjef Unai Emery. Foto: Andrew Couldridge \/ Reuters \/ NTB\" width=\"978\" height=\"551\" bad-src=\"https:\/\/www.europesays.com\/no\/wp-content\/uploads\/2025\/12\/18419845.webp.jpeg\" fetchpriority=\"auto\" \/><\/p>\n<p>      HAR HATT STOR SUKSESS: Aston Villa-sjef Unai Emery.<br \/>\n         Foto: Andrew Couldridge \/ Reuters \/ NTB<\/p>\n<p>De siste tre \u00e5rene har Emery sakte, men sikkert bygd et slagkraftig mannskap, som n\u00e5 har vunnet elleve strake kamper i alle turneringer, deriblant mot Arsenal, Chelsea og Manchester United.<\/p>\n<p>M\u00e5lforskjellen i de elleve kampene lyder imponerende 26-11, og i tre av de fem siste ligakampene har de attp\u00e5til vunnet etter \u00e5 ha havnet under.<\/p>\n<p>Kontrasten er stor til innledningen av sesongen, da Aston Villa ikke vant en eneste av de fem f\u00f8rste seriekampene.<\/p>\n<p>\u2013 Det var flere som begynte \u00e5 mene at Emery ikke holdt i mer enn to og en halv sesong, og at vi m\u00e5tte begynne \u00e5 se oss om etter andre managere. Jeg er glad ikke jeg var blant dem, sier Solbakken.<\/p>\n<p>        <img class=\"image__img lazyload\" itemprop=\"image\" title=\"Foto: Paul Childs \/ Reuters \/ NTB\" alt=\"I FYR OG FLAMME: Morgan Rogers herjer for Aston Villa om dagen. Foto: Paul Childs \/ Reuters \/ NTB\" width=\"978\" height=\"551\" bad-src=\"https:\/\/www.europesays.com\/no\/wp-content\/uploads\/2025\/12\/18419843.webp.jpeg\" fetchpriority=\"auto\" \/><\/p>\n<p>      I FYR OG FLAMME: Morgan Rogers herjer for Aston Villa om dagen.<br \/>\n         Foto: Paul Childs \/ Reuters \/ NTB<\/p>\n<p>Tirsdag kveld venter gullrival Arsenal p\u00e5 bortebane. Tre poeng skiller de to lagene f\u00f8r bataljen i Nord-London.<\/p>\n<p>\u2013 Det er en veldig t\u00f8ff utfordring. Den t\u00f8ffeste utfordringen vi kan f\u00e5 akkurat n\u00e5, sier Emery.<\/p>\n<p>Villa-sjefen selv vil imidlertid ikke ha noe snakk om gull.<\/p>\n<p class=\"bold m-bold\" data-lab-font_weight=\"bold\">\u2013 \u00c5 snakke om tittelen i desember gir ikke noe mening for oss, sier spanjolen f\u00f8r oppgj\u00f8ret mot gamle kjente.<\/p>\n<p>\u2013 Vi er selvf\u00f8lgelig motiverte. Det er tre poeng som skiller (oss og Arsenal). Det er det dette handler om, og det er det som motiverer oss, fortsetter Emery.<\/p>\n<p>Solbakken er derimot ikke redd for \u00e5 snakke h\u00f8yt om s\u00f8lvt\u00f8y.<\/p>\n<p>\u2013 Rent objektivt sett mener jeg at Aston Villa er det beste laget i Premier League akkurat n\u00e5. De insisterer p\u00e5 det de tror p\u00e5, og de klarer alltid \u00e5 finne en m\u00e5te \u00e5 knekke motstanderen p\u00e5, forteller han.<\/p>\n<p class=\"bold m-bold\" data-lab-font_weight=\"bold\">\u2013 Det er ikke flaks de Villa holder p\u00e5 med om dagen. Villa kan vinne Premier League.<\/p>\n<p>        <img class=\"image__img lazyload\" itemprop=\"image\" title=\"Foto: Heiko Junge \/ NTB\" alt=\"\u2013 JEG DR\u00d8MMER IKKE: Erik Solbakken mener Aston Villa er seri\u00f8se tittelkandidater i Premier League denne sesongen. Her fra da det norske herrelandslaget ble hyllet p\u00e5 R\u00e5dhusplassen etter \u00e5 ha sikret VM-billetten i november. Foto: Heiko Junge \/ NTB\" width=\"675\" height=\"419\" bad-src=\"https:\/\/www.europesays.com\/no\/wp-content\/uploads\/2025\/12\/18419847.webp.jpeg\" fetchpriority=\"auto\" \/><\/p>\n<p>      \u2013 JEG DR\u00d8MMER IKKE: Erik Solbakken mener Aston Villa er seri\u00f8se tittelkandidater i Premier League denne sesongen. Her fra da det norske herrelandslaget ble hyllet p\u00e5 R\u00e5dhusplassen etter \u00e5 ha sikret VM-billetten i november.<br \/>\n         Foto: Heiko Junge \/ NTB<\/p>\n<p class=\"italic m-italic\" data-lab-italic=\"italic\">\u2013 Emery vil ikke snakke om det, men du v\u00e5ger \u00e5 dr\u00f8mme?<\/p>\n<p>\u2013 N\u00e5 dr\u00f8mmer ikke jeg. N\u00e5 baserer jeg det p\u00e5 ren fotballkunnskap. Jeg mener vi er soleklart bedre enn Liverpool. Vi er mye bedre enn Tottenham, Manchester United og Chelsea. Vi er helt p\u00e5 h\u00f8yde med City og Arsenal, svarer Solbakken.<\/p>\n<p>Avslutningsvis byr Solbakken p\u00e5 en v\u00e5gal sp\u00e5dom.<\/p>\n<p>\u2013 Hvis du baker inn det momentumet Villa har n\u00e5, s\u00e5 vil jeg nesten t\u00f8rre \u00e5 p\u00e5st\u00e5 at hvis Villa vinner p\u00e5 Emirates, s\u00e5 vinner Villa Premier League.<\/p>\n<p>Slik ser Premier League-tabellen ut f\u00f8r den 19. serierunden:<\/p>\n","protected":false},"excerpt":{"rendered":"\u2013 Det er det spr\u00f8este vi har opplevd siden 1911. Da sier det seg selv at det er&hellip;\n","protected":false},"author":2,"featured_media":124396,"comment_status":"","ping_status":"","sticky":false,"template":"","format":"standard","meta":{"footnotes":""},"categories":[59],"tags":[30,28,29,83,82],"class_list":{"0":"post-124395","1":"post","2":"type-post","3":"status-publish","4":"format-standard","5":"has-post-thumbnail","7":"category-sport","8":"tag-no","9":"tag-norge","10":"tag-norway","11":"tag-sport","12":"tag-sports"},"share_on_mastodon":{"url":"https:\/\/pubeurope.com\/@no\/115806099351384454","error":""},"_links":{"self":[{"href":"https:\/\/www.europesays.com\/no\/wp-json\/wp\/v2\/posts\/124395","targetHints":{"allow":["GET"]}}],"collection":[{"href":"https:\/\/www.europesays.com\/no\/wp-json\/wp\/v2\/posts"}],"about":[{"href":"https:\/\/www.europesays.com\/no\/wp-json\/wp\/v2\/types\/post"}],"author":[{"embeddable":true,"href":"https:\/\/www.europesays.com\/no\/wp-json\/wp\/v2\/users\/2"}],"replies":[{"embeddable":true,"href":"https:\/\/www.europesays.com\/no\/wp-json\/wp\/v2\/comments?post=124395"}],"version-history":[{"count":0,"href":"https:\/\/www.europesays.com\/no\/wp-json\/wp\/v2\/posts\/124395\/revisions"}],"wp:featuredmedia":[{"embeddable":true,"href":"https:\/\/www.europesays.com\/no\/wp-json\/wp\/v2\/media\/124396"}],"wp:attachment":[{"href":"https:\/\/www.europesays.com\/no\/wp-json\/wp\/v2\/media?parent=124395"}],"wp:term":[{"taxonomy":"category","embeddable":true,"href":"https:\/\/www.europesays.com\/no\/wp-json\/wp\/v2\/categories?post=124395"},{"taxonomy":"post_tag","embeddable":true,"href":"https:\/\/www.europesays.com\/no\/wp-json\/wp\/v2\/tags?post=124395"}],"curies":[{"name":"wp","href":"https:\/\/api.w.org\/{rel}","templated":true}]}}