{"id":124415,"date":"2025-12-30T04:50:07","date_gmt":"2025-12-30T04:50:07","guid":{"rendered":"https:\/\/www.europesays.com\/no\/124415\/"},"modified":"2025-12-30T04:50:07","modified_gmt":"2025-12-30T04:50:07","slug":"israel-usa-trump-advarer-hamas-krever-full-avvaepning","status":"publish","type":"post","link":"https:\/\/www.europesays.com\/no\/124415\/","title":{"rendered":"Israel, USA | Trump advarer Hamas \u2013 krever full avv\u00e6pning"},"content":{"rendered":"\n<p>\u2013 Hvis de ikke avv\u00e6pner seg, slik de har g\u00e5tt med p\u00e5, s\u00e5 vil de f\u00e5 et helvete, sa Trump under en felles pressekonferanse med Israels statsminister Benjamin Netanyahu.<\/p>\n<p>Den israelske statsministeren var mandag kveld p\u00e5 bes\u00f8k hos Trump i hans Mar-a-Lago-residens.<\/p>\n<p>Donald Trump sa p\u00e5 pressekonferansen at han og Netanyahu kom til enighet om tre vanskelige sp\u00f8rsm\u00e5l knyttet til Gaza-konflikten p\u00e5 fem minutter n\u00e5r de m\u00f8ttes.<\/p>\n<p><b>Les ogs\u00e5: <a class=\"simple-relation related-teaser article--c-eRUmMG article--c-eRUmMG-fZoQSp-design-nettavisen article--c-eRUmMG-gwthdJ-cv\" href=\"https:\/\/www.nettavisen.no\/regn-og-kulde-truer-liv-og-helse-i-gaza\/s\/5-95-2800295\" rel=\"nofollow noopener\" target=\"_blank\">Regn og kulde truer liv og helse i Gaza<\/a><\/b><\/p>\n<p>\u2013 Vi har hatt et m\u00f8te p\u00e5 rundt fem minutter, og vi har allerede l\u00f8st omtrent tre av utfordringene, sa han etter m\u00f8tet hadde startet.<\/p>\n<p><b>Les ogs\u00e5: <a class=\"simple-relation related-teaser article--c-eRUmMG article--c-eRUmMG-fZoQSp-design-nettavisen article--c-eRUmMG-gwthdJ-cv\" href=\"https:\/\/www.nettavisen.no\/norge-oker-stotten-til-palestina-med-en-milliard\/s\/5-95-2794048\" rel=\"nofollow noopener\" target=\"_blank\">Norge \u00f8ker st\u00f8tten til Palestina med en milliard<\/a><\/b><\/p>\n<p>Partene diskuterte blant annet implementeringen av fase to av den omfattende fredsplanen som ble meklet fram av USA.<\/p>\n<p>Fase to inneb\u00e6rer blant annet at Israel trekker seg ut av Gaza, at Hamas avv\u00e6pnes, og at bevegelsen gir opp \u00e5 ha en rolle i styringen av Gaza.<\/p>\n<p><b>Les ogs\u00e5: <a class=\"simple-relation related-teaser article--c-eRUmMG article--c-eRUmMG-fZoQSp-design-nettavisen article--c-eRUmMG-gwthdJ-cv\" href=\"https:\/\/www.nettavisen.no\/israel-har-godkjent-19-nye-bosetninger-pa-vestbredden\/s\/5-95-2792363\" rel=\"nofollow noopener\" target=\"_blank\">Israel har godkjent 19 nye bosetninger p\u00e5 Vestbredden<\/a><\/b><\/p>\n<p>Hamas har tidligere nektet \u00e5 la seg avv\u00e6pne, men Trump advarte mandag om at de ikke har lenge p\u00e5 seg.<\/p>\n<p>\u2013 De m\u00e5 avv\u00e6pne seg i l\u00f8pet av ganske kort tid.<\/p>\n<p>Samtidig gjentok han sin fulle st\u00f8tte til Netanyahu og Israel.<\/p>\n<p>\u2013 Jeg er ikke bekymret for noe Israel gj\u00f8r. De har etterlevd planen, sa Trump.<\/p>\n<p>Til tross for v\u00e5penhvilen mellom Israel og Hamas, som tr\u00e5dte i kraft 10. oktober, er rundt 400 personer drept i israelske angrep i Gaza de siste par m\u00e5nedene, if\u00f8lge Gazas helsemyndigheter.<\/p>\n","protected":false},"excerpt":{"rendered":"\u2013 Hvis de ikke avv\u00e6pner seg, slik de har g\u00e5tt med p\u00e5, s\u00e5 vil de f\u00e5 et helvete,&hellip;\n","protected":false},"author":2,"featured_media":124416,"comment_status":"","ping_status":"","sticky":false,"template":"","format":"standard","meta":{"footnotes":""},"categories":[12],"tags":[20,21,24,25,15,22,23,13,30,28,29,14,16,26,27,42,43,44,45],"class_list":{"0":"post-124415","1":"post","2":"type-post","3":"status-publish","4":"format-standard","5":"has-post-thumbnail","7":"category-verden","8":"tag-breaking-news","9":"tag-breakingnews","10":"tag-featured-news","11":"tag-featurednews","12":"tag-headlines","13":"tag-latest-news","14":"tag-latestnews","15":"tag-news","16":"tag-no","17":"tag-norge","18":"tag-norway","19":"tag-nyheter","20":"tag-overskrifter","21":"tag-top-stories","22":"tag-topstories","23":"tag-verden","24":"tag-world","25":"tag-world-news","26":"tag-worldnews"},"share_on_mastodon":{"url":"https:\/\/pubeurope.com\/@no\/115806720662595303","error":""},"_links":{"self":[{"href":"https:\/\/www.europesays.com\/no\/wp-json\/wp\/v2\/posts\/124415","targetHints":{"allow":["GET"]}}],"collection":[{"href":"https:\/\/www.europesays.com\/no\/wp-json\/wp\/v2\/posts"}],"about":[{"href":"https:\/\/www.europesays.com\/no\/wp-json\/wp\/v2\/types\/post"}],"author":[{"embeddable":true,"href":"https:\/\/www.europesays.com\/no\/wp-json\/wp\/v2\/users\/2"}],"replies":[{"embeddable":true,"href":"https:\/\/www.europesays.com\/no\/wp-json\/wp\/v2\/comments?post=124415"}],"version-history":[{"count":0,"href":"https:\/\/www.europesays.com\/no\/wp-json\/wp\/v2\/posts\/124415\/revisions"}],"wp:featuredmedia":[{"embeddable":true,"href":"https:\/\/www.europesays.com\/no\/wp-json\/wp\/v2\/media\/124416"}],"wp:attachment":[{"href":"https:\/\/www.europesays.com\/no\/wp-json\/wp\/v2\/media?parent=124415"}],"wp:term":[{"taxonomy":"category","embeddable":true,"href":"https:\/\/www.europesays.com\/no\/wp-json\/wp\/v2\/categories?post=124415"},{"taxonomy":"post_tag","embeddable":true,"href":"https:\/\/www.europesays.com\/no\/wp-json\/wp\/v2\/tags?post=124415"}],"curies":[{"name":"wp","href":"https:\/\/api.w.org\/{rel}","templated":true}]}}