{"id":124417,"date":"2025-12-30T05:09:06","date_gmt":"2025-12-30T05:09:06","guid":{"rendered":"https:\/\/www.europesays.com\/no\/124417\/"},"modified":"2025-12-30T05:09:06","modified_gmt":"2025-12-30T05:09:06","slug":"tusenvis-av-elbilar-kjem-til-noreg-rett-for-auke-i-moms-pa-opptil-50-000-kroner-i-2026-nrk-vestland","status":"publish","type":"post","link":"https:\/\/www.europesays.com\/no\/124417\/","title":{"rendered":"Tusenvis av elbilar kjem til Noreg rett f\u00f8r auke i moms p\u00e5 opptil 50.000 kroner i 2026 \u2013 NRK Vestland"},"content":{"rendered":"<p>Saka oppsummert<\/p>\n<ul>\n<li>Tusenvis av elbilar kjem til Noreg rett f\u00f8r nye momsregler trer i kraft 1. januar.<\/li>\n<li>Bilane m\u00e5 vere i Noreg f\u00f8r nytt\u00e5r for \u00e5 unng\u00e5 moms.<\/li>\n<li>For heile bilbransjen har jula vore veldig travel.<\/li>\n<li>P\u00e5 hamna i Drammen har det komme 30.000 bilar dei siste m\u00e5nadene, noko som er rekord.<\/li>\n<li>Den nye momsgrensa gjer bilane inntil 50.000 kronar dyrare etter nytt\u00e5r.<\/li>\n<li>Prisen skal bli h\u00f8gare i \u00e5ra som kjem, og bilbransjen trur at 2026 blir eit travelt \u00e5r.<\/li>\n<\/ul>\n<p>Oppsummeringa er laga av ekte intelligens.<\/p>\n<p>\u2013 Det er alle mann til pumpene, seier Volvo-forhandlar Jan Petter Myklebust i F\u00f8rde.<\/p>\n<p>Han har droppa juleferien p\u00e5 grunn av dei nye <a href=\"https:\/\/www.nrk.no\/rogaland\/lekkasjene-stemmer_-regjeringen-vil-gjore-elbiler-dyrere-fra-neste-ar-av-1.17612365\" ec-id=\"pp:article:1.17612365\" ec-name=\"momsreglane\" rel=\"nofollow noopener\" target=\"_blank\">momsreglane <\/a>som trer i kraft ved nytt\u00e5r. D\u00e5 blir nye elbilar opptil 50.000 kronar dyrare.<\/p>\n<p>I alle ledd jobbar bilbransjen no p\u00e5 spreng.<\/p>\n<p><strong>\u2013 Det er skikkeleg tr\u00f8kk i utleveringane i heile Noreg. B\u00e5de lokalt og nasjonalt g\u00e5r det mot rekord, seier Myklebust.<\/strong><\/p>\n<p><img decoding=\"async\"   src=\"data:image\/gif;base64,R0lGODlhAQABAIAAAAAAAP\/\/\/yH5BAEAAAAALAAAAAABAAEAAAIBRAA7\" loading=\"eager\" alt=\"Bildet viser tre personer som diskuterer ved en hvit informasjonsbenk i en bilforhandler. En av dem st\u00e5r og viser noe, mens de to andre lytter og ser p\u00e5 mobiltelefonen. Rundt dem er det flere biler utstilt, inkludert en bl\u00e5 Volvo til venstre. Lokalene har store vinduer som slipper inn naturlig lys. (Bildebeskrivelsen er laget av en KI-tjeneste)\" title=\"Foto: NRK\"\/><\/p>\n<p class=\"\">Det er lite juleferie \u00e5 f\u00e5 for Volvo-forhandlaren i F\u00f8rde. I midten st\u00e5r Jan Petter Myklebust.<\/p>\n<p>Foto: NRK<\/p>\n<p>M\u00e5 vere i Noreg f\u00f8r nytt\u00e5r<\/p>\n<p>For at bilane skal unng\u00e5 ekstra moms, m\u00e5 dei st\u00e5 p\u00e5 norsk jord innan fyrverkeriet smeller.<\/p>\n<p>P\u00e5 landets st\u00f8rste hamn for bilimport i Drammen har dei st\u00e5tt p\u00e5 d\u00f8gnet rundt.<\/p>\n<p><strong>\u2013 Vi har f\u00e5tt inn over 30.000 biler dei to siste m\u00e5nadene. Det er ny rekord, seier Tom Egil Johannesen, losse- og importansvarleg hos Motorships AS.<\/strong><\/p>\n<p><img decoding=\"async\"   src=\"data:image\/gif;base64,R0lGODlhAQABAIAAAAAAAP\/\/\/yH5BAEAAAAALAAAAAABAAEAAAIBRAA7\" loading=\"eager\" alt=\"En person i en neonfarget jakke st\u00e5r foran et stort skip med teksten &quot;UECC&quot; synlig. Bakgrunnen viser flere parkerte biler og industrielle strukturer. Det er klart v\u00e6r med noen skyer. Scenen gir inntrykk av en aktiv havn. (Bildebeskrivelsen er laget av en KI-tjeneste)\" title=\"Foto: Nicolai Fr\u00f8ystad Delebekk \/ NRK\"\/><\/p>\n<p class=\"\">Tom Egil Johannesen seier dei har lossa 30.000 bilar p\u00e5 hamna i Drammen dei siste m\u00e5nadane.<\/p>\n<p>Foto: Nicolai Fr\u00f8ystad Delebekk \/ NRK<\/p>\n<p>To store skip med bilar har allereie komme til hamna denne veka, med n\u00e6r 2000 bilar som skal i land.<\/p>\n<p>\u2013 Og s\u00e5 tek vi nytt\u00e5rsferie, f\u00f8r vi er over til normalen igjen fr\u00e5 2. januar, seier Johannesen.<\/p>\n<p><img decoding=\"async\"   src=\"data:image\/gif;base64,R0lGODlhAQABAIAAAAAAAP\/\/\/yH5BAEAAAAALAAAAAABAAEAAAIBRAA7\" loading=\"eager\" alt=\"Et stort lasteskip, &quot;Nordic Bay&quot;, er til stede i havnen med en rekke biler parkert rundt. I forgrunnen er det sn\u00f8dekte omr\u00e5der med b\u00e5de personbiler og varebiler. Et par maskiner arbeider med \u00e5 transportere og organisere bilene. Bakgrunnen viser frodige fjell og en klar bl\u00e5 himmel. (Bildebeskrivelsen er laget av en KI-tjeneste)\" title=\"Foto: Nicolai Fr\u00f8ystad Delebekk \/ NRK\"\/><\/p>\n<p class=\"\">Bilar fr\u00e5 to store skip skal i land denne veka i Drammen.<\/p>\n<p>Foto: Nicolai Fr\u00f8ystad Delebekk \/ NRK<\/p>\n<p>Trur p\u00e5 sterkt 2026<\/p>\n<p>Det var i haust at regjeringa kunngjorde at elbilar skal koste meir i moms \u2013 inntil 50.000 ekstra fr\u00e5 1. januar 2026.<\/p>\n<p>Det f\u00f8rte til kraftig auke i salet.<\/p>\n<p>I november vart det registrert 70 prosent fleire bilar enn november i 2024, if\u00f8lge Opplysningsr\u00e5det for Veitrafikken.<\/p>\n<p>I desember er over 26.000 bilar registrert, if\u00f8lge f\u00f8rebelse tal \u2013 n\u00e6r dobbelt s\u00e5 mange som i heile desember i fjor.<\/p>\n<p><img decoding=\"async\"   src=\"data:image\/gif;base64,R0lGODlhAQABAIAAAAAAAP\/\/\/yH5BAEAAAAALAAAAAABAAEAAAIBRAA7\" loading=\"eager\" alt=\"en person som st\u00e5r ved siden av en bl\u00e5 bil\" title=\"Foto: Mia Modalsli Tesaker \/ NRK\"\/><\/p>\n<p class=\"\">Ulf Tore Hekneby i Noregs st\u00f8rste bilimport\u00f8r trur at det sterke bilsalet held fram i 2026.<\/p>\n<p>Foto: Mia Modalsli Tesaker \/ NRK<\/p>\n<p>Det er bilimport\u00f8rane som har ansvaret for \u00e5 f\u00e5 bilane til Noreg.<\/p>\n<p>For den st\u00f8rste bilimport\u00f8ren, Harald A. M\u00f8ller, har julestria vore eksepsjonelt stri.<\/p>\n<p>\u2013 I \u00e5r er det veldig lite juleferie p\u00e5 oss som jobbar i systemet v\u00e5rt. No st\u00e5r vi p\u00e5 for \u00e5 f\u00e5 bilane ut til kundane v\u00e5re, seier Ulf Tore Hekneby, sjef i Harald A. M\u00f8ller.<\/p>\n<p>Moms p\u00e5 elbil<\/p>\n<p>25 prosent moms p\u00e5 prisen som er over momsgrensa:<\/p>\n<p>2025: Moms over 500.000 kroner<\/p>\n<p>2026: Moms over 300.000 kroner<\/p>\n<p>2027: Moms over 150.000 kroner<\/p>\n<p>2028: Ingen momsfritak<\/p>\n<p>I 2027 og 2028 ligg det an til enda meir moms p\u00e5 elbilar. Bilbransjen reknar derfor med at dei blir travelt ogs\u00e5 til neste \u00e5r.<\/p>\n<p>Harald A. M\u00f8ller trur det blir seld 170.000 personbilar til neste \u00e5r, tett opp mot rekord.<\/p>\n<p><img decoding=\"async\"   src=\"data:image\/gif;base64,R0lGODlhAQABAIAAAAAAAP\/\/\/yH5BAEAAAAALAAAAAABAAEAAAIBRAA7\" loading=\"eager\" alt=\"En bilforhandler viser flere biler utstilt p\u00e5 en salgsplass. Fokuset er p\u00e5 en lys bil med et &quot;Solgt!&quot;-skilt plassert p\u00e5 frontruten. Bakgrunnen inkluderer flere biler, deriblant en r\u00f8d bil, og store vinduer som slipper inn naturlig lys. Fjell kan sees i det fjerne, noe som gir kontekst til omgivelsene. (Bildebeskrivelsen er laget av en KI-tjeneste)\" title=\"Foto: Nils Ole Refvik \/ NRK\"\/><\/p>\n<p class=\"\">I bilbyen F\u00f8rde har telefonen g\u00e5tt varmt hos Frydenb\u00f8 Bil.<\/p>\n<p>Foto: Nils Ole Refvik \/ NRK<\/p>\n<p>Likevel kan det bli ein liten pust i bakken p\u00e5 ny\u00e5ret etter eit heftig momskappl\u00f8p.<\/p>\n<p>\u2013 Det har vore ein heftig, men givande haust, seier Jan Petter Myklebust i F\u00f8rde.<\/p>\n<p>Publisert<\/p>\n<p>30.12.2025, kl. 05.30<\/p>\n","protected":false},"excerpt":{"rendered":"Saka oppsummert Tusenvis av elbilar kjem til Noreg rett f\u00f8r nye momsregler trer i kraft 1. januar. Bilane&hellip;\n","protected":false},"author":2,"featured_media":124418,"comment_status":"","ping_status":"","sticky":false,"template":"","format":"standard","meta":{"footnotes":""},"categories":[10],"tags":[20,21,24,25,15,22,23,13,30,28,29,14,16,26,27],"class_list":{"0":"post-124417","1":"post","2":"type-post","3":"status-publish","4":"format-standard","5":"has-post-thumbnail","7":"category-norge","8":"tag-breaking-news","9":"tag-breakingnews","10":"tag-featured-news","11":"tag-featurednews","12":"tag-headlines","13":"tag-latest-news","14":"tag-latestnews","15":"tag-news","16":"tag-no","17":"tag-norge","18":"tag-norway","19":"tag-nyheter","20":"tag-overskrifter","21":"tag-top-stories","22":"tag-topstories"},"share_on_mastodon":{"url":"https:\/\/pubeurope.com\/@no\/115806795664269113","error":""},"_links":{"self":[{"href":"https:\/\/www.europesays.com\/no\/wp-json\/wp\/v2\/posts\/124417","targetHints":{"allow":["GET"]}}],"collection":[{"href":"https:\/\/www.europesays.com\/no\/wp-json\/wp\/v2\/posts"}],"about":[{"href":"https:\/\/www.europesays.com\/no\/wp-json\/wp\/v2\/types\/post"}],"author":[{"embeddable":true,"href":"https:\/\/www.europesays.com\/no\/wp-json\/wp\/v2\/users\/2"}],"replies":[{"embeddable":true,"href":"https:\/\/www.europesays.com\/no\/wp-json\/wp\/v2\/comments?post=124417"}],"version-history":[{"count":0,"href":"https:\/\/www.europesays.com\/no\/wp-json\/wp\/v2\/posts\/124417\/revisions"}],"wp:featuredmedia":[{"embeddable":true,"href":"https:\/\/www.europesays.com\/no\/wp-json\/wp\/v2\/media\/124418"}],"wp:attachment":[{"href":"https:\/\/www.europesays.com\/no\/wp-json\/wp\/v2\/media?parent=124417"}],"wp:term":[{"taxonomy":"category","embeddable":true,"href":"https:\/\/www.europesays.com\/no\/wp-json\/wp\/v2\/categories?post=124417"},{"taxonomy":"post_tag","embeddable":true,"href":"https:\/\/www.europesays.com\/no\/wp-json\/wp\/v2\/tags?post=124417"}],"curies":[{"name":"wp","href":"https:\/\/api.w.org\/{rel}","templated":true}]}}