{"id":124419,"date":"2025-12-30T05:10:12","date_gmt":"2025-12-30T05:10:12","guid":{"rendered":"https:\/\/www.europesays.com\/no\/124419\/"},"modified":"2025-12-30T05:10:12","modified_gmt":"2025-12-30T05:10:12","slug":"nyttarsaften-fyrverkeri-her-er-alt-du-trenger-a-vite-om-nyttarsfeiringen","status":"publish","type":"post","link":"https:\/\/www.europesays.com\/no\/124419\/","title":{"rendered":"Nytt\u00e5rsaften, Fyrverkeri | Her er alt du trenger \u00e5 vite om nytt\u00e5rsfeiringen"},"content":{"rendered":"\n<p> n\u00e6rmer seg slutten og 2026 skal \u00f8nskes velkommen.<\/p>\n<p>Onsdag kveld er det nytt\u00e5rsaften med fest og fyrverkeri.<\/p>\n<p>Her er alt du trenger \u00e5 vite om feiringen.<\/p>\n<p>Hva er \u00e5pent?<\/p>\n<p>Offisielt er nytt\u00e5rsaften en \u00abhalv\u00bb fridag, slik at de fleste butikker og matbutikker stenger tidligere enn vanlig.<\/p>\n<p>Vinmonopolet er \u00e5pent fra klokken 1000 til 1500.<\/p>\n<p>   <img decoding=\"async\" width=\"3264\" height=\"2448\" fetchpriority=\"low\"  loading=\"lazy\"  src=\"https:\/\/www.europesays.com\/no\/wp-content\/uploads\/2025\/12\/image_uploaded_from_ios_1.jpg\" alt=\"\" class=\"brick-c-cFOWSL\" style=\"--brick-image-ratio: 3264 \/ 2448;\"\/><\/p>\n<p>      Slik s\u00e5 det ut like f\u00f8r stengetid ved Vinmonopolet en nytt\u00e5rsaften for noen \u00e5r siden.<br \/>\n      Foto: ARKIV\n    <\/p>\n<p>Frister det \u00e5 shoppe er Bergen Storsenter og Xhibition \u00e5pent fra 0900 til 1600.<\/p>\n<p>Galleriet 0900 til 1500. Sundt og Sletten senter fra 1000 til 1500.<\/p>\n<p>Ikea, Horisont, Lagunen, Sartor, Knarvik og \u00c5sane senter holder \u00e5pent fra 1000 til 1600.<\/p>\n<p>  <a href=\"https:\/\/www.ba.no\/5-8-3253825\" class=\"related-teaser has-image default-story-teaser article--c-eRUmMG article--c-eRUmMG-jKCPdD-design-default\" rel=\"nofollow noopener\" target=\"_blank\"><\/p>\n<p>    <img decoding=\"async\" loading=\"lazy\"  src=\"https:\/\/www.europesays.com\/no\/wp-content\/uploads\/2025\/12\/4+%282%29+%2815%29.jpg\" alt=\"\" class=\"brick-c-cFOWSL\" style=\"\"\/><\/p>\n<p>\n            Les ogs\u00e5<\/p>\n<p>              Avviser myte: Du trenger ikke blakke deg p\u00e5 vin i julen\n        <\/p>\n<p>  <\/a><br \/>\n  Hvor kan du se felles fyrverkeri?<\/p>\n<p>Du kan nok se fyrverkeri i store deler av Bergen og nabokommunene, men det offisielle nytt\u00e5rsfyrverkeriet blir skutt opp over V\u00e5gen n\u00f8yaktig ved midnatt nytt\u00e5rsaften.<\/p>\n<p>Oppskytingen skjer fra en lekter som ligger ute p\u00e5 vannet.<\/p>\n<p>Noen popul\u00e6re utkikkspunkter for \u00e5 f\u00e5 showet mest mulig i monitor er:<\/p>\n<p><b>Bryggen og Fisketorget, Nordnesparken, Skansen, Fl\u00f8yen og Sandviken. <\/b><\/p>\n<p>   <img decoding=\"async\" width=\"7941\" height=\"5294\" fetchpriority=\"low\"  loading=\"lazy\"  src=\"https:\/\/www.europesays.com\/no\/wp-content\/uploads\/2025\/12\/EWB_5826.jpg\" alt=\"\" class=\"brick-c-cFOWSL\" style=\"--brick-image-ratio: 7941 \/ 5294;\"\/><\/p>\n<p>      Slik s\u00e5 det ut under fjor\u00e5rets feiring.<br \/>\n      Foto: EMIL WEATHERHEAD BREISTEIN (arkiv)\n    <\/p>\n<p>  Hvordan blir showet?<\/p>\n<p>For nytt\u00e5rsaften 2025 er det Engelsrud Fyrverkeri som har ansvaret for det offisielle fellesfyrverkeriet, i tett samarbeid med Bergen brannvesen, politiet og Bergen Havn.<\/p>\n<p>Engelsrud har hatt ansvaret for showet i V\u00e5gen i alle \u00e5r, minus i fjor.<\/p>\n<p>\u2013 Vi er storforn\u00f8yd med \u00e5 v\u00e6re tilbake. I \u00e5r kan folk forvente seg et stort og flott fyrverkerishow, sier \u00d8rjan Totland i Engelsrud Fyrverkeri.<\/p>\n<p>   <img decoding=\"async\" width=\"1499\" height=\"1226\" fetchpriority=\"low\"  loading=\"lazy\"  src=\"https:\/\/www.europesays.com\/no\/wp-content\/uploads\/2025\/12\/5_8_2112782+%C3%98rjan+3.jpg\" alt=\"\" class=\"brick-c-cFOWSL\" style=\"--brick-image-ratio: 1499 \/ 1226;\"\/><\/p>\n<p>      \u00d8rjan Totland er klar for \u00e5 fyre av kjempebomber p\u00e5 nytt\u00e5rsaften.<br \/>\n      Foto: Engelsrud fyrverkeri AS\n    <\/p>\n<p>\u2013 Det blir masse flotte farger, mange kunstbomber, gullsmell mot slutten og et par veldig store bomber som kan sees over nesten hele byen.<\/p>\n<p>Men, det er noe som kan legge en demper p\u00e5 det hele.<\/p>\n<p>   <img decoding=\"async\" width=\"5392\" height=\"3592\" fetchpriority=\"low\"  loading=\"lazy\"  src=\"https:\/\/www.europesays.com\/no\/wp-content\/uploads\/2025\/12\/EH9_9700behandlet.jpg\" alt=\"\" class=\"brick-c-cFOWSL\" style=\"--brick-image-ratio: 5392 \/ 3592;\"\/><\/p>\n<p>      Det er ventet et storsl\u00e5tt show ogs\u00e5 i \u00e5r.<br \/>\n      Foto: ARKIV: EIRIK HAGES\u00c6TER\n    <\/p>\n<p>\u2013 Mange tror at regn er v\u00e5r verste fiende, men det er vinden. Blir det for kraftig vind m\u00e5 det nedskaleres, i verste fall avlyses. Men jeg har troen, det er stort og \u00e5pent p\u00e5 V\u00e5gen, og det skal mye til.<\/p>\n<p>Showet er allerede designet og kommer til \u00e5 bygges p\u00e5 plassen onsdag.<\/p>\n<p><b>Totland r\u00f8per at det ligger 30\u201340 timer bak de ti minuttene fyrverkerishowet varer.<\/b><\/p>\n<p>Slik blir kollektivtransporten<\/p>\n<p><b>P\u00e5 nytt\u00e5rsaften er det l\u00f8rdagsruter b\u00e5de p\u00e5 buss og bybane.<\/b><\/p>\n<p>L\u00f8rdagsruter betyr f\u00e6rre avganger.<\/p>\n<p>\u2013 P\u00e5 nytt\u00e5rsaften har vi med nattavganger som normalt er natt til s\u00f8ndag siden det er ventet mer tr\u00f8kk i sentrum, sier pressekontakt \u00d8yvind Str\u00f8mmen i Skyss.<\/p>\n<p>   <img decoding=\"async\" width=\"7882\" height=\"5255\" fetchpriority=\"low\"  loading=\"lazy\"  src=\"https:\/\/www.europesays.com\/no\/wp-content\/uploads\/2025\/12\/DSC_7633+kopi.jpg\" alt=\"\" class=\"brick-c-cFOWSL\" style=\"--brick-image-ratio: 7882 \/ 5255;\"\/><\/p>\n<p>      Det kan v\u00e6re lurt \u00e5 sjekke rutene p\u00e5 nytt\u00e5rsaften.<br \/>\n      Foto: SKJALG EKELAND\n    <\/p>\n<p>Str\u00f8mmen oppfordrer alle som skal reise kollektivt p\u00e5 nytt\u00e5rsaften til \u00e5 sjekke <a rel=\"Follow nofollow noopener\" href=\"https:\/\/reise.skyss.no\/planner\/travel-plans?timetype=DEPARTURE&amp;ts=2025-12-30T23:00:00Z&amp;service-modes=bus,expressbus,airportbus,train,passengerboat,carferry,tram,others&amp;min-transfer=2&amp;walk-speed=normal&amp;from=eyJkZXNjIjoiQmVyZ2VuIHNlbnRydW0sIEJlcmdlbiIsImlkIjoiTlNSOkdyb3VwT2ZTdG9wUGxh%0D%0AY2VzOjE3NCIsImxvYyI6IjYwLjM5MTQ4LDUuMzI1NjcxIiwibW9kZXMiOm51bGwsInR5cGUiOiJw%0D%0Ab2kifQ%3D%3D&amp;to=eyJkZXNjIjoiQmVyZ2VuIGx1ZnRoYXZuLCBCZXJnZW4iLCJpZCI6Ik5TUjpTdG9wUGxhY2U6NTg1%0D%0AMzYiLCJsb2MiOiI2MC4yODc3NzcsNS4yMzI1NTUiLCJtb2RlcyI6WyJMaWdodCByYWlsIiwiQnVz%0D%0AIixudWxsXSwidHlwZSI6InN0b3Bncm91cCJ9\" target=\"_blank\">reiseplanleggeren<\/a> til Skyss for \u00e5 se hva som gjelder for din rute, slik at du ikke f\u00e5r noen ubehagelige overraskelser.<\/p>\n<p>Han opplyser at l\u00f8rdagsruter p\u00e5 Bybanens linje 1 og 2 betyr avgang hvert tiende minutt p\u00e5 kvelden og hvert kvarter om natten. Siste bybane g\u00e5r fra sentrum mot Flesland klokken 0400. Siste bane mot Fyllingsdalen g\u00e5r klokken 0338.<\/p>\n<p>Helgeruter<\/p>\n<p>1. nytt\u00e5rsdag har Bybanen reduserte s\u00f8ndagsruter og bussene har vanlige s\u00f8ndagsruter.<\/p>\n<p>Fergene f\u00f8lger ogs\u00e5 l\u00f8rdagsruter. For Austevollferjen er siste tur fra Hufthamar klokken 1755 og fra Krokeide klokken 1840.<\/p>\n<p>Siste tur fra Husavik er klokken 1730 og fra Sandvikv\u00e5g klokken 1800.<\/p>\n<p>De aller fleste hurtigb\u00e5tene har l\u00f8rdagsruter, som Ask\u00f8yb\u00e5ten og Sunnhordalandsb\u00e5ten.<\/p>\n<p>   <img decoding=\"async\" width=\"3360\" height=\"2240\" fetchpriority=\"low\"  loading=\"lazy\"  src=\"https:\/\/www.europesays.com\/no\/wp-content\/uploads\/2025\/12\/7e71e1a7-d31e-4141-92bc-b30d436b8a98.jpeg\" alt=\"\" class=\"brick-c-cFOWSL\" style=\"--brick-image-ratio: 3360 \/ 2240;\"\/><\/p>\n<p>      Politi og brannvesen samarbeider om \u00e5 skape en trygg nytt\u00e5rsfeiring i sentrum.<br \/>\n      Foto: Sondre Horvei\n    <\/p>\n<p>  \u2013 Vil v\u00e6re synlig<\/p>\n<p>Tidligere \u00e5r har det blitt kaotisk i Bergen sentrum p\u00e5 nytt\u00e5rsaften.<\/p>\n<p>B\u00e5de politi og brannvesen samarbeider om en trygg nytt\u00e5rsfeiring og kommer blant annet til \u00e5 regulere ferdsel p\u00e5 Torgallmenningen.<\/p>\n<p>\u2013 Vi vil i \u00e5r som i fjor v\u00e6re godt synlig i bybildet b\u00e5de p\u00e5 kvelden og ved midnatt sier Trine Sommerlade, kommunikasjonsleder i Bergen brannvesen.<\/p>\n<p>Sommerlade opplyser videre at Brannvesenet vil ha \u00f8kt bemanning med minimum 42 p\u00e5 vakt nytt\u00e5rsaften, mot vanlige 37.<\/p>\n<p>\u2013 110-sentralen har ogs\u00e5 forsterket bemanning nytt\u00e5rsaften.<\/p>\n<p>Lars Morten Lothe, politileder for Bergen sentrum, sier at nytt\u00e5rsaften er en ekstra travel natt for politiet og at de ogs\u00e5 setter inn flere folk.<\/p>\n<p>\u2013 Vi oppfordrer foreldre til \u00e5 ikke sende sine mindre\u00e5rige barn til sentrum. Der har de ingenting \u00e5 gj\u00f8re p\u00e5 kveld og natt p\u00e5 nytt\u00e5rsaften, sier Lothe, og tilf\u00f8yer:<\/p>\n<p>\u2013 Vi \u00f8nsker at foreldre generelt f\u00f8lger med p\u00e5 barna sine, hva de skal og at det er voksne med om de skal til byen \u00e5 se p\u00e5 fyrverkeri.<\/p>\n<p>  <a href=\"https:\/\/www.ba.no\/5-8-3257686\" class=\"related-teaser has-image default-story-teaser article--c-eRUmMG article--c-eRUmMG-jKCPdD-design-default\" rel=\"nofollow noopener\" target=\"_blank\"><\/p>\n<p>    <img decoding=\"async\" loading=\"lazy\"  src=\"https:\/\/www.europesays.com\/no\/wp-content\/uploads\/2025\/12\/EH9_9788-Forbedret-NRbehandlet.jpg\" alt=\"\" class=\"brick-c-cFOWSL\" style=\"\"\/><\/p>\n<p>\n            Les ogs\u00e5<\/p>\n<p>              Tusenvis str\u00f8mmer til byen p\u00e5 nytt\u00e5r: \u2013 Det blir galehus\n        <\/p>\n<p>  <\/a><br \/>\n  Hva er reglene for privat fyrverkeri? <\/p>\n<p>Det er forbudt med fyrverkeri p\u00e5 offentlige steder.<\/p>\n<p>I praksis er det to regler som gjelder for oppskyting av fyrverkeri i Bergen.<\/p>\n<p><b>Regel 1:<\/b> Fyrverkeri til privat bruk er kun tillatt p\u00e5 nytt\u00e5rsaften mellom klokken 1800 og 0200.<\/p>\n<p><b>Regel 2: <\/b>Det er totalforbud mot bruk av eget fyrverkeri i og i n\u00e6rheten av:<\/p>\n<ul>\n<li>De tette trehusomr\u00e5dene i Salhus<\/li>\n<li>Sandviken<\/li>\n<li>Rosegrenden<\/li>\n<li>Skuteviken og Ladeg\u00e5rden<\/li>\n<li>Steinkjelleren<\/li>\n<li>Bryggen<\/li>\n<li>V\u00e5gsbunnen<\/li>\n<li>Marken<\/li>\n<li>Nordnes<\/li>\n<li>Stranden<\/li>\n<li>N\u00f8stet<\/li>\n<li>Sydnes og Laksev\u00e5g.<\/li>\n<\/ul>\n<p>   <img decoding=\"async\" width=\"950\" height=\"1302\" fetchpriority=\"low\"  loading=\"lazy\"  src=\"https:\/\/www.europesays.com\/no\/wp-content\/uploads\/2025\/12\/Fyrverkeri_forbudt_kart.jpg\" alt=\"\" class=\"brick-c-cFOWSL\" style=\"--brick-image-ratio: 950 \/ 1302;\"\/><\/p>\n<p>      I disse omr\u00e5dene er det fullstendig forbudt \u00e5 skyte opp fyrverkeri.<br \/>\n      Foto: Illustrasjon: Bergen kommune\n    <\/p>\n<p>Det er ellers 18 \u00e5rs aldersgrense for b\u00e5de kj\u00f8p og bruk av fyrverkeri. Er du tolv \u00e5r kan du kj\u00f8pe stjerneskudd, men bare under 30 centimeter.<\/p>\n<p>I tillegg er det forbudt \u00e5 fyre opp n\u00f8draketter (med mindre du er i n\u00f8d), pinneraketter og kinesiske lykter. <\/p>\n<p>  <a href=\"https:\/\/www.ba.no\/5-8-2867441\" class=\"related-teaser has-image default-story-teaser article--c-eRUmMG article--c-eRUmMG-jKCPdD-design-default\" rel=\"nofollow noopener\" target=\"_blank\"><\/p>\n<p>    <img decoding=\"async\" loading=\"lazy\"  src=\"https:\/\/www.europesays.com\/no\/wp-content\/uploads\/2025\/12\/BA31122024-20.jpg\" alt=\"\" class=\"brick-c-cFOWSL\" style=\"\"\/><\/p>\n<p>\n            Les ogs\u00e5<\/p>\n<p>              Dette har blitt en tradisjon for familien: \u2013 Veldig sosialt\n        <\/p>\n<p>  <\/a><\/p>\n<p>  <a href=\"https:\/\/www.ba.no\/5-8-2866684\" class=\"related-teaser has-image default-story-teaser article--c-eRUmMG article--c-eRUmMG-jKCPdD-design-default\" rel=\"nofollow noopener\" target=\"_blank\"><\/p>\n<p>    <img decoding=\"async\" loading=\"lazy\"  src=\"https:\/\/www.europesays.com\/no\/wp-content\/uploads\/2025\/12\/BA31122024-6.jpg\" alt=\"\" class=\"brick-c-cFOWSL\" style=\"\"\/><\/p>\n<p>\n            Les ogs\u00e5<\/p>\n<p>              Bodhilds b\u00f8nn: \u2013 Ta hensyn!\n        <\/p>\n<p>  <\/a><\/p>\n","protected":false},"excerpt":{"rendered":"n\u00e6rmer seg slutten og 2026 skal \u00f8nskes velkommen. Onsdag kveld er det nytt\u00e5rsaften med fest og fyrverkeri. Her&hellip;\n","protected":false},"author":2,"featured_media":124420,"comment_status":"","ping_status":"","sticky":false,"template":"","format":"standard","meta":{"footnotes":""},"categories":[5],"tags":[36,1982,20,21,24,25,10497,15,19,22,23,17,18,13,30,28,29,14,13381,16,254,1558,1510,26,27],"class_list":{"0":"post-124419","1":"post","2":"type-post","3":"status-publish","4":"format-standard","5":"has-post-thumbnail","7":"category-overskrifter","8":"tag-art","9":"tag-bergen-sentrum","10":"tag-breaking-news","11":"tag-breakingnews","12":"tag-featured-news","13":"tag-featurednews","14":"tag-fyrverkeri","15":"tag-headlines","16":"tag-hovedoppslag","17":"tag-latest-news","18":"tag-latestnews","19":"tag-main-news","20":"tag-mainnews","21":"tag-news","22":"tag-no","23":"tag-norge","24":"tag-norway","25":"tag-nyheter","26":"tag-nyttarsaften","27":"tag-overskrifter","28":"tag-politi","29":"tag-pulsen","30":"tag-story","31":"tag-top-stories","32":"tag-topstories"},"share_on_mastodon":{"url":"https:\/\/pubeurope.com\/@no\/115806799434850326","error":""},"_links":{"self":[{"href":"https:\/\/www.europesays.com\/no\/wp-json\/wp\/v2\/posts\/124419","targetHints":{"allow":["GET"]}}],"collection":[{"href":"https:\/\/www.europesays.com\/no\/wp-json\/wp\/v2\/posts"}],"about":[{"href":"https:\/\/www.europesays.com\/no\/wp-json\/wp\/v2\/types\/post"}],"author":[{"embeddable":true,"href":"https:\/\/www.europesays.com\/no\/wp-json\/wp\/v2\/users\/2"}],"replies":[{"embeddable":true,"href":"https:\/\/www.europesays.com\/no\/wp-json\/wp\/v2\/comments?post=124419"}],"version-history":[{"count":0,"href":"https:\/\/www.europesays.com\/no\/wp-json\/wp\/v2\/posts\/124419\/revisions"}],"wp:featuredmedia":[{"embeddable":true,"href":"https:\/\/www.europesays.com\/no\/wp-json\/wp\/v2\/media\/124420"}],"wp:attachment":[{"href":"https:\/\/www.europesays.com\/no\/wp-json\/wp\/v2\/media?parent=124419"}],"wp:term":[{"taxonomy":"category","embeddable":true,"href":"https:\/\/www.europesays.com\/no\/wp-json\/wp\/v2\/categories?post=124419"},{"taxonomy":"post_tag","embeddable":true,"href":"https:\/\/www.europesays.com\/no\/wp-json\/wp\/v2\/tags?post=124419"}],"curies":[{"name":"wp","href":"https:\/\/api.w.org\/{rel}","templated":true}]}}