{"id":124423,"date":"2025-12-30T05:14:17","date_gmt":"2025-12-30T05:14:17","guid":{"rendered":"https:\/\/www.europesays.com\/no\/124423\/"},"modified":"2025-12-30T05:14:17","modified_gmt":"2025-12-30T05:14:17","slug":"milliardsalget-gjennomfort-blir-i-praksis-dobbelt-sa-store-altaposten-no","status":"publish","type":"post","link":"https:\/\/www.europesays.com\/no\/124423\/","title":{"rendered":"(+) Milliardsalget gjennomf\u00f8rt: \u2013 Blir i praksis dobbelt s\u00e5 store &#8211; altaposten.no"},"content":{"rendered":"<ol>\n<li><a href=\"https:\/\/news.google.com\/rss\/articles\/CBMipgFBVV95cUxQenowcGNMVkplVXdpS09JS2lYVnFpYVV1aEctQktjS3FYdVE0WlR1Z1dwWmpsYllwZW9MM0V0bTlDN1NIaENQclpNSWQ5NU9Md3d0Ty1DcldtS056MlhGd3NkVm0zZTNFa1Bra3kycDFzV0ZKNjFsQXVFczB0V2VTSlhSVDF6U0xyLWNrQXBodzE5NkRHNkxUYkpYbzFiaDdDb0ZvOE5R?oc=5\" target=\"_blank\" rel=\"nofollow noopener\">(+) Milliardsalget gjennomf\u00f8rt: \u2013 Blir i praksis dobbelt s\u00e5 store<\/a>&nbsp;&nbsp;altaposten.no<\/li>\n<li><a href=\"https:\/\/news.google.com\/rss\/articles\/CBMiZkFVX3lxTFBvSUZpRzY1OGNkbG9Da24tYXFWVEFsOTcxelJQNWg1a1ZIWFRZeU5RREN1QzZUT2YzdUNINGZXVHJqYWsyNXlObzZXM1lPSnl5TU9xRXlPbmRpWnV6cDdQQUVMS3lTUQ?oc=5\" target=\"_blank\" rel=\"nofollow noopener\">Grieg Seafood i m\u00e5l med salg \u2013 opprettholder utbytteguiding<\/a>&nbsp;&nbsp;E24<\/li>\n<li><a href=\"https:\/\/news.google.com\/rss\/articles\/CBMiqAFBVV95cUxPVHJ2ZVprajBrS2tldEZMVzVTNjJDUXFmWTlkRjJpOVJ0ZTUyNXhXOVA2aDhyLVZybktQSTVOTXVhZ2JUQklqMjZmZWhqZVoyR2RscXpBeHpUMmtmTTV3cnJpeGRQOUt0eVZTVFFyU0NVVEtJU0Foc0d0Y2U3YzQzcmNKR2djaE5zWlN4WVdVVGxWRFpuOVEydUtwZFdnNk5GTl9adUNGTE4?oc=5\" target=\"_blank\" rel=\"nofollow noopener\">Grieg fikk inn 10,2 milliarder kroner p\u00e5 konto. N\u00e5 kommer snart utbyttet til aksjon\u00e6rene<\/a>&nbsp;&nbsp;iLaks<\/li>\n<li><a href=\"https:\/\/news.google.com\/rss\/articles\/CBMiiwFBVV95cUxQYzlueDNPYUQzVWNmenFESW5xN2lOTmU1cDRCcGVVZ0tWWTFzTXQ5VUxIMk9yZ3dicWZ2UFJxQkxYVWYzTGs0RVY2TG1VQ3JfY2lLaFFhQ0FGaHZHbjNHMFZRQzhjY2dEWVZzd2QwQUx2ME8wb2pkZ2FKYW50XzVNaGFURmdZc0tGQS1N?oc=5\" target=\"_blank\" rel=\"nofollow noopener\">N\u00e5 er Cermaqs oppkj\u00f8p av Grieg fullf\u00f8rt<\/a>&nbsp;&nbsp;Intrafish<\/li>\n<li><a href=\"https:\/\/news.google.com\/rss\/articles\/CBMi8gFBVV95cUxOYXNyT2tQWVNRX2ZxdERhbnB2NWp5VWUtaFFMSm9hS2daY1daVFZFemtIMFIxSGRmSGFUVTY4aUdIZ0huV25PWGZnNlgzcDBWUGtiSXY4ZlNTMzN5WVpnZzh5eks1bFdfQWd4N1h1Nl9NbTBwc2Eta2YyX19kaC01cFlYZm4wd2dKMzdfeng5NEdRMENhMU1YbmxmbVlUdG5waThfTmtDYVhXOGFQMS15T2t2ZDRPZHFhR09zNk9xUkRFUld0YlVDazl6V05qazJYUndMYmJPdjVhbmdxeURJcHhEVzlCck90R28tNGtwVVRpZw?oc=5\" target=\"_blank\" rel=\"nofollow noopener\">Grieg Seafood: Fullf\u00f8rer salg av virksomhet i Finnmark og Canada<\/a>&nbsp;&nbsp;Finansavisen<\/li>\n<\/ol>\n","protected":false},"excerpt":{"rendered":"(+) Milliardsalget gjennomf\u00f8rt: \u2013 Blir i praksis dobbelt s\u00e5 store&nbsp;&nbsp;altaposten.no Grieg Seafood i m\u00e5l med salg \u2013 opprettholder&hellip;\n","protected":false},"author":2,"featured_media":124424,"comment_status":"","ping_status":"","sticky":false,"template":"","format":"standard","meta":{"footnotes":""},"categories":[56],"tags":[60,14700,61,32,14701,62,30,28,29],"class_list":{"0":"post-124423","1":"post","2":"type-post","3":"status-publish","4":"format-standard","5":"has-post-thumbnail","7":"category-naeringsliv","8":"tag-business","9":"tag-cermaq","10":"tag-economy","11":"tag-finnmark","12":"tag-grieg-seafood-finnmark","13":"tag-naeringsliv","14":"tag-no","15":"tag-norge","16":"tag-norway"},"share_on_mastodon":{"url":"https:\/\/pubeurope.com\/@no\/115806815003948502","error":""},"_links":{"self":[{"href":"https:\/\/www.europesays.com\/no\/wp-json\/wp\/v2\/posts\/124423","targetHints":{"allow":["GET"]}}],"collection":[{"href":"https:\/\/www.europesays.com\/no\/wp-json\/wp\/v2\/posts"}],"about":[{"href":"https:\/\/www.europesays.com\/no\/wp-json\/wp\/v2\/types\/post"}],"author":[{"embeddable":true,"href":"https:\/\/www.europesays.com\/no\/wp-json\/wp\/v2\/users\/2"}],"replies":[{"embeddable":true,"href":"https:\/\/www.europesays.com\/no\/wp-json\/wp\/v2\/comments?post=124423"}],"version-history":[{"count":0,"href":"https:\/\/www.europesays.com\/no\/wp-json\/wp\/v2\/posts\/124423\/revisions"}],"wp:featuredmedia":[{"embeddable":true,"href":"https:\/\/www.europesays.com\/no\/wp-json\/wp\/v2\/media\/124424"}],"wp:attachment":[{"href":"https:\/\/www.europesays.com\/no\/wp-json\/wp\/v2\/media?parent=124423"}],"wp:term":[{"taxonomy":"category","embeddable":true,"href":"https:\/\/www.europesays.com\/no\/wp-json\/wp\/v2\/categories?post=124423"},{"taxonomy":"post_tag","embeddable":true,"href":"https:\/\/www.europesays.com\/no\/wp-json\/wp\/v2\/tags?post=124423"}],"curies":[{"name":"wp","href":"https:\/\/api.w.org\/{rel}","templated":true}]}}