{"id":124431,"date":"2025-12-30T05:26:34","date_gmt":"2025-12-30T05:26:34","guid":{"rendered":"https:\/\/www.europesays.com\/no\/124431\/"},"modified":"2025-12-30T05:26:34","modified_gmt":"2025-12-30T05:26:34","slug":"det-er-ikkje-til-a-unnga-at-ting-gar-innpa-deg-morenytt-no","status":"publish","type":"post","link":"https:\/\/www.europesays.com\/no\/124431\/","title":{"rendered":"(+) \u2013 Det er ikkje til \u00e5 unng\u00e5 at ting g\u00e5r innp\u00e5 deg &#8211; morenytt.no"},"content":{"rendered":"<ol>\n<li><a href=\"https:\/\/news.google.com\/rss\/articles\/CBMingFBVV95cUxPWUdkd1ZnT3VMNkMzbW5kaXE3X0RuQXJReEM4SWE0ZjRENUFPWU5PMkFUWkRTSFdhTEtpQ2V4LW1YcE96Y1JadS12bWMxR2N0aExoOXE0UVFBS3ZrMVRJdW5ZclNaWXdHUDlhRTJyeXJGYTNITkRNcjEwSkdCd3c3ZkJzNnN1aFF6WTctQjVaaHZ3aEs4Q3pGZk1IU0NyUQ?oc=5\" target=\"_blank\" rel=\"nofollow noopener\">(+) \u2013 Det er ikkje til \u00e5 unng\u00e5 at ting g\u00e5r innp\u00e5 deg<\/a>&nbsp;&nbsp;morenytt.no<\/li>\n<li><a href=\"https:\/\/news.google.com\/rss\/articles\/CBMiswFBVV95cUxOLXQxcjFFR0dMT08zQlBFeUNDaksxMHNSZGZIRzQxTDl6SVV4WERzQ2RiRG9wY0RHQlNpWTYzQU5mdUNzYUs4TmxhZk1tWXBzRXZBTzM2OGJ6eXRJMl91Rjdra2VKZGczMk91VHNFVW1QY3U0bFgyVDVKbFZ1ai1PVkhfQmdIa0FmdVhjZTlWVlN6Tmt6OGdmeGVpWXhHdzlZMzVXa210RFpsb2NLZzVfMzQyNA?oc=5\" target=\"_blank\" rel=\"nofollow noopener\">G\u00e5r i bresjen for viktig arrangement: \u2013 Har blitt fratatt muligheten til alt<\/a>&nbsp;&nbsp;bladet.no<\/li>\n<li><a href=\"https:\/\/news.google.com\/rss\/articles\/CBMidkFVX3lxTFBxWDZuUlR3S2xZeE8zNXpCTFF4dkNGdi1HcUNweEI5MHRGbnFXdHNrV2xBSTQwakxxNjNkQmZhSVhQRldzNnJaX1VEN25oTFBxT3FfSHFLOVpWMEFJZjdSaUROMWNmRU5jTS1admJwNmVKbWNZZEE?oc=5\" target=\"_blank\" rel=\"nofollow noopener\">Utryddelsen av et land<\/a>&nbsp;&nbsp;Dagsavisen<\/li>\n<li><a href=\"https:\/\/news.google.com\/rss\/articles\/CBMiqwFBVV95cUxNOE1VekExMld1SjFNVFlNVVJVajlzVTVPVVgzZ09mRUU0SHBoMWYyV01qSnNKN2FEdDc4Nk13TXdGcDNnSVlLOHNCUUc2eC0wV1VnWmRLYUlBWmxJZDI1b2o3djJUTVJrS2dHRmRXZldBbkxveFp5RkxvVXRySnF5YzBpVE5BMFpjOVNiUGJOeGhuVDA5RHN5UW1lYUl1cFVlTldObEU3Wl9lQVE?oc=5\" target=\"_blank\" rel=\"nofollow noopener\">Ble stoppet p\u00e5 vei inn til Betlehem p\u00e5 juledag: \u2013 Handler ikke om sikkerhet<\/a>&nbsp;&nbsp;V\u00e5rt Land<\/li>\n<li><a href=\"https:\/\/news.google.com\/rss\/articles\/CBMiuAFBVV95cUxPdW1fSC1XblpmQnBHS0doZmxmWExzT3BPaEFtcTJsLWJNOUdwaUpzMS1rMGg1ajlFQUdudi0yS24tVnZhWWpsQjVRTTBpNnRjTFZ5dWNMNnpOdUxoTG95eXhGazM4Y2NlLUVodHVMNktKeGh5dDI1Zk9MbXlERU1BQUFIcUtLblFlV2gwUHFicV95WWJTTHhVSFJxRnhJcWF4cE1lUkg1blFIUlRvQ2RRZTRiT01yQkY3?oc=5\" target=\"_blank\" rel=\"nofollow noopener\">Det trengs mer fred p\u00e5 jord<\/a>&nbsp;&nbsp;Aftenposten<\/li>\n<\/ol>\n","protected":false},"excerpt":{"rendered":"(+) \u2013 Det er ikkje til \u00e5 unng\u00e5 at ting g\u00e5r innp\u00e5 deg&nbsp;&nbsp;morenytt.no G\u00e5r i bresjen for viktig&hellip;\n","protected":false},"author":2,"featured_media":124432,"comment_status":"","ping_status":"","sticky":false,"template":"","format":"standard","meta":{"footnotes":""},"categories":[12],"tags":[12491,20,21,24,25,15,14702,5441,5593,12267,22,23,6063,13,30,28,29,14,16,2080,26,27,42,43,44,45],"class_list":{"0":"post-124431","1":"post","2":"type-post","3":"status-publish","4":"format-standard","5":"has-post-thumbnail","7":"category-verden","8":"tag-betlehem","9":"tag-breaking-news","10":"tag-breakingnews","11":"tag-featured-news","12":"tag-featurednews","13":"tag-headlines","14":"tag-helsehjelp","15":"tag-jesus","16":"tag-jul","17":"tag-julestemning","18":"tag-latest-news","19":"tag-latestnews","20":"tag-leger-uten-grenser","21":"tag-news","22":"tag-no","23":"tag-norge","24":"tag-norway","25":"tag-nyheter","26":"tag-overskrifter","27":"tag-orsta","28":"tag-top-stories","29":"tag-topstories","30":"tag-verden","31":"tag-world","32":"tag-world-news","33":"tag-worldnews"},"share_on_mastodon":{"url":"https:\/\/pubeurope.com\/@no\/115806862280410605","error":""},"_links":{"self":[{"href":"https:\/\/www.europesays.com\/no\/wp-json\/wp\/v2\/posts\/124431","targetHints":{"allow":["GET"]}}],"collection":[{"href":"https:\/\/www.europesays.com\/no\/wp-json\/wp\/v2\/posts"}],"about":[{"href":"https:\/\/www.europesays.com\/no\/wp-json\/wp\/v2\/types\/post"}],"author":[{"embeddable":true,"href":"https:\/\/www.europesays.com\/no\/wp-json\/wp\/v2\/users\/2"}],"replies":[{"embeddable":true,"href":"https:\/\/www.europesays.com\/no\/wp-json\/wp\/v2\/comments?post=124431"}],"version-history":[{"count":0,"href":"https:\/\/www.europesays.com\/no\/wp-json\/wp\/v2\/posts\/124431\/revisions"}],"wp:featuredmedia":[{"embeddable":true,"href":"https:\/\/www.europesays.com\/no\/wp-json\/wp\/v2\/media\/124432"}],"wp:attachment":[{"href":"https:\/\/www.europesays.com\/no\/wp-json\/wp\/v2\/media?parent=124431"}],"wp:term":[{"taxonomy":"category","embeddable":true,"href":"https:\/\/www.europesays.com\/no\/wp-json\/wp\/v2\/categories?post=124431"},{"taxonomy":"post_tag","embeddable":true,"href":"https:\/\/www.europesays.com\/no\/wp-json\/wp\/v2\/tags?post=124431"}],"curies":[{"name":"wp","href":"https:\/\/api.w.org\/{rel}","templated":true}]}}