{"id":124438,"date":"2025-12-30T05:38:39","date_gmt":"2025-12-30T05:38:39","guid":{"rendered":"https:\/\/www.europesays.com\/no\/124438\/"},"modified":"2025-12-30T05:38:39","modified_gmt":"2025-12-30T05:38:39","slug":"stad-redningsaksjon-sakna-mann-funnen-omkommen","status":"publish","type":"post","link":"https:\/\/www.europesays.com\/no\/124438\/","title":{"rendered":"Stad, Redningsaksjon | Sakna mann funnen omkommen"},"content":{"rendered":"\n<p>(<a href=\"https:\/\/www.firda.no\/mann-sakna-i-nordfjord-har-starta-redningsaksjon\/s\/5-15-1995315\" rel=\"Follow nofollow noopener\" target=\"_blank\">FIRDA<\/a>\ud83d\ude42 Klokka 12.56 melde Vest politidistrikt at det var starta eit redningsoppdrag i samband med at ein eldre mann var sakna fr\u00e5 heimen sin i Stad. <\/p>\n<p>B\u00e5de frivillig mannskap og brann og redning blei kalla ut i s\u00f8k etter mannen. Det blei ogs\u00e5 s\u00f8kt med redningshelikopter. <\/p>\n<p><b>Klokka 16.15 melder politiet at mannen i 80-\u00e5ra er blitt funnen omkommen i Hornindalsvatnet. Dei n\u00e6rmaste p\u00e5r\u00f8rande er varsla. <\/b><\/p>\n<p>Det er ikkje mistanke om at mannen er utsett for noko kriminelt. Den omkomne vil bli obdusert.<\/p>\n","protected":false},"excerpt":{"rendered":"(FIRDA\ud83d\ude42 Klokka 12.56 melde Vest politidistrikt at det var starta eit redningsoppdrag i samband med at ein eldre&hellip;\n","protected":false},"author":2,"featured_media":4378,"comment_status":"","ping_status":"","sticky":false,"template":"","format":"standard","meta":{"footnotes":""},"categories":[10],"tags":[36,20,21,24,25,15,22,23,13,30,28,29,14,16,254,111,2027,1510,26,27],"class_list":{"0":"post-124438","1":"post","2":"type-post","3":"status-publish","4":"format-standard","5":"has-post-thumbnail","7":"category-norge","8":"tag-art","9":"tag-breaking-news","10":"tag-breakingnews","11":"tag-featured-news","12":"tag-featurednews","13":"tag-headlines","14":"tag-latest-news","15":"tag-latestnews","16":"tag-news","17":"tag-no","18":"tag-norge","19":"tag-norway","20":"tag-nyheter","21":"tag-overskrifter","22":"tag-politi","23":"tag-redningsaksjon","24":"tag-stad","25":"tag-story","26":"tag-top-stories","27":"tag-topstories"},"share_on_mastodon":{"url":"https:\/\/pubeurope.com\/@no\/115806909378743381","error":""},"_links":{"self":[{"href":"https:\/\/www.europesays.com\/no\/wp-json\/wp\/v2\/posts\/124438","targetHints":{"allow":["GET"]}}],"collection":[{"href":"https:\/\/www.europesays.com\/no\/wp-json\/wp\/v2\/posts"}],"about":[{"href":"https:\/\/www.europesays.com\/no\/wp-json\/wp\/v2\/types\/post"}],"author":[{"embeddable":true,"href":"https:\/\/www.europesays.com\/no\/wp-json\/wp\/v2\/users\/2"}],"replies":[{"embeddable":true,"href":"https:\/\/www.europesays.com\/no\/wp-json\/wp\/v2\/comments?post=124438"}],"version-history":[{"count":0,"href":"https:\/\/www.europesays.com\/no\/wp-json\/wp\/v2\/posts\/124438\/revisions"}],"wp:featuredmedia":[{"embeddable":true,"href":"https:\/\/www.europesays.com\/no\/wp-json\/wp\/v2\/media\/4378"}],"wp:attachment":[{"href":"https:\/\/www.europesays.com\/no\/wp-json\/wp\/v2\/media?parent=124438"}],"wp:term":[{"taxonomy":"category","embeddable":true,"href":"https:\/\/www.europesays.com\/no\/wp-json\/wp\/v2\/categories?post=124438"},{"taxonomy":"post_tag","embeddable":true,"href":"https:\/\/www.europesays.com\/no\/wp-json\/wp\/v2\/tags?post=124438"}],"curies":[{"name":"wp","href":"https:\/\/api.w.org\/{rel}","templated":true}]}}