{"id":12444,"date":"2025-08-19T16:47:09","date_gmt":"2025-08-19T16:47:09","guid":{"rendered":"https:\/\/www.europesays.com\/no\/12444\/"},"modified":"2025-08-19T16:47:09","modified_gmt":"2025-08-19T16:47:09","slug":"fjellhytta-underholdning-med-i-arets-sesong-av-fjellhytta-det-var-utrolig-goy-a-se-responsen-fra-deltakerne","status":"publish","type":"post","link":"https:\/\/www.europesays.com\/no\/12444\/","title":{"rendered":"Fjellhytta, Underholdning | Med i \u00e5rets sesong av Fjellhytta: \u2013 Det var utrolig g\u00f8y \u00e5 se responsen fra deltakerne"},"content":{"rendered":"\n<p>\u2013 Det er s\u00e5 kult at Fjellhytta g\u00e5r foran og fremmer gjenbruk, sier leder for Resirkula, Maria S\u00e6tersdal Rem\u00f8e.<\/p>\n<p>Hun h\u00e5per programmet vil inspirere enda flere.<\/p>\n<p>\u2013 \u00c5 kj\u00f8pe brukt er et av de viktigste grepene du som forbruker kan gj\u00f8re for milj\u00f8et, og vi er s\u00e5 glade for at Fjellhytta og TV 2 er med p\u00e5 laget! sier hun videre.<\/p>\n<p>Egen container<\/p>\n<p>I august kom den andre sesongen av det popul\u00e6re programmet p\u00e5 skjermene, hvor fire deltakerpar skal kjempe i \u00e5tte uker om \u00e5 vinne sin egen hytte p\u00e5 fjellet.<\/p>\n<p>\u00c5rets hytter ligger p\u00e5 idylliske Mj\u00f8sli, i naturskj\u00f8nne omgivelser ved Mj\u00f8sa \u2013 ikke langt fra ombrukskj\u00f8pesenteret Resirkula i Furnes.<\/p>\n<p>Til \u00e5rets sesong \u00e5pnet Resirkula pop up-butikk i egen container p\u00e5 hyttefeltet, kun til bruk for deltakerne. Her skal deltakerparene handle brukt interi\u00f8r til hyttene sine de neste ukene.<\/p>\n<p>   <img decoding=\"async\" width=\"1900\" height=\"1900\" fetchpriority=\"low\"  loading=\"lazy\"  src=\"https:\/\/www.europesays.com\/no\/wp-content\/uploads\/2025\/08\/Frinnspilling_FotoJennyMagnusson.png\" alt=\"\" class=\"brick-c-cFOWSL\" style=\"--brick-image-ratio: 1900 \/ 1900;\"\/><\/p>\n<p>    CONTAINER: Fra innspillingen p\u00e5 Mj\u00f8sli.<br \/>\n    Foto: TV 2\n  <\/p>\n<p>  Lov \u00e5 leke<\/p>\n<p>\u2013 Det var utrolig g\u00f8y \u00e5 se responsen fra deltakerne da de fikk se pop up-butikken v\u00e5r for f\u00f8rste gang, sier Therese Svendsen, som til daglig driver interi\u00f8rbutikken, Gr\u00f8nne Saker hos Resirkula.<\/p>\n<p>Sammen med kollega Jeanette Nielsen, som driver nabobutikken \u00abMelkespannet\u00bb, innredet de containeren med interi\u00f8rskatter fra butikkene sine, og fylte p\u00e5 med nye varer hver uke.<\/p>\n<p>\u2013 \u00c5 drifte butikken p\u00e5 stedet ga deltakerne mulighet til \u00e5 tenke brukt f\u00f8rst, samtidig som vi fikk bidra med r\u00e5d og veiledning. Kjempeg\u00f8y \u00e5 f\u00e5 v\u00e6re med, sier Nielsen.<\/p>\n<p>N\u00e5 h\u00e5per de \u00e5 f\u00e5 vist at brukt ikke er s\u00e5 skummelt som mange tror, og at det er lov \u00e5 leke seg med interi\u00f8r.<\/p>\n<p>\u2013 Brukt er et meget godt alternativ. B\u00e5de for \u00e5 f\u00e5 et personlig uttrykk, men ogs\u00e5 for \u00e5 innrede til gull med mindre penger, sier Svendsen.<\/p>\n<p>\u00abFjellhytta\u00bb hadde premiere 4. august p\u00e5 TV 2 Play og TV 2 Direkte. Resirkula er med i programmet fra tirsdag 19. august og utover h\u00f8sten.<\/p>\n","protected":false},"excerpt":{"rendered":"\u2013 Det er s\u00e5 kult at Fjellhytta g\u00e5r foran og fremmer gjenbruk, sier leder for Resirkula, Maria S\u00e6tersdal&hellip;\n","protected":false},"author":2,"featured_media":12445,"comment_status":"","ping_status":"","sticky":false,"template":"","format":"standard","meta":{"footnotes":""},"categories":[58],"tags":[36,71,2461,1552,30,28,29,1435,1510,72],"class_list":{"0":"post-12444","1":"post","2":"type-post","3":"status-publish","4":"format-standard","5":"has-post-thumbnail","7":"category-underholdning","8":"tag-art","9":"tag-entertainment","10":"tag-fjellhytta","11":"tag-hamar","12":"tag-no","13":"tag-norge","14":"tag-norway","15":"tag-ringsaker","16":"tag-story","17":"tag-underholdning"},"share_on_mastodon":{"url":"","error":""},"_links":{"self":[{"href":"https:\/\/www.europesays.com\/no\/wp-json\/wp\/v2\/posts\/12444","targetHints":{"allow":["GET"]}}],"collection":[{"href":"https:\/\/www.europesays.com\/no\/wp-json\/wp\/v2\/posts"}],"about":[{"href":"https:\/\/www.europesays.com\/no\/wp-json\/wp\/v2\/types\/post"}],"author":[{"embeddable":true,"href":"https:\/\/www.europesays.com\/no\/wp-json\/wp\/v2\/users\/2"}],"replies":[{"embeddable":true,"href":"https:\/\/www.europesays.com\/no\/wp-json\/wp\/v2\/comments?post=12444"}],"version-history":[{"count":0,"href":"https:\/\/www.europesays.com\/no\/wp-json\/wp\/v2\/posts\/12444\/revisions"}],"wp:featuredmedia":[{"embeddable":true,"href":"https:\/\/www.europesays.com\/no\/wp-json\/wp\/v2\/media\/12445"}],"wp:attachment":[{"href":"https:\/\/www.europesays.com\/no\/wp-json\/wp\/v2\/media?parent=12444"}],"wp:term":[{"taxonomy":"category","embeddable":true,"href":"https:\/\/www.europesays.com\/no\/wp-json\/wp\/v2\/categories?post=12444"},{"taxonomy":"post_tag","embeddable":true,"href":"https:\/\/www.europesays.com\/no\/wp-json\/wp\/v2\/tags?post=12444"}],"curies":[{"name":"wp","href":"https:\/\/api.w.org\/{rel}","templated":true}]}}