{"id":124443,"date":"2025-12-30T05:55:10","date_gmt":"2025-12-30T05:55:10","guid":{"rendered":"https:\/\/www.europesays.com\/no\/124443\/"},"modified":"2025-12-30T05:55:10","modified_gmt":"2025-12-30T05:55:10","slug":"nar-rapporten-blir-viktigst","status":"publish","type":"post","link":"https:\/\/www.europesays.com\/no\/124443\/","title":{"rendered":"N\u00e5r rapporten blir viktigst"},"content":{"rendered":"<p>  Skepsisen \u00f8ker etter Russlands melding om et angrep mot Putins residens, og Trump m\u00f8ter kritikk for responsen.<\/p>\n<p>\n    HEVDER SEG ANGREPET: Russland hevder Ukraina fors\u00f8kte \u00e5 angripe Vladimir Putins residens i Novgorod. Foto: AP\/NTB\n  <\/p>\n<p>Mandag rykket Russland ut med sjokkerende anklager mot Ukraina. Kreml hevder Ukraina fors\u00f8kte \u00e5 angripe president\u00a0Vladimir Putins residens i Novgorod.\u00a0<\/p>\n<p>    <a itemprop=\"url\" href=\"https:\/\/www.dagbladet.no\/nyheter\/trump-tror-putin-ble-veldig-sint\/84037820\" rel=\"nofollow noopener\" target=\"_blank\"><\/p>\n<p>        <img loading=\"lazy\" decoding=\"async\" src=\"https:\/\/www.europesays.com\/no\/wp-content\/uploads\/2025\/12\/84037876.webp.webp\" width=\"980\" height=\"441\" title=\"Trump tror Putin: - Ble veldig sint\" alt=\"\" class=\"lazyload\" style=\"--aspect-ratio-image: 2.22; \"\/><\/p>\n<p>        Trump tror Putin: &#8211; Ble veldig sint<\/p>\n<p>    <\/a><\/p>\n<p>Men b\u00e5de Ukraina og en rekke eksperter s\u00e5r tvil om den russiske meldingen.\u00a0<\/p>\n<p>&#8211; Trump og Zelenskyj hadde et ganske godt m\u00f8te i g\u00e5r, og det skremte uten tvil Putin, sier tidligere USA-ambassad\u00f8r til Ukraina William Taylor til CNN.\u00a0<\/p>\n<p>Han er blant dem som ikke tror p\u00e5 Russlands melding.<\/p>\n<p>&#8211; Putin liker ikke \u00e5 se en slik enighet mellom amerikanerne, ukrainerne og europeerne. Og s\u00e5 h\u00f8rer man denne historien om et angrep p\u00e5 en residens som er sv\u00e6rt usannsynlig. Det er d\u00e5rlig timing. Etter mitt syn skjedde det ikke, sier Taylor til CNN natt til tirsdag.\u00a0<\/p>\n<p>Han peker p\u00e5 en rekke andre ganger Putin har l\u00f8yet til mediene.<\/p>\n<p>&#8211; Putin lyver. S\u00e5 mitt tips er at dette h\u00f8rer hjemme i samme kategori, sier Taylor.\u00a0<\/p>\n<p>Da Dagbladet <a href=\"https:\/\/www.dagbladet.no\/nyheter\/trump-tror-putin-ble-veldig-sint\/84037820\" rel=\"nofollow noopener\" target=\"_blank\">mandag kveld<\/a> snakket med pensjonert generall\u00f8ytnant og tidligere OSSE-observat\u00f8r i det russiskokkuperte Donbas, Arne B\u00e5rd Dalhaug, mente ogs\u00e5 han at det var usannsynlig at de russiske p\u00e5standene stemte.<\/p>\n<p>        Statskontrollerte russiske medier hevder at Ukraina har angrepet Vladimir Putins residens i Novgorod med langtrekkende 91 droner. Ukraina benekter dette. <\/p>\n<p>Det er s\u00e5 langt ingen\u00a0uavhengige kilder som har bekreftet Russlands informasjon.\u00a0<\/p>\n<p> USAs president Donald Trump viste seg derimot mer tilb\u00f8yelig til \u00e5 tro p\u00e5 den russiske versjonen. Han fikk nemlig beskjeden direkte fra president Putin tidligere mandag. <\/p>\n<p>&#8211; Dette er ikke riktig tidspunkt. Jeg ble veldig sint, sa Trump.<\/p>\n<p>En reporter utfordret Trump og spurte om amerikansk etterretning hadde noe informasjon om angrepet eller om\u00a0Putin\u00a0la fram noe bevis.<\/p>\n<p>&#8211; Det er vel mulig angrepet ikke skjedde. Jeg vet ikke, men\u00a0Putin\u00a0fortalte meg at det skjedde, svarte Trump.<\/p>\n<p>Trumps svar falt ikke i god jord hos partifelle Don Bacon. I en melding p\u00e5 <a href=\"https:\/\/x.com\/RepDonBacon\/status\/2005723037321290079?s=20\" rel=\"nofollow\">X<\/a> skriver han:\u00a0<\/p>\n<p>&#8211; President Trump og hans team b\u00f8r f\u00f8rst f\u00e5 fakta p\u00e5 bordet f\u00f8r de peker p\u00e5 skyld. Putin er en velkjent og grov l\u00f8gner. <\/p>\n<p>Han utdyper i et intervju med CNN:<\/p>\n<p>&#8211; Jeg forst\u00e5r ikke hvordan denne presidenten kan v\u00e6re s\u00e5 blind for hvem Putin er. President Trump har, etter min mening, gjort en god jobb n\u00e5r det gjelder Israel og Iran. Men p\u00e5 Ukraina har han v\u00e6rt sv\u00e6rt d\u00e5rlig. Det er en moralsk blindhet her, en moralsk uklarhet. Jeg forst\u00e5r det ikke, sier Bacon.\u00a0<\/p>\n<p>Innad i Russland er det imidlertid ingen tvil om angrepene og utenriksminister Sergej Lavrov lover hevn.\u00a0<\/p>\n<p>    <a itemprop=\"url\" href=\"https:\/\/www.dagbladet.no\/nyheter\/brot-ut-i-latter-absurd\/84038979\" rel=\"nofollow noopener\" target=\"_blank\"><\/p>\n<p>        <img loading=\"lazy\" decoding=\"async\" src=\"https:\/\/www.europesays.com\/no\/wp-content\/uploads\/2025\/12\/84039008.webp.webp\" width=\"980\" height=\"441\" title=\"Br\u00f8t ut i latter: - Absurd\" alt=\"\" class=\"lazyload\" style=\"--aspect-ratio-image: 2.22; \"\/><\/p>\n<p>        Br\u00f8t ut i latter: &#8211; Absurd<\/p>\n<p>    <\/a><\/p>\n<p>&#8211; Slike hensynsl\u00f8se handlinger vil ikke forbli ubesvart. M\u00e5lene for gjengjeldelsesangrepene og tidspunktet for gjennomf\u00f8ringen er fastsatt av de russiske v\u00e6pnede styrkene, sa Russlands utenriksminister Sergej Lavrov, uten \u00e5 gi detaljer om de p\u00e5st\u00e5tte angrepene, if\u00f8lge NBC News. <\/p>\n<p>If\u00f8lge Lavrov skal Ukraina ha fors\u00f8kt \u00e5 angripe Putins residens i Novgorod-regionen med 91 droner, som russiske styrker skal ha skutt ned. Han sa ikke noe om hvorvidt Putin skal ha v\u00e6rt i boligen p\u00e5 tidspunktet.<\/p>\n","protected":false},"excerpt":{"rendered":"Skepsisen \u00f8ker etter Russlands melding om et angrep mot Putins residens, og Trump m\u00f8ter kritikk for responsen. HEVDER&hellip;\n","protected":false},"author":2,"featured_media":124444,"comment_status":"","ping_status":"","sticky":false,"template":"","format":"standard","meta":{"footnotes":""},"categories":[12],"tags":[20,21,24,25,15,8158,22,23,4129,156,13,30,28,29,14,16,26,27,14703,42,43,44,45],"class_list":{"0":"post-124443","1":"post","2":"type-post","3":"status-publish","4":"format-standard","5":"has-post-thumbnail","7":"category-verden","8":"tag-breaking-news","9":"tag-breakingnews","10":"tag-featured-news","11":"tag-featurednews","12":"tag-headlines","13":"tag-helsetilsynet","14":"tag-latest-news","15":"tag-latestnews","16":"tag-leder1","17":"tag-meninger","18":"tag-news","19":"tag-no","20":"tag-norge","21":"tag-norway","22":"tag-nyheter","23":"tag-overskrifter","24":"tag-top-stories","25":"tag-topstories","26":"tag-ukom","27":"tag-verden","28":"tag-world","29":"tag-world-news","30":"tag-worldnews"},"share_on_mastodon":{"url":"https:\/\/pubeurope.com\/@no\/115806976271829712","error":""},"_links":{"self":[{"href":"https:\/\/www.europesays.com\/no\/wp-json\/wp\/v2\/posts\/124443","targetHints":{"allow":["GET"]}}],"collection":[{"href":"https:\/\/www.europesays.com\/no\/wp-json\/wp\/v2\/posts"}],"about":[{"href":"https:\/\/www.europesays.com\/no\/wp-json\/wp\/v2\/types\/post"}],"author":[{"embeddable":true,"href":"https:\/\/www.europesays.com\/no\/wp-json\/wp\/v2\/users\/2"}],"replies":[{"embeddable":true,"href":"https:\/\/www.europesays.com\/no\/wp-json\/wp\/v2\/comments?post=124443"}],"version-history":[{"count":0,"href":"https:\/\/www.europesays.com\/no\/wp-json\/wp\/v2\/posts\/124443\/revisions"}],"wp:featuredmedia":[{"embeddable":true,"href":"https:\/\/www.europesays.com\/no\/wp-json\/wp\/v2\/media\/124444"}],"wp:attachment":[{"href":"https:\/\/www.europesays.com\/no\/wp-json\/wp\/v2\/media?parent=124443"}],"wp:term":[{"taxonomy":"category","embeddable":true,"href":"https:\/\/www.europesays.com\/no\/wp-json\/wp\/v2\/categories?post=124443"},{"taxonomy":"post_tag","embeddable":true,"href":"https:\/\/www.europesays.com\/no\/wp-json\/wp\/v2\/tags?post=124443"}],"curies":[{"name":"wp","href":"https:\/\/api.w.org\/{rel}","templated":true}]}}