{"id":124453,"date":"2025-12-30T06:25:12","date_gmt":"2025-12-30T06:25:12","guid":{"rendered":"https:\/\/www.europesays.com\/no\/124453\/"},"modified":"2025-12-30T06:25:12","modified_gmt":"2025-12-30T06:25:12","slug":"svommehall-tonsberg-ma-stenge-svommehallen","status":"publish","type":"post","link":"https:\/\/www.europesays.com\/no\/124453\/","title":{"rendered":"Sv\u00f8mmehall, T\u00f8nsberg | M\u00e5 stenge sv\u00f8mmehallen"},"content":{"rendered":"\n<p>T\u00f8nsberg sv\u00f8mmehall holdes stengt tirsdag 30. desember. \u00c5rsaken er at det ble oppdaget for h\u00f8ye forekomster av legionella-bakterier.<\/p>\n<p><b>\u2013 Anlegget holdes stengt for \u00e5 ivareta helse og sikkerhet mens vi gjennomf\u00f8rer n\u00f8dvendige tiltak, opplyser kommunen p\u00e5 sin hjemmeside.<\/b><\/p>\n<p>\u2013 Vi beklager ulempen dette medf\u00f8rer, og jobber for \u00e5 gjen\u00e5pne anlegget s\u00e5 snart det er trygt, legger de til.<\/p>\n<p>Ikke f\u00f8rste gang<\/p>\n<p>Akkurat n\u00e5r dette blir, er forel\u00f8pig for tidlig \u00e5 si.<\/p>\n<p><b>\u2013 Det vet vi dessverre ikke enda. Vi m\u00e5 v\u00e6re sikre p\u00e5 at pr\u00f8vene er fine og at det er trygt \u00e5 benytte sv\u00f8mmehallen f\u00f8r vi \u00e5pner igjen, melder kommunen.<\/b><\/p>\n<p>Ogs\u00e5 tidligere i 2025 har legionella skapt problemer i sv\u00f8mmehallen. I januar ble hallen stengt med umiddelbar virkning etter at det ble gjort funn av bakterier i flere vannpr\u00f8ver.<\/p>\n<p>Den gangen m\u00e5tte hallen holde stengt i over en m\u00e5ned f\u00f8r de kunne \u00e5pne d\u00f8rene igjen.<\/p>\n<p>  <a href=\"https:\/\/www.tb.no\/5-76-2512562\" class=\"related-teaser has-image default-story-teaser article--c-eRUmMG article--c-eRUmMG-jKCPdD-design-default\" rel=\"nofollow noopener\" target=\"_blank\"><\/p>\n<p>    <img decoding=\"async\" loading=\"lazy\"  src=\"https:\/\/www.europesays.com\/no\/wp-content\/uploads\/2025\/12\/5_76_1878765_Sv_mmehall.jfif.jpeg\" alt=\"\" class=\"brick-c-cFOWSL\" style=\"\"\/><\/p>\n<p>\n            Les ogs\u00e5<\/p>\n<p>              Stenger sv\u00f8mmehallen\n        <\/p>\n<p>  <\/a><\/p>\n<p>  <a href=\"https:\/\/www.tb.no\/5-76-2530532\" class=\"related-teaser has-image default-story-teaser article--c-eRUmMG article--c-eRUmMG-jKCPdD-design-default\" rel=\"nofollow noopener\" target=\"_blank\"><\/p>\n<p>    <img decoding=\"async\" loading=\"lazy\"  src=\"https:\/\/www.europesays.com\/no\/wp-content\/uploads\/2025\/12\/5_76_2060864+1461926920979.jpg\" alt=\"\" class=\"brick-c-cFOWSL\" style=\"\"\/><\/p>\n<p>\n            Les ogs\u00e5<\/p>\n<p>              Ny kalddusj for sv\u00f8mmehallen: \u2013 Kan ikke si noe sikkert om hvor lang tid det vil ta\n        <\/p>\n<p>  <\/a><\/p>\n<p>  <a href=\"https:\/\/www.tb.no\/5-76-2535030\" class=\"related-teaser has-image default-story-teaser article--c-eRUmMG article--c-eRUmMG-jKCPdD-design-default\" rel=\"nofollow noopener\" target=\"_blank\"><\/p>\n<p>    <img decoding=\"async\" loading=\"lazy\"  src=\"https:\/\/www.europesays.com\/no\/wp-content\/uploads\/2025\/12\/svommehall.jpg\" alt=\"\" class=\"brick-c-cFOWSL\" style=\"\"\/><\/p>\n<p>\n            Les ogs\u00e5<\/p>\n<p>              Vinterferieglede: N\u00e5 \u00e5pner sv\u00f8mmehallen\n        <\/p>\n<p>  <\/a><\/p>\n","protected":false},"excerpt":{"rendered":"T\u00f8nsberg sv\u00f8mmehall holdes stengt tirsdag 30. desember. \u00c5rsaken er at det ble oppdaget for h\u00f8ye forekomster av legionella-bakterier.&hellip;\n","protected":false},"author":2,"featured_media":124454,"comment_status":"","ping_status":"","sticky":false,"template":"","format":"standard","meta":{"footnotes":""},"categories":[5],"tags":[36,20,21,24,25,15,19,22,23,14706,17,18,13,30,28,29,14,16,1510,14704,26,27,431,14705],"class_list":{"0":"post-124453","1":"post","2":"type-post","3":"status-publish","4":"format-standard","5":"has-post-thumbnail","7":"category-overskrifter","8":"tag-art","9":"tag-breaking-news","10":"tag-breakingnews","11":"tag-featured-news","12":"tag-featurednews","13":"tag-headlines","14":"tag-hovedoppslag","15":"tag-latest-news","16":"tag-latestnews","17":"tag-legionella","18":"tag-main-news","19":"tag-mainnews","20":"tag-news","21":"tag-no","22":"tag-norge","23":"tag-norway","24":"tag-nyheter","25":"tag-overskrifter","26":"tag-story","27":"tag-svommehall","28":"tag-top-stories","29":"tag-topstories","30":"tag-tonsberg","31":"tag-tonsberg-svommehall"},"share_on_mastodon":{"url":"https:\/\/pubeurope.com\/@no\/115807094227695376","error":""},"_links":{"self":[{"href":"https:\/\/www.europesays.com\/no\/wp-json\/wp\/v2\/posts\/124453","targetHints":{"allow":["GET"]}}],"collection":[{"href":"https:\/\/www.europesays.com\/no\/wp-json\/wp\/v2\/posts"}],"about":[{"href":"https:\/\/www.europesays.com\/no\/wp-json\/wp\/v2\/types\/post"}],"author":[{"embeddable":true,"href":"https:\/\/www.europesays.com\/no\/wp-json\/wp\/v2\/users\/2"}],"replies":[{"embeddable":true,"href":"https:\/\/www.europesays.com\/no\/wp-json\/wp\/v2\/comments?post=124453"}],"version-history":[{"count":0,"href":"https:\/\/www.europesays.com\/no\/wp-json\/wp\/v2\/posts\/124453\/revisions"}],"wp:featuredmedia":[{"embeddable":true,"href":"https:\/\/www.europesays.com\/no\/wp-json\/wp\/v2\/media\/124454"}],"wp:attachment":[{"href":"https:\/\/www.europesays.com\/no\/wp-json\/wp\/v2\/media?parent=124453"}],"wp:term":[{"taxonomy":"category","embeddable":true,"href":"https:\/\/www.europesays.com\/no\/wp-json\/wp\/v2\/categories?post=124453"},{"taxonomy":"post_tag","embeddable":true,"href":"https:\/\/www.europesays.com\/no\/wp-json\/wp\/v2\/tags?post=124453"}],"curies":[{"name":"wp","href":"https:\/\/api.w.org\/{rel}","templated":true}]}}