{"id":124505,"date":"2025-12-30T08:08:11","date_gmt":"2025-12-30T08:08:11","guid":{"rendered":"https:\/\/www.europesays.com\/no\/124505\/"},"modified":"2025-12-30T08:08:11","modified_gmt":"2025-12-30T08:08:11","slug":"svaert-lite-publikum-i-tour-de-ski-litt-vel-stusslig","status":"publish","type":"post","link":"https:\/\/www.europesays.com\/no\/124505\/","title":{"rendered":"Sv\u00e6rt lite publikum i Tour de Ski: \u2013 Litt vel stusslig"},"content":{"rendered":"\n<p class=\"_lead_o9xde_2 _lead_xtcu6_50 layout-component text-serif-m layout-normal text-serif-l layout-component layout-wide layout-padded _wide_17hqh_1 layout-padded\">Knapt 50 tilskuere sto i m\u00e5lomr\u00e5det p\u00e5 kvinnenes 10 km i Toblach under Tour de Ski.<\/p>\n<p><img alt=\"Slik s\u00e5 det ut langs m\u00e5lomr\u00e5det da de beste ut\u00f8verne kom i m\u00e5l. Rundt 30 tilskuere ved m\u00e5llinjen.  Foto: Herman Folvik, VG\" class=\"_image_qp4xg_65 layout-component layout-wide\" data-fullscreen- data-track-element-type=\"Article image fullscreen\" data-track-name=\"ImageFullscreen\" fetchpriority=\"high\" decoding=\"sync\" loading=\"eager\" height=\"4284\" itemprop=\"image\"  src=\"https:\/\/www.europesays.com\/no\/wp-content\/uploads\/2025\/12\/d21f175c-5412-4ea2-8fd1-efba55bfd62a.jpeg\"  style=\"object-position:0% 0%\" width=\"5712\"\/>Slik s\u00e5 det ut langs m\u00e5lomr\u00e5det da de beste ut\u00f8verne kom i m\u00e5l. Rundt 30 tilskuere ved m\u00e5llinjen.  Foto: Herman Folvik, VG<\/p>\n<ul aria-hidden=\"true\" class=\"_images_ntbth_112\">\n<li><a class=\"_link_ntbth_117\" href=\"https:\/\/www.vg.no\/forfatter\/herman-folvik\" style=\"z-index:2\" title=\"Herman Folvik\" rel=\"nofollow noopener\" target=\"_blank\"><img alt=\"Bilde av Herman Folvik\" class=\"_image_ntbth_93\" fetchpriority=\"low\" loading=\"lazy\" decoding=\"async\" itemprop=\"image\"  src=\"https:\/\/www.europesays.com\/no\/wp-content\/uploads\/2025\/12\/1767082090_283_b8d5eb91-9fa9-460c-b9f0-da310ffe35dd.png\"  width=\"480\"\/><\/a><\/li>\n<li><a class=\"_link_ntbth_117\" href=\"https:\/\/www.vg.no\/forfatter\/mikal-aaserud\" style=\"z-index:1\" title=\"Mikal Emil Aaserud\" rel=\"nofollow noopener\" target=\"_blank\"><img alt=\"Bilde av Mikal Emil Aaserud\" class=\"_image_ntbth_93\" fetchpriority=\"low\" loading=\"lazy\" decoding=\"async\" itemprop=\"image\"  src=\"https:\/\/www.europesays.com\/no\/wp-content\/uploads\/2025\/12\/1767082091_401_1f4bb18c-b7b1-46ba-9b49-79ae6afd7bbd.jpeg\"  width=\"480\"\/><\/a><\/li>\n<\/ul>\n<p>Toblach, Italia.  Oppdatert tirsdag 30. desember kl. 08:12    <\/p>\n<ul class=\"_list_o9xde_3 _list_64s2r_85 _unordered_o9xde_106 text-sans-m\">\n<li class=\"_item_o9xde_30\">Knapt 50 tilskuere var i m\u00e5lomr\u00e5det under kvinnenes 10 km i Toblach.<\/li>\n<li class=\"_item_o9xde_30\">Vinneren Astrid \u00d8yre Slind pekte p\u00e5 kulden, som kan forklare det lave oppm\u00f8tet.<\/li>\n<li class=\"_item_o9xde_30\">Totalt var det kanskje mellom 100 og 200 publikummere p\u00e5 stadion.<\/li>\n<li class=\"_item_o9xde_30\">Ebba Andersson er fortvilet over den lave interessen.<\/li>\n<\/ul>\n<p>Vis mer <\/p>\n<p class=\"_paragraph_o9xde_4 _paragraph_xtcu6_10 layout-component text-serif-m layout-normal text-serif-m layout-padded\">\u2013 Jeg kjenner det er bikkjekaldt, jeg vil inn selv. S\u00e5 jeg skj\u00f8nner at det ikke er s\u00e5 mange her, sier Astrid \u00d8yre Slind som v<a href=\"https:\/\/www.vg.no\/sport\/i\/8pmvzW\/rystende-svenskesmell-da-oeyre-slind-seiret-skal-ikke-vaere-mulig\" data-track-element-type=\"Link\" data-track-id=\"link:8pmvzW\" class=\"_link_o9xde_39\" rel=\"nofollow noopener\" target=\"_blank\">ant l\u00f8pet foran Teresa Stadlober og Jessie Diggins. <\/a><\/p>\n<p class=\"_paragraph_o9xde_4 _paragraph_xtcu6_10 layout-component text-serif-m layout-normal text-serif-m layout-padded\">Mens favorittene Frida Karlsson, Astrid \u00d8yre Slind, Heidi Weng og Ebba Andersson gikk ut p\u00e5 rekke og rad kunne VG telle rundt 35 personer som fulgte l\u00f8pet p\u00e5 omr\u00e5det der det er mest folk i Toblach. <\/p>\n<p>Tour de Ski, 2 av 6 etapper:<\/p>\n<ol class=\"_list_o9xde_3 _list_xtcu6_9 _list_16v91_9 _ordered_o9xde_79 layout-component text-serif-m layout-normal text-sans-m layout-padded\">\n<li class=\"_item_o9xde_30\">Jessie Diggins 27.45 minutter<\/li>\n<li class=\"_item_o9xde_30\">Astrid \u00d8yre Slind +39 sekunder<\/li>\n<li class=\"_item_o9xde_30\">Coletta Rydzek +45 sekunder<\/li>\n<li class=\"_item_o9xde_30\">Teresa Stadlober +52 sekunder<\/li>\n<li class=\"_item_o9xde_30\">Moa Ilar +53 sekunder<\/li>\n<li class=\"_item_o9xde_30\">Maja Dahlqvist +1,01 minutt<\/li>\n<li class=\"_item_o9xde_30\">Jasmi Joensuu +1,10 minutt<\/li>\n<li class=\"_item_o9xde_30\">Nadine F\u00e4hndrich +1,12 minutt<\/li>\n<li class=\"_item_o9xde_30\">Emma Ribom +1,16 minutt<\/li>\n<li class=\"_item_o9xde_30\">Kerttu Niskanen +1,18 minutt<\/li>\n<li class=\"_item_o9xde_30\">Frida Karlsson +1,22 minutt<\/li>\n<li class=\"_item_o9xde_30\">Julie Bjervig Drivenes +1,28 minutt<\/li>\n<\/ol>\n<p>Vis mer<img alt=\"Dette bildet ble tatt i minuttene Frida Karlsson, Astrid \u00d8yre Slind, Heidi Weng og Ebba Andersson gikk ut av startomr\u00e5det.   Foto: Herman Folvik\" class=\"_image_qp4xg_65 layout-component layout-normal\" data-fullscreen- data-track-element-type=\"Article image fullscreen\" data-track-name=\"ImageFullscreen\" decoding=\"async\" loading=\"lazy\" height=\"4284\" itemprop=\"image\"  src=\"https:\/\/www.europesays.com\/no\/wp-content\/uploads\/2025\/12\/d8812929-3024-4db8-9716-9877d91711e4.png\"  style=\"object-position:0% 0%\" width=\"5712\"\/>Dette bildet ble tatt i minuttene Frida Karlsson, Astrid \u00d8yre Slind, Heidi Weng og Ebba Andersson gikk ut av startomr\u00e5det.   Foto: Herman Folvik<\/p>\n<p class=\"_paragraph_o9xde_4 _paragraph_xtcu6_10 layout-component text-serif-m layout-normal text-serif-m layout-padded\">La oss ansl\u00e5 at det totalt p\u00e5 stadionomr\u00e5det var et sted mellom 100 og 200 publikummere. <\/p>\n<p class=\"_paragraph_o9xde_4 _paragraph_xtcu6_10 layout-component text-serif-m layout-normal text-serif-m layout-padded\">\u2013 Det var litt vel stusslig, sier Ebba Andersson og legger til:<\/p>\n<p class=\"_paragraph_o9xde_4 _paragraph_xtcu6_10 layout-component text-serif-m layout-normal text-serif-m layout-padded\">\u2013 Man \u00f8nsker jo at det er en st\u00f8rre interesse n\u00e5r det er et av sesongens h\u00f8ydepunkter. <\/p>\n<p class=\"_paragraph_o9xde_4 _paragraph_xtcu6_10 layout-component text-serif-m layout-normal text-serif-m layout-padded\">L\u00f8pet begynte klokken 14.45, etter at solen hadde g\u00e5tt ned i italienske Toblach denne mandagen i romjulen. Herrene gikk mens det str\u00e5lende solskinnet varmet og det var nok en anelse flere folk, men alt annet enn noe som kan kalles en publikumsfest. <\/p>\n<p class=\"_paragraph_o9xde_4 _paragraph_xtcu6_10 layout-component text-serif-m layout-normal text-serif-m layout-padded\">\u2013 Jeg tror vi er ganske vant til det, jeg har ikke tenkt p\u00e5 det, sier Moa Ilar.<\/p>\n<p class=\"_paragraph_o9xde_4 _paragraph_xtcu6_10 layout-component text-serif-m layout-normal text-serif-m layout-padded\">I denne videoen kan man se publikumsoppm\u00f8te under \u00e5pningsetappen s\u00f8ndag. <\/p>\n<p class=\"_paragraph_o9xde_4 _paragraph_xtcu6_10 layout-component text-serif-m layout-normal text-serif-m layout-padded\">Kort tid etter m\u00e5lgang ba VG svenske Frida Karlsson om \u00e5 snu seg og se p\u00e5 oppm\u00f8tet. <\/p>\n<p class=\"_paragraph_o9xde_4 _paragraph_xtcu6_10 layout-component text-serif-m layout-normal text-serif-m layout-padded\">\u2013 Er det trist?<\/p>\n<p class=\"_paragraph_o9xde_4 _paragraph_xtcu6_10 layout-component text-serif-m layout-normal text-serif-m layout-padded\">\u2013 Litt, jeg liker publikum.<\/p>\n<p class=\"_paragraph_o9xde_4 _paragraph_xtcu6_10 layout-component text-serif-m layout-normal text-serif-m layout-padded\">Det bor ikke mer enn rundt 3500 mennesker i Toblach. I omr\u00e5det Pustertal er det rundt 80.000. Val di Fiemme, som skal huse langrenn under OL om en m\u00e5neds tid, er to timer kj\u00f8ring unna.\u00a0<\/p>\n<p class=\"_paragraph_o9xde_4 _paragraph_xtcu6_10 layout-component text-serif-m layout-normal text-serif-m layout-padded\">OL-stadionene Anterselva (skiskyting) og Cortina (alpint) ligger en halvtime vekk.<\/p>\n<p class=\"_paragraph_o9xde_4 _paragraph_xtcu6_10 layout-component text-serif-m layout-normal text-serif-m layout-padded\">30. desember er det hviledag i Tour de Ski. Nytt\u00e5rsaften venter 5 kilometer.<\/p>\n","protected":false},"excerpt":{"rendered":"Knapt 50 tilskuere sto i m\u00e5lomr\u00e5det p\u00e5 kvinnenes 10 km i Toblach under Tour de Ski. Slik s\u00e5&hellip;\n","protected":false},"author":2,"featured_media":124506,"comment_status":"","ping_status":"","sticky":false,"template":"","format":"standard","meta":{"footnotes":""},"categories":[5],"tags":[20,21,24,25,15,19,398,22,23,17,18,13,30,28,29,14,16,26,27,12662,399],"class_list":{"0":"post-124505","1":"post","2":"type-post","3":"status-publish","4":"format-standard","5":"has-post-thumbnail","7":"category-overskrifter","8":"tag-breaking-news","9":"tag-breakingnews","10":"tag-featured-news","11":"tag-featurednews","12":"tag-headlines","13":"tag-hovedoppslag","14":"tag-langrenn","15":"tag-latest-news","16":"tag-latestnews","17":"tag-main-news","18":"tag-mainnews","19":"tag-news","20":"tag-no","21":"tag-norge","22":"tag-norway","23":"tag-nyheter","24":"tag-overskrifter","25":"tag-top-stories","26":"tag-topstories","27":"tag-tour-de-ski","28":"tag-vintersport"},"share_on_mastodon":{"url":"https:\/\/pubeurope.com\/@no\/115807499453230545","error":""},"_links":{"self":[{"href":"https:\/\/www.europesays.com\/no\/wp-json\/wp\/v2\/posts\/124505","targetHints":{"allow":["GET"]}}],"collection":[{"href":"https:\/\/www.europesays.com\/no\/wp-json\/wp\/v2\/posts"}],"about":[{"href":"https:\/\/www.europesays.com\/no\/wp-json\/wp\/v2\/types\/post"}],"author":[{"embeddable":true,"href":"https:\/\/www.europesays.com\/no\/wp-json\/wp\/v2\/users\/2"}],"replies":[{"embeddable":true,"href":"https:\/\/www.europesays.com\/no\/wp-json\/wp\/v2\/comments?post=124505"}],"version-history":[{"count":0,"href":"https:\/\/www.europesays.com\/no\/wp-json\/wp\/v2\/posts\/124505\/revisions"}],"wp:featuredmedia":[{"embeddable":true,"href":"https:\/\/www.europesays.com\/no\/wp-json\/wp\/v2\/media\/124506"}],"wp:attachment":[{"href":"https:\/\/www.europesays.com\/no\/wp-json\/wp\/v2\/media?parent=124505"}],"wp:term":[{"taxonomy":"category","embeddable":true,"href":"https:\/\/www.europesays.com\/no\/wp-json\/wp\/v2\/categories?post=124505"},{"taxonomy":"post_tag","embeddable":true,"href":"https:\/\/www.europesays.com\/no\/wp-json\/wp\/v2\/tags?post=124505"}],"curies":[{"name":"wp","href":"https:\/\/api.w.org\/{rel}","templated":true}]}}