{"id":124518,"date":"2025-12-30T08:22:11","date_gmt":"2025-12-30T08:22:11","guid":{"rendered":"https:\/\/www.europesays.com\/no\/124518\/"},"modified":"2025-12-30T08:22:11","modified_gmt":"2025-12-30T08:22:11","slug":"donerer-50-000-til-aksjonen-forsvar-laerdal-sjukehus-det-er-heilt-overveldande-sogn-avis","status":"publish","type":"post","link":"https:\/\/www.europesays.com\/no\/124518\/","title":{"rendered":"Donerer 50 000 til aksjonen Forsvar L\u00e6rdal sjukehus: \u2013 Det er heilt overveldande &#8211; Sogn Avis"},"content":{"rendered":"<ol>\n<li><a href=\"https:\/\/news.google.com\/rss\/articles\/CBMiuAFBVV95cUxQWGRzTzRncDVsZnF1Sk9yU0pQVDdvREpockFZMkhPZ3FaZ0d2WXVvTXIwTFVJUGJ5S2NYVHJLazl2X0p1NlZkZTkyV1ltdGlzQUs0aTZVYkRTVmRqWVV0Zzg5cm1nNTluVF9naG1BN0VabDRqMjgwb3M3S1RPX3hPLUxDQXlEWnliWGo5Y0h1ZWVkckJjcndSZWQtZW5XcEo1N3VzM0MtQjJXS3l1dUpBZFQyQ2hYUzdN?oc=5\" target=\"_blank\" rel=\"nofollow noopener\">Donerer 50 000 til aksjonen Forsvar L\u00e6rdal sjukehus: \u2013 Det er heilt overveldande<\/a>&nbsp;&nbsp;Sogn Avis<\/li>\n<li><a href=\"https:\/\/news.google.com\/rss\/articles\/CBMihgFBVV95cUxPUmFFZnhYMTZiN0lCdUt6OFNSbHNuMmVPdW41NDN5NkZEbm00WDk1S1Mwd3o0ZUFHbl9zRV9vc1ZvM0JtNUE3ZnAzRXhfcHNJcUlmcS1VNnBlMkxpMnlXTFBVVWN2NlRZcExvXzhDWXZNUl9KdGhCOF9GaXBjRTlmLUNXcmxnZw?oc=5\" target=\"_blank\" rel=\"nofollow noopener\">Siglar Helse F\u00f8rde under falskt flagg?<\/a>&nbsp;&nbsp;Porten.no<\/li>\n<li><a href=\"https:\/\/news.google.com\/rss\/articles\/CBMiigFBVV95cUxPcTJ6S0Fwa3Y3V3ljeEg2V0prUW8xTV83QjJ0MGhOc1F6VHFuX2cwNndWN2E5cUNZRnBVeFRPSnNDNHhfQW5vNF9DVDR6bWc3d2FKX2FBVEs2X3haSzlzdWhMaU5SbjF4WUx3aVVxdTY5bFo5c3FCVm9uY0pCajY3b1pzTmJQNXF4ZFE?oc=5\" target=\"_blank\" rel=\"nofollow noopener\">Styret i Helse F\u00f8rde b\u00f8r dra i naudbremsen<\/a>&nbsp;&nbsp;Sogn Avis<\/li>\n<li><a href=\"https:\/\/news.google.com\/rss\/articles\/CBMipAFBVV95cUxPVmZKNVV6cFZ3alRoNXUtOTZzckNtY0o5eEU4TnZzYm56NktMNUJwTjZQRDMzYjJ2RmpTZlRCanE2N2lPbjhMaktFV0VpTEU2MENzNWhYQWt2RTNXX3BGel8xVWVOVUx6MXp5VHFGMVA2NXJhdFNVcWpoSGtRVUcwQU9KQ0RYVWJDMFFRYk80d2pSUTFJeUYzZkZXM2R5RjZrakVzUA?oc=5\" target=\"_blank\" rel=\"nofollow noopener\">L\u00e6rdal, Helse | \u2013 Eg stod der i vindauget og tenkte korleis har dei det der oppe<\/a>&nbsp;&nbsp;Sogn Avis<\/li>\n<li><a href=\"https:\/\/news.google.com\/rss\/articles\/CBMi-wFBVV95cUxQaXY5Mm5MRGF6UXhTeFY2dzJHZ1FidlJHdVFZTldGMkJDalVfVEdZSlFCa3pyS3N2RzhDcXZKcDhINzN4dUpZWVdiTlFvRTI1bEpBVkxxZjFmbndqbnkzc01PVzhQd3hYbUJmc3FxaGNybnpzWEhxMDlxampnaExhdllxN0NhTldEcGhEaVgyN0xXTlBYVG5JUDBYc01IX2J3Mi02bklZdUJFQ09hYmVBaTdlSzJpNnFLamI4bnVYeXZkLU4wRDRjUnhsQ3NtYVpRZFpMXzB2bnR4cHpmZUlYM1I2akhaeUpGVFJ4RE5PdFM3dnRuTnktd09aUQ?oc=5\" target=\"_blank\" rel=\"nofollow noopener\">Operasjonen til Torunn blei avlyst igjen og igjen: \u2013 Folk ventar opp i mot to \u00e5r i dag. Korleis blir det n\u00e5r dei legg ned L\u00e6rdal d\u00e5?<\/a>&nbsp;&nbsp;Sogn Avis<\/li>\n<\/ol>\n","protected":false},"excerpt":{"rendered":"Donerer 50 000 til aksjonen Forsvar L\u00e6rdal sjukehus: \u2013 Det er heilt overveldande&nbsp;&nbsp;Sogn Avis Siglar Helse F\u00f8rde under&hellip;\n","protected":false},"author":2,"featured_media":124519,"comment_status":"","ping_status":"","sticky":false,"template":"","format":"standard","meta":{"footnotes":""},"categories":[5],"tags":[20,21,24,25,15,19,22,23,17,18,13,30,28,29,14,16,26,27],"class_list":{"0":"post-124518","1":"post","2":"type-post","3":"status-publish","4":"format-standard","5":"has-post-thumbnail","7":"category-overskrifter","8":"tag-breaking-news","9":"tag-breakingnews","10":"tag-featured-news","11":"tag-featurednews","12":"tag-headlines","13":"tag-hovedoppslag","14":"tag-latest-news","15":"tag-latestnews","16":"tag-main-news","17":"tag-mainnews","18":"tag-news","19":"tag-no","20":"tag-norge","21":"tag-norway","22":"tag-nyheter","23":"tag-overskrifter","24":"tag-top-stories","25":"tag-topstories"},"share_on_mastodon":{"url":"https:\/\/pubeurope.com\/@no\/115807554290421517","error":""},"_links":{"self":[{"href":"https:\/\/www.europesays.com\/no\/wp-json\/wp\/v2\/posts\/124518","targetHints":{"allow":["GET"]}}],"collection":[{"href":"https:\/\/www.europesays.com\/no\/wp-json\/wp\/v2\/posts"}],"about":[{"href":"https:\/\/www.europesays.com\/no\/wp-json\/wp\/v2\/types\/post"}],"author":[{"embeddable":true,"href":"https:\/\/www.europesays.com\/no\/wp-json\/wp\/v2\/users\/2"}],"replies":[{"embeddable":true,"href":"https:\/\/www.europesays.com\/no\/wp-json\/wp\/v2\/comments?post=124518"}],"version-history":[{"count":0,"href":"https:\/\/www.europesays.com\/no\/wp-json\/wp\/v2\/posts\/124518\/revisions"}],"wp:featuredmedia":[{"embeddable":true,"href":"https:\/\/www.europesays.com\/no\/wp-json\/wp\/v2\/media\/124519"}],"wp:attachment":[{"href":"https:\/\/www.europesays.com\/no\/wp-json\/wp\/v2\/media?parent=124518"}],"wp:term":[{"taxonomy":"category","embeddable":true,"href":"https:\/\/www.europesays.com\/no\/wp-json\/wp\/v2\/categories?post=124518"},{"taxonomy":"post_tag","embeddable":true,"href":"https:\/\/www.europesays.com\/no\/wp-json\/wp\/v2\/tags?post=124518"}],"curies":[{"name":"wp","href":"https:\/\/api.w.org\/{rel}","templated":true}]}}